{"id":292,"date":"2016-05-02T16:25:22","date_gmt":"2016-05-02T14:25:22","guid":{"rendered":"http:\/\/5.45.101.177\/haut-allier\/usagers-transportse\/index.php\/2016\/05\/02\/les-trains-cevenol-et-aubrac292\/"},"modified":"2016-05-02T16:25:22","modified_gmt":"2016-05-02T14:25:22","slug":"les-trains-cevenol-et-aubrac292","status":"publish","type":"post","link":"https:\/\/usagers-transports.haut-allier.eu\/index.php\/2016\/05\/02\/les-trains-cevenol-et-aubrac292\/","title":{"rendered":"Les trains C\u00e9venol et Aubrac trains de vie du massif central : rassemblements le 21 mai"},"content":{"rendered":"<p>Le collectif des usagers des transports du Haut-Allier se joint au Comit\u00e9 pluraliste de d\u00e9fense de la ligne B\u00e9ziers Neussargues, \u00e0 l&rsquo;association des Elus pour la d\u00e9fense du C\u00e9venol et \u00e0 d&rsquo;autres associations pour une action commune le 21 mai prochain sur les deux lignes du sud du massif central.<br \/>\n&nbsp;<br \/>\n<img loading=\"lazy\" decoding=\"async\" class=\" aligncenter size-full wp-image-1796\" src=\"http:\/\/5.45.101.177\/haut-allier\/usagers-transportse\/wp-content\/uploads\/2016\/05\/defense-aubrac-cevenol_21-mai-2016_affiche_v2.jpg\" alt=\"defense-aubrac-cevenol_21-mai-2016_affiche_v2.jpg\" align=\"center\" width=\"591\" height=\"861\" srcset=\"https:\/\/usagers-transports.haut-allier.eu\/wp-content\/uploads\/2016\/05\/defense-aubrac-cevenol_21-mai-2016_affiche_v2.jpg 591w, https:\/\/usagers-transports.haut-allier.eu\/wp-content\/uploads\/2016\/05\/defense-aubrac-cevenol_21-mai-2016_affiche_v2-206x300.jpg 206w\" sizes=\"auto, (max-width: 591px) 100vw, 591px\" \/><br \/>\n&nbsp;<\/p>\n<p>Venez nombreux \u00e0 Langeac par exemple.<\/p>\n","protected":false},"excerpt":{"rendered":"<p>Le collectif des usagers des transports du Haut-Allier se joint au Comit\u00e9 pluraliste de d\u00e9fense de la ligne<\/p>\n","protected":false},"author":1,"featured_media":1795,"comment_status":"closed","ping_status":"open","sticky":false,"template":"","format":"standard","meta":{"footnotes":""},"categories":[3],"tags":[],"class_list":["post-292","post","type-post","status-publish","format-standard","has-post-thumbnail","hentry","category-en-train"],"_links":{"self":[{"href":"https:\/\/usagers-transports.haut-allier.eu\/index.php\/wp-json\/wp\/v2\/posts\/292","targetHints":{"allow":["GET"]}}],"collection":[{"href":"https:\/\/usagers-transports.haut-allier.eu\/index.php\/wp-json\/wp\/v2\/posts"}],"about":[{"href":"https:\/\/usagers-transports.haut-allier.eu\/index.php\/wp-json\/wp\/v2\/types\/post"}],"author":[{"embeddable":true,"href":"https:\/\/usagers-transports.haut-allier.eu\/index.php\/wp-json\/wp\/v2\/users\/1"}],"replies":[{"embeddable":true,"href":"https:\/\/usagers-transports.haut-allier.eu\/index.php\/wp-json\/wp\/v2\/comments?post=292"}],"version-history":[{"count":0,"href":"https:\/\/usagers-transports.haut-allier.eu\/index.php\/wp-json\/wp\/v2\/posts\/292\/revisions"}],"wp:featuredmedia":[{"embeddable":true,"href":"https:\/\/usagers-transports.haut-allier.eu\/index.php\/wp-json\/wp\/v2\/media\/1795"}],"wp:attachment":[{"href":"https:\/\/usagers-transports.haut-allier.eu\/index.php\/wp-json\/wp\/v2\/media?parent=292"}],"wp:term":[{"taxonomy":"category","embeddable":true,"href":"https:\/\/usagers-transports.haut-allier.eu\/index.php\/wp-json\/wp\/v2\/categories?post=292"},{"taxonomy":"post_tag","embeddable":true,"href":"https:\/\/usagers-transports.haut-allier.eu\/index.php\/wp-json\/wp\/v2\/tags?post=292"}],"curies":[{"name":"wp","href":"https:\/\/api.w.org\/{rel}","templated":true}]}}