{"id":293,"date":"2016-05-07T09:56:51","date_gmt":"2016-05-07T07:56:51","guid":{"rendered":"http:\/\/5.45.101.177\/haut-allier\/usagers-transportse\/index.php\/2016\/05\/07\/petition-et-manifestation293\/"},"modified":"2016-05-07T09:56:51","modified_gmt":"2016-05-07T07:56:51","slug":"petition-et-manifestation293","status":"publish","type":"post","link":"https:\/\/usagers-transports.haut-allier.eu\/index.php\/2016\/05\/07\/petition-et-manifestation293\/","title":{"rendered":"P\u00e9tition et manifestation conjointe le 21 mai pour le maintien de la ligne Clermont Ferrand &#8211; Le Mont-Dore"},"content":{"rendered":"<p>On dit dans les couloirs de la SNCF parisienne que m\u00eame les diff\u00e9rentes directions n&rsquo;\u00e9taient pas au courant de la d\u00e9cision de fermeture par la direction r\u00e9gionale Auvergne ! C&rsquo;est dire qu&rsquo;il y a du boulot \u00e0 faire sur la communication interne et les sabotages cach\u00e9s.<br \/>\n&nbsp;<br \/>\n<strong>Ce qu&rsquo;il faut savoir<\/strong><br \/>\n&nbsp;<br \/>\n-La ligne a \u00e9t\u00e9 enti\u00e8rement renouvel\u00e9e aux frais des contribuables d&rsquo;Auvergne, au cours des derni\u00e8res ann\u00e9es, dans le cadre du plan rail Auvergne. Elle est en parfait \u00e9tat. Ce serait pure gabegie que d&rsquo;abandonner pareille infrastructure r\u00e9nov\u00e9e.<br \/>\n&nbsp;<\/p>\n<p><strong>La ligne garde un potentiel tant fret que voyageurs<\/strong><br \/>\n&nbsp;<br \/>\n&#8211; Outre l&rsquo;usine d&#8217;embouteillage d&rsquo;eaux de source du Mont-Dore, dont la desserte ferroviaire pourrait \u00eatre intensifi\u00e9e si la SNCF n&rsquo;y faisait pas obstruction, la source de Laqueuille (groupe Leclerc) attend son raccordement au fer depuis sa cr\u00e9ation ; l&#8217;embranchement a \u00e9t\u00e9 amorc\u00e9, mais non achev\u00e9 sous la pression de la SNCF qui n&rsquo;en voulait pas. Il pourrait faire l&rsquo;affaire d&rsquo;un op\u00e9rateur ferroviaire de proximit\u00e9 (OFP), plus souple et moins on\u00e9reux que la tr\u00e8s bureaucratique SNCF.<\/p>\n<p>&#8211; La ligne dessert parfaitement deux des stations climatiques les plus fr\u00e9quent\u00e9es du Massif Central, La Bourboule et Le Mont-Dore, qui re\u00e7oivent touristes et curistes, hiver comme \u00e9t\u00e9. Si le service \u00e9tait moins d\u00e9plorable et chaotique que celui pratiqu\u00e9 par la SNCF dans les derniers ann\u00e9es, la ligne pourrait retrouver des clients.<\/p>\n<p>&nbsp;<br \/>\nLe vrai probl\u00e8me, vous l&rsquo;avez compris, c&rsquo;est la SNCF et son monopole d\u00e9pass\u00e9.<br \/>\n&nbsp;<br \/>\n<strong>Faites conna\u00eetre <a href=\"https:\/\/www.change.org\/p\/directeur-d%C3%A9l%C3%A9gu%C3%A9-ter-sncf-auvergne-sauvegarde-et-de-d%C3%A9veloppement-de-la-ligne-ferroviaire-clermont-ferrand-le-mont-dore?recruiter=60135963&#038;utm_source=share_petition&#038;utm_medium=copylink?recruiter=60135963&#038;utm_source=petition_show&#038;utm_medium=copylink\"><em>la p\u00e9tition<\/em><\/a> \u00e0 vos amis et allons manifester \u00e0 Laqueuille le 21 mai prochain<\/strong><\/p>\n<p>&nbsp;<br \/>\n<strong>Dans les m\u00e9dias<\/strong><br \/>\n&nbsp;<\/p>\n<p>&#8211; France 3 Auvergne : <a href=\"http:\/\/france3-regions.francetvinfo.fr\/auvergne\/puy-de-dome\/gare-du-mont-dore-la-fermeture-ne-fait-pas-l-unanimite-990293.html\">Gare du Mont-Dore, la fermeture ne fait pas l&rsquo;unanimit\u00e9<\/a><\/p>\n<p>&nbsp;<\/p>\n<p><strong>R\u00e9action d&rsquo;un lecteur :<\/strong><br \/>\n&nbsp;<\/p>\n<p>[(<br \/>\n(&#8230;) concernant la desserte du Mont Dore quelque chose m&rsquo;interpelle :<br \/>\n&nbsp;<br \/>\n La ligne (refaite) ferme pour cause de X73500 (admettons), pourquoi personne ne r\u00e9clame un autre mat\u00e9riel (X2200 \/ X2100) que l&rsquo;Auvergne a bien connu et  dont de nombreux exemplaires partent en radiation (Limousin,Aquitaine..) en ce moment et qui peuvent circuler seul et ne shunte pas ? Certains mat\u00e9riels sont disponibles et ont \u00e9t\u00e9 r\u00e9nov\u00e9s par les diff\u00e9rentes r\u00e9gions il n&rsquo;y a pas si longtemps pour certains et poss\u00e8dent encore du potentiel. Pour info :<\/p>\n<p>&#8211; <a href=\"http:\/\/trainsso.pagesperso-orange.fr\/X2200.pdf\">X2200<\/a><br \/>\n&#8211; <a href=\"http:\/\/trainsso.pagesperso-orange.fr\/X2100.pdf\"> X2100<\/a><\/p>\n<p>Ils peuvent \u00e9galement circuler en UM (par 2) avec ou sans remorque, cette solution pourrait repr\u00e9senter une alternative non ?<\/p>\n<p>)]<\/p>\n<p>&nbsp;<br \/>\n<strong>R\u00e9ponse d&rsquo;un autre qui s&rsquo;est fait jeter du forum (acc\u00e8s plus facile r\u00e9tabli) :<\/strong><br \/>\n&nbsp;<\/p>\n<p>[(<br \/>\nBien vu, l&rsquo;utilisation d&rsquo;autorails qui ne pr\u00e9sentaient pas ce probl\u00e8me !<br \/>\nIl y a encore plus simple : continuer \u00e0 utiliser les mauvais 73500 alstom<br \/>\nen fonctionnant selon un principe diff\u00e9rent o\u00f9 le probl\u00e8me de shuntage \u00e9lectrique n&rsquo;en est plus un.<br \/>\n&nbsp;<br \/>\nOn n&rsquo;admet qu&rsquo;une circulation unique, par baton pilote ou autre syst\u00e8me antique<br \/>\net aucun autre v\u00e9hicule ne peut alors circuler sur la section. Comme il n&rsquo;y a pas un train toutes les 10 min, c&rsquo;est faisable. Sauf que la sneuf a des oeill\u00e8res tout comme le fait de d\u00e9dier des engins fiables mais abandonn\u00e9s \u00e0 une telle liaison, elle refusera.<br \/>\n&nbsp;<br \/>\nIl est plus simple d&rsquo;\u00eatre r\u00e9mun\u00e9r\u00e9 \u00e0 ne rien faire qu&rsquo;\u00e0 travailler !<br \/>\n&nbsp;<br \/>\n JL R. <\/p>\n<p>)]<\/p>\n","protected":false},"excerpt":{"rendered":"<p>On dit dans les couloirs de la SNCF parisienne que m\u00eame les diff\u00e9rentes directions n&rsquo;\u00e9taient pas au courant<\/p>\n","protected":false},"author":1,"featured_media":1797,"comment_status":"closed","ping_status":"open","sticky":false,"template":"","format":"standard","meta":{"footnotes":""},"categories":[3],"tags":[],"class_list":["post-293","post","type-post","status-publish","format-standard","has-post-thumbnail","hentry","category-en-train"],"_links":{"self":[{"href":"https:\/\/usagers-transports.haut-allier.eu\/index.php\/wp-json\/wp\/v2\/posts\/293","targetHints":{"allow":["GET"]}}],"collection":[{"href":"https:\/\/usagers-transports.haut-allier.eu\/index.php\/wp-json\/wp\/v2\/posts"}],"about":[{"href":"https:\/\/usagers-transports.haut-allier.eu\/index.php\/wp-json\/wp\/v2\/types\/post"}],"author":[{"embeddable":true,"href":"https:\/\/usagers-transports.haut-allier.eu\/index.php\/wp-json\/wp\/v2\/users\/1"}],"replies":[{"embeddable":true,"href":"https:\/\/usagers-transports.haut-allier.eu\/index.php\/wp-json\/wp\/v2\/comments?post=293"}],"version-history":[{"count":0,"href":"https:\/\/usagers-transports.haut-allier.eu\/index.php\/wp-json\/wp\/v2\/posts\/293\/revisions"}],"wp:featuredmedia":[{"embeddable":true,"href":"https:\/\/usagers-transports.haut-allier.eu\/index.php\/wp-json\/wp\/v2\/media\/1797"}],"wp:attachment":[{"href":"https:\/\/usagers-transports.haut-allier.eu\/index.php\/wp-json\/wp\/v2\/media?parent=293"}],"wp:term":[{"taxonomy":"category","embeddable":true,"href":"https:\/\/usagers-transports.haut-allier.eu\/index.php\/wp-json\/wp\/v2\/categories?post=293"},{"taxonomy":"post_tag","embeddable":true,"href":"https:\/\/usagers-transports.haut-allier.eu\/index.php\/wp-json\/wp\/v2\/tags?post=293"}],"curies":[{"name":"wp","href":"https:\/\/api.w.org\/{rel}","templated":true}]}}