{"id":294,"date":"2016-05-12T08:51:37","date_gmt":"2016-05-12T06:51:37","guid":{"rendered":"http:\/\/5.45.101.177\/haut-allier\/usagers-transportse\/index.php\/2016\/05\/12\/etats-generaux-du-rail-et-de-l294\/"},"modified":"2016-05-12T08:51:37","modified_gmt":"2016-05-12T06:51:37","slug":"etats-generaux-du-rail-et-de-l294","status":"publish","type":"post","link":"https:\/\/usagers-transports.haut-allier.eu\/index.php\/2016\/05\/12\/etats-generaux-du-rail-et-de-l294\/","title":{"rendered":"Etats g\u00e9n\u00e9raux du rail et de l&rsquo;intermodalit\u00e9 \u00e0 Mende"},"content":{"rendered":"<p>Discussion ouverte autour du ferroviaire et des transports, de bonne tenue hier \u00e0 Mende. Evidemment aucun miracle mais une \u00e9coute et une volont\u00e9 d&rsquo;essayer de r\u00e9soudre la foule de probl\u00e8mes d\u00e9nonc\u00e9s par les pr\u00e9sents provoqu\u00e9e par l&rsquo;inique programme d&rsquo;abandon par l&rsquo;\u00e9tat et la SNCF des zones rurales mettant fin \u00e0 la notion d&rsquo;\u00e9quilibre des territoires et rendant impossible pour tous, \u00e9lus y compris, de se faire entendre. Nous retiendrons l&rsquo;\u00e9nergique intervention de Guy Malaval pr\u00e9sident de l&rsquo;association des Elus pour la d\u00e9fense du C\u00e9venol (vers la fin de l&rsquo;enregistrement dont la premi\u00e8re demi-heure souffre d&rsquo;une sonorisation d\u00e9ficiente).<br \/>\n&nbsp;<br \/>\n<em>Une partie de la salle<\/em><br \/>\n<img loading=\"lazy\" decoding=\"async\" class=\" aligncenter size-full wp-image-1799\" src=\"http:\/\/5.45.101.177\/haut-allier\/usagers-transportse\/wp-content\/uploads\/2016\/05\/zzIMG_20160511_182307.jpg\" alt=\"zzIMG_20160511_182307.jpg\" align=\"center\" width=\"800\" height=\"600\" srcset=\"https:\/\/usagers-transports.haut-allier.eu\/wp-content\/uploads\/2016\/05\/zzIMG_20160511_182307.jpg 800w, https:\/\/usagers-transports.haut-allier.eu\/wp-content\/uploads\/2016\/05\/zzIMG_20160511_182307-300x225.jpg 300w, https:\/\/usagers-transports.haut-allier.eu\/wp-content\/uploads\/2016\/05\/zzIMG_20160511_182307-768x576.jpg 768w\" sizes=\"auto, (max-width: 800px) 100vw, 800px\" \/><br \/>\n&nbsp;<br \/>\n<em>Quelques \u00e9lus pr\u00e9sents \u00e0 Mende dont Sophie Pantel pr\u00e9sidente de la Loz\u00e8re, Jean-Luc Gibelin, charg\u00e9 des transports \u00e0 la r\u00e9gion LRMP, le nouveau maire de Mende&#8230;<\/em><br \/>\n<img loading=\"lazy\" decoding=\"async\" class=\" aligncenter size-full wp-image-1800\" src=\"http:\/\/5.45.101.177\/haut-allier\/usagers-transportse\/wp-content\/uploads\/2016\/05\/IMG_20160511_200626.jpg\" alt=\"IMG_20160511_200626.jpg\" align=\"center\" width=\"800\" height=\"510\" srcset=\"https:\/\/usagers-transports.haut-allier.eu\/wp-content\/uploads\/2016\/05\/IMG_20160511_200626.jpg 800w, https:\/\/usagers-transports.haut-allier.eu\/wp-content\/uploads\/2016\/05\/IMG_20160511_200626-300x191.jpg 300w, https:\/\/usagers-transports.haut-allier.eu\/wp-content\/uploads\/2016\/05\/IMG_20160511_200626-768x490.jpg 768w\" sizes=\"auto, (max-width: 800px) 100vw, 800px\" \/><br \/>\n&nbsp;<br \/>\nVoici l&rsquo;audio int\u00e9gral de la r\u00e9union (1 heure 42) :<br \/>\n&nbsp;<br \/>\n<a href=\"http:\/\/5.45.101.177\/haut-allier\/usagers-transportse\/wp-content\/uploads\/2016\/05\/usagers-haut-allier-eu-2016-mai-11-mende-etats-generaux-rail.mp3\">usagers-haut-allier-eu-2016-mai-11-mende-etats-generaux-rail.mp3<\/a><\/p>\n","protected":false},"excerpt":{"rendered":"<p>Discussion ouverte autour du ferroviaire et des transports, de bonne tenue hier \u00e0 Mende. Evidemment aucun miracle mais<\/p>\n","protected":false},"author":1,"featured_media":1798,"comment_status":"closed","ping_status":"open","sticky":false,"template":"","format":"standard","meta":{"footnotes":""},"categories":[3],"tags":[],"class_list":["post-294","post","type-post","status-publish","format-standard","has-post-thumbnail","hentry","category-en-train"],"_links":{"self":[{"href":"https:\/\/usagers-transports.haut-allier.eu\/index.php\/wp-json\/wp\/v2\/posts\/294","targetHints":{"allow":["GET"]}}],"collection":[{"href":"https:\/\/usagers-transports.haut-allier.eu\/index.php\/wp-json\/wp\/v2\/posts"}],"about":[{"href":"https:\/\/usagers-transports.haut-allier.eu\/index.php\/wp-json\/wp\/v2\/types\/post"}],"author":[{"embeddable":true,"href":"https:\/\/usagers-transports.haut-allier.eu\/index.php\/wp-json\/wp\/v2\/users\/1"}],"replies":[{"embeddable":true,"href":"https:\/\/usagers-transports.haut-allier.eu\/index.php\/wp-json\/wp\/v2\/comments?post=294"}],"version-history":[{"count":0,"href":"https:\/\/usagers-transports.haut-allier.eu\/index.php\/wp-json\/wp\/v2\/posts\/294\/revisions"}],"wp:featuredmedia":[{"embeddable":true,"href":"https:\/\/usagers-transports.haut-allier.eu\/index.php\/wp-json\/wp\/v2\/media\/1798"}],"wp:attachment":[{"href":"https:\/\/usagers-transports.haut-allier.eu\/index.php\/wp-json\/wp\/v2\/media?parent=294"}],"wp:term":[{"taxonomy":"category","embeddable":true,"href":"https:\/\/usagers-transports.haut-allier.eu\/index.php\/wp-json\/wp\/v2\/categories?post=294"},{"taxonomy":"post_tag","embeddable":true,"href":"https:\/\/usagers-transports.haut-allier.eu\/index.php\/wp-json\/wp\/v2\/tags?post=294"}],"curies":[{"name":"wp","href":"https:\/\/api.w.org\/{rel}","templated":true}]}}