{"id":296,"date":"2016-05-19T07:20:40","date_gmt":"2016-05-19T05:20:40","guid":{"rendered":"http:\/\/5.45.101.177\/haut-allier\/usagers-transportse\/index.php\/2016\/05\/19\/ales-besseges-la-mauvaise-volonte296\/"},"modified":"2016-05-19T07:20:40","modified_gmt":"2016-05-19T05:20:40","slug":"ales-besseges-la-mauvaise-volonte296","status":"publish","type":"post","link":"https:\/\/usagers-transports.haut-allier.eu\/index.php\/2016\/05\/19\/ales-besseges-la-mauvaise-volonte296\/","title":{"rendered":"Al\u00e8s Bess\u00e8ges : la mauvaise volont\u00e9 de la r\u00e9gion LRMP"},"content":{"rendered":"<p>Pour la r\u00e9ouverture de cette ligne des C\u00e9vennes ferm\u00e9e par la SNCF il y a quelques ann\u00e9es tout est vot\u00e9, tout a \u00e9t\u00e9 d\u00e9cid\u00e9, budget et autres mais&#8230; la nouvelle pr\u00e9sidente \u00e0 la r\u00e9gion Languedoc Roussillon Midi Pyr\u00e9n\u00e9es Carole Delga a demand\u00e9 une nouvelle \u00e9tude ! Les usagers s&rsquo;impatientent et organisent un d\u00e9broussaillage festif. Rendez-vous samedi 28 mai en gare de Salindres \u00e0 9h30.<br \/>\n&nbsp;<br \/>\nC&rsquo;est un article d&rsquo;Objectif Gard : <a href=\"https:\/\/www.objectifgard.com\/2016\/05\/18\/ales-besseges-a-quand-la-reouverture-de-la-ligne\/\">AL\u00c8S-BESS\u00c8GES \u00c0 quand la r\u00e9ouverture de la ligne ?<\/a><br \/>\n&nbsp;<br \/>\nAussi sur Midi Libre : <a href=\"http:\/\/www.midilibre.fr\/2016\/05\/19\/ligne-ales-besseges-ils-ne-lachent-rien,1334824.php\">Ligne Al\u00e8s-Bess\u00e8ges &#8211; ils ne l\u00e2chent rien<\/a><\/p>\n","protected":false},"excerpt":{"rendered":"<p>Pour la r\u00e9ouverture de cette ligne des C\u00e9vennes ferm\u00e9e par la SNCF il y a quelques ann\u00e9es tout<\/p>\n","protected":false},"author":1,"featured_media":1803,"comment_status":"closed","ping_status":"open","sticky":false,"template":"","format":"standard","meta":{"footnotes":""},"categories":[3],"tags":[],"class_list":["post-296","post","type-post","status-publish","format-standard","has-post-thumbnail","hentry","category-en-train"],"_links":{"self":[{"href":"https:\/\/usagers-transports.haut-allier.eu\/index.php\/wp-json\/wp\/v2\/posts\/296","targetHints":{"allow":["GET"]}}],"collection":[{"href":"https:\/\/usagers-transports.haut-allier.eu\/index.php\/wp-json\/wp\/v2\/posts"}],"about":[{"href":"https:\/\/usagers-transports.haut-allier.eu\/index.php\/wp-json\/wp\/v2\/types\/post"}],"author":[{"embeddable":true,"href":"https:\/\/usagers-transports.haut-allier.eu\/index.php\/wp-json\/wp\/v2\/users\/1"}],"replies":[{"embeddable":true,"href":"https:\/\/usagers-transports.haut-allier.eu\/index.php\/wp-json\/wp\/v2\/comments?post=296"}],"version-history":[{"count":0,"href":"https:\/\/usagers-transports.haut-allier.eu\/index.php\/wp-json\/wp\/v2\/posts\/296\/revisions"}],"wp:featuredmedia":[{"embeddable":true,"href":"https:\/\/usagers-transports.haut-allier.eu\/index.php\/wp-json\/wp\/v2\/media\/1803"}],"wp:attachment":[{"href":"https:\/\/usagers-transports.haut-allier.eu\/index.php\/wp-json\/wp\/v2\/media?parent=296"}],"wp:term":[{"taxonomy":"category","embeddable":true,"href":"https:\/\/usagers-transports.haut-allier.eu\/index.php\/wp-json\/wp\/v2\/categories?post=296"},{"taxonomy":"post_tag","embeddable":true,"href":"https:\/\/usagers-transports.haut-allier.eu\/index.php\/wp-json\/wp\/v2\/tags?post=296"}],"curies":[{"name":"wp","href":"https:\/\/api.w.org\/{rel}","templated":true}]}}