{"id":297,"date":"2016-05-22T08:31:52","date_gmt":"2016-05-22T06:31:52","guid":{"rendered":"http:\/\/5.45.101.177\/haut-allier\/usagers-transportse\/index.php\/2016\/05\/22\/succes-pour-les-rassemblements-de297\/"},"modified":"2016-05-22T08:31:52","modified_gmt":"2016-05-22T06:31:52","slug":"succes-pour-les-rassemblements-de297","status":"publish","type":"post","link":"https:\/\/usagers-transports.haut-allier.eu\/index.php\/2016\/05\/22\/succes-pour-les-rassemblements-de297\/","title":{"rendered":"Succ\u00e8s pour les rassemblements de soutien pour les lignes ferroviaires du massif central"},"content":{"rendered":"<p><strong>Ce samedi 21 mai ensoleill\u00e9 le collectif \u00e9tait pr\u00e9sent \u00e0 Villefort <\/strong> dans les C\u00e9vennes loz\u00e9riennes pour manifester son soutien envers les lignes du massif central d\u00e9laiss\u00e9es par les gouvernements successifs. Foule compacte dans la petite gare avec la pr\u00e9sence de nombreux \u00e9lus dont la pr\u00e9sidente du d\u00e9partement de Loz\u00e8re Sophie Pantel et celle de Jean-Luc Gibelin vice-pr\u00e9sident charg\u00e9 des transports \u00e0 la r\u00e9gion Languedoc Roussillon Midi Pyr\u00e9n\u00e9es. Carole Delga la pr\u00e9sidente de r\u00e9gion avait envoy\u00e9 un message de soutien.<br \/>\n&nbsp;<br \/>\n<img loading=\"lazy\" decoding=\"async\" class=\" aligncenter size-full wp-image-1805\" src=\"http:\/\/5.45.101.177\/haut-allier\/usagers-transportse\/wp-content\/uploads\/2016\/05\/IMG_20160521_111414.jpg\" alt=\"IMG_20160521_111414.jpg\" align=\"center\" width=\"800\" height=\"573\" srcset=\"https:\/\/usagers-transports.haut-allier.eu\/wp-content\/uploads\/2016\/05\/IMG_20160521_111414.jpg 800w, https:\/\/usagers-transports.haut-allier.eu\/wp-content\/uploads\/2016\/05\/IMG_20160521_111414-300x215.jpg 300w, https:\/\/usagers-transports.haut-allier.eu\/wp-content\/uploads\/2016\/05\/IMG_20160521_111414-768x550.jpg 768w\" sizes=\"auto, (max-width: 800px) 100vw, 800px\" \/><br \/>\n&nbsp;<br \/>\n<img loading=\"lazy\" decoding=\"async\" class=\" aligncenter size-full wp-image-1806\" src=\"http:\/\/5.45.101.177\/haut-allier\/usagers-transportse\/wp-content\/uploads\/2016\/05\/IMG_20160521_111645.jpg\" alt=\"IMG_20160521_111645.jpg\" align=\"center\" width=\"800\" height=\"600\" srcset=\"https:\/\/usagers-transports.haut-allier.eu\/wp-content\/uploads\/2016\/05\/IMG_20160521_111645.jpg 800w, https:\/\/usagers-transports.haut-allier.eu\/wp-content\/uploads\/2016\/05\/IMG_20160521_111645-300x225.jpg 300w, https:\/\/usagers-transports.haut-allier.eu\/wp-content\/uploads\/2016\/05\/IMG_20160521_111645-768x576.jpg 768w\" sizes=\"auto, (max-width: 800px) 100vw, 800px\" \/><br \/>\n&nbsp;<br \/>\n<img loading=\"lazy\" decoding=\"async\" class=\" aligncenter size-full wp-image-1807\" src=\"http:\/\/5.45.101.177\/haut-allier\/usagers-transportse\/wp-content\/uploads\/2016\/05\/IMG_20160521_111509.jpg\" alt=\"IMG_20160521_111509.jpg\" align=\"center\" width=\"1248\" height=\"902\" srcset=\"https:\/\/usagers-transports.haut-allier.eu\/wp-content\/uploads\/2016\/05\/IMG_20160521_111509.jpg 1248w, https:\/\/usagers-transports.haut-allier.eu\/wp-content\/uploads\/2016\/05\/IMG_20160521_111509-300x217.jpg 300w, https:\/\/usagers-transports.haut-allier.eu\/wp-content\/uploads\/2016\/05\/IMG_20160521_111509-1024x740.jpg 1024w, https:\/\/usagers-transports.haut-allier.eu\/wp-content\/uploads\/2016\/05\/IMG_20160521_111509-768x555.jpg 768w\" sizes=\"auto, (max-width: 1248px) 100vw, 1248px\" \/><br \/>\n&nbsp;<br \/>\nNos  Vomibag distribu\u00e9s pour d\u00e9noncer l\u2019inconfort des bus de remplacement de la SNCF bien trop fr\u00e9quents sur cette ligne eurent un certain succ\u00e8s.<br \/>\n&nbsp;<br \/>\n<img loading=\"lazy\" decoding=\"async\" class=\" aligncenter size-full wp-image-1808\" src=\"http:\/\/5.45.101.177\/haut-allier\/usagers-transportse\/wp-content\/uploads\/2016\/05\/IMG_20160521_110101.jpg\" alt=\"IMG_20160521_110101.jpg\" align=\"center\" width=\"800\" height=\"482\" srcset=\"https:\/\/usagers-transports.haut-allier.eu\/wp-content\/uploads\/2016\/05\/IMG_20160521_110101.jpg 800w, https:\/\/usagers-transports.haut-allier.eu\/wp-content\/uploads\/2016\/05\/IMG_20160521_110101-300x181.jpg 300w, https:\/\/usagers-transports.haut-allier.eu\/wp-content\/uploads\/2016\/05\/IMG_20160521_110101-768x463.jpg 768w\" sizes=\"auto, (max-width: 800px) 100vw, 800px\" \/><br \/>\n&nbsp;<br \/>\n<em>Cette derni\u00e8re image par le Collectif de Villefort<\/em><br \/>\n<img loading=\"lazy\" decoding=\"async\" class=\" aligncenter size-full wp-image-1809\" src=\"http:\/\/5.45.101.177\/haut-allier\/usagers-transportse\/wp-content\/uploads\/2016\/05\/g7imSdM.jpg\" alt=\"g7imSdM.jpg\" align=\"center\" width=\"800\" height=\"526\" srcset=\"https:\/\/usagers-transports.haut-allier.eu\/wp-content\/uploads\/2016\/05\/g7imSdM.jpg 800w, https:\/\/usagers-transports.haut-allier.eu\/wp-content\/uploads\/2016\/05\/g7imSdM-300x197.jpg 300w, https:\/\/usagers-transports.haut-allier.eu\/wp-content\/uploads\/2016\/05\/g7imSdM-768x505.jpg 768w\" sizes=\"auto, (max-width: 800px) 100vw, 800px\" \/><br \/>\n&nbsp;<\/p>\n<p><strong>Nous \u00e9tions aussi \u00e0 Langeac en d\u00e9but d&rsquo;apr\u00e8s-midi<\/strong>. L\u00e0 aussi foule nombreuse avec la pr\u00e9sence de tous les \u00e9lus et <strong>l\u2019absence tr\u00e8s remarqu\u00e9e<\/strong> de Messieurs Peter Vigier, d\u00e9put\u00e9 de la circonscription, Patrick Mignola, d\u00e9l\u00e9gu\u00e9 aux transports \u00e0 la r\u00e9gion, et Jean-Pierre Marcon pr\u00e9sident de Haute-Loire. Ces trois derniers sans doute emp\u00each\u00e9s par les consignes du chef Wauquiez pr\u00e9sident de r\u00e9gion, d\u00e9sireux de couper tous les projets et actions en cours dans le Haut-Allier. Un territoire o\u00f9 le lyonnais n&rsquo;a sans doute jamais mis les pieds. L\u2019ouest du d\u00e9partement est d\u00e9sormais clairement laiss\u00e9 \u00e0 l\u2019abandon par les politiciens. Guy Vissac, pr\u00e9sent, l\u2019ancien d\u00e9put\u00e9 initiateur du SMAT et du PNR et Marie-Th\u00e9r\u00e8se Roubaud maire de Langeac l\u2019ont eux aussi bien not\u00e9. Nos Sacs \u00e0 Vomi eurent l\u00e0 aussi un petit succ\u00e8s.<br \/>\n&nbsp;<br \/>\n<img loading=\"lazy\" decoding=\"async\" class=\" aligncenter size-full wp-image-1810\" src=\"http:\/\/5.45.101.177\/haut-allier\/usagers-transportse\/wp-content\/uploads\/2016\/05\/IMG_20160521_143151.jpg\" alt=\"IMG_20160521_143151.jpg\" align=\"center\" width=\"800\" height=\"600\" srcset=\"https:\/\/usagers-transports.haut-allier.eu\/wp-content\/uploads\/2016\/05\/IMG_20160521_143151.jpg 800w, https:\/\/usagers-transports.haut-allier.eu\/wp-content\/uploads\/2016\/05\/IMG_20160521_143151-300x225.jpg 300w, https:\/\/usagers-transports.haut-allier.eu\/wp-content\/uploads\/2016\/05\/IMG_20160521_143151-768x576.jpg 768w\" sizes=\"auto, (max-width: 800px) 100vw, 800px\" \/><br \/>\n&nbsp;<br \/>\n<img loading=\"lazy\" decoding=\"async\" class=\" aligncenter size-full wp-image-1811\" src=\"http:\/\/5.45.101.177\/haut-allier\/usagers-transportse\/wp-content\/uploads\/2016\/05\/IMG_20160521_141555.jpg\" alt=\"IMG_20160521_141555.jpg\" align=\"center\" width=\"800\" height=\"549\" srcset=\"https:\/\/usagers-transports.haut-allier.eu\/wp-content\/uploads\/2016\/05\/IMG_20160521_141555.jpg 800w, https:\/\/usagers-transports.haut-allier.eu\/wp-content\/uploads\/2016\/05\/IMG_20160521_141555-300x206.jpg 300w, https:\/\/usagers-transports.haut-allier.eu\/wp-content\/uploads\/2016\/05\/IMG_20160521_141555-768x527.jpg 768w\" sizes=\"auto, (max-width: 800px) 100vw, 800px\" \/><br \/>\n&nbsp;<br \/>\n<em>Les manifestants de Langeac \u00e9taient aussi venus s&rsquo;insurger contre l&rsquo;abandon par le pr\u00e9sident de r\u00e9gion, normalement principal financeur, du Parc Naturel R\u00e9gional des Sources et Gorges de l&rsquo;Allier<\/em><br \/>\n<img loading=\"lazy\" decoding=\"async\" class=\" aligncenter size-full wp-image-1812\" src=\"http:\/\/5.45.101.177\/haut-allier\/usagers-transportse\/wp-content\/uploads\/2016\/05\/IMG_20160521_141823.jpg\" alt=\"IMG_20160521_141823.jpg\" align=\"center\" width=\"1460\" height=\"1636\" srcset=\"https:\/\/usagers-transports.haut-allier.eu\/wp-content\/uploads\/2016\/05\/IMG_20160521_141823.jpg 1460w, https:\/\/usagers-transports.haut-allier.eu\/wp-content\/uploads\/2016\/05\/IMG_20160521_141823-268x300.jpg 268w, https:\/\/usagers-transports.haut-allier.eu\/wp-content\/uploads\/2016\/05\/IMG_20160521_141823-914x1024.jpg 914w, https:\/\/usagers-transports.haut-allier.eu\/wp-content\/uploads\/2016\/05\/IMG_20160521_141823-768x861.jpg 768w, https:\/\/usagers-transports.haut-allier.eu\/wp-content\/uploads\/2016\/05\/IMG_20160521_141823-1371x1536.jpg 1371w\" sizes=\"auto, (max-width: 1460px) 100vw, 1460px\" \/><br \/>\n&nbsp;<br \/>\n<em>Les passagers du bus \u00e9taient invit\u00e9s \u00e0 s&rsquo;\u00e9quiper de notre Vomibag m\u00e9disant<\/em><br \/>\n<img loading=\"lazy\" decoding=\"async\" class=\" aligncenter size-full wp-image-1813\" src=\"http:\/\/5.45.101.177\/haut-allier\/usagers-transportse\/wp-content\/uploads\/2016\/05\/IMG_20160521_152308.jpg\" alt=\"IMG_20160521_152308.jpg\" align=\"center\" width=\"800\" height=\"679\" srcset=\"https:\/\/usagers-transports.haut-allier.eu\/wp-content\/uploads\/2016\/05\/IMG_20160521_152308.jpg 800w, https:\/\/usagers-transports.haut-allier.eu\/wp-content\/uploads\/2016\/05\/IMG_20160521_152308-300x255.jpg 300w, https:\/\/usagers-transports.haut-allier.eu\/wp-content\/uploads\/2016\/05\/IMG_20160521_152308-768x652.jpg 768w\" sizes=\"auto, (max-width: 800px) 100vw, 800px\" \/><br \/>\n&nbsp;<\/p>\n<p><strong>Dans les m\u00e9dias :<\/strong><br \/>\n&nbsp;<br \/>\n&#8211;  Objectif Gard : VILLEFORT \u201c<a href=\"https:\/\/www.objectifgard.com\/2016\/05\/21\/villefort-ils-veulent-tuer-le-cevenol\/\">Ils veulent tuer le C\u00e9venol !<\/a>\u201d<\/p>\n<p>&#8211; France Bleu Pays dAuvergne :<a href=\"https:\/\/www.francebleu.fr\/infos\/transports\/le-collectif-des-usagers-des-transports-du-haut-allier-se-mobilise-nouveau-contre-la-suppression-de-trains-1463754917\"> Le Collectif des usagers des transports du Haut-Allier se mobilise \u00e0 nouveau contre la suppression de trains<\/a> <\/p>\n<p>&#8211; La Montagne : <a href=\"http:\/\/www.lamontagne.fr\/auvergne\/actualite\/departement\/haute-loire\/2016\/05\/22\/les-elus-du-territoire-denoncent-la-disparition-programmee-de-la-ligne-des-cevennes_11923950.html\">Les \u00e9lus du territoire d\u00e9noncent la disparition programm\u00e9e de la ligne des C\u00e9vennes<\/a><\/p>\n<p>&#8211; Loz\u00e8re.fr : <a href=\"http:\/\/lozere.fr\/actualites\/1464072885-mobilisation-pour-les-tet-cevenol-et-aubrac.html\">Mobilisation pour les TET \u00ab\u00a0C\u00e9venol\u00a0\u00bb et \u00ab\u00a0Aubrac\u00a0\u00bb<br \/>\n<\/a><\/p>\n<p>&#8211; France 3 Auvergne : <a href=\"http:\/\/france3-regions.francetvinfo.fr\/auvergne\/des-manifestations-en-auvergne-pour-la-defense-des-lignes-ferroviaires-en-zone-rurale-1002559.html\">Des manifestations en Auvergne pour la d\u00e9fense des lignes ferroviaires en zone rurale<\/a><\/p>\n<p>&nbsp;<br \/>\n<iframe loading=\"lazy\" width=\"544\" height=\"306\" src=\"\/\/embedftv-a.akamaihd.net\/362dfd02c865b9f208cf667524e2e7de\" frameborder=\"0\" scrolling=\"no\"><\/iframe><\/p>\n","protected":false},"excerpt":{"rendered":"<p>Ce samedi 21 mai ensoleill\u00e9 le collectif \u00e9tait pr\u00e9sent \u00e0 Villefort dans les C\u00e9vennes loz\u00e9riennes pour manifester son<\/p>\n","protected":false},"author":1,"featured_media":1804,"comment_status":"closed","ping_status":"open","sticky":false,"template":"","format":"standard","meta":{"footnotes":""},"categories":[3],"tags":[],"class_list":["post-297","post","type-post","status-publish","format-standard","has-post-thumbnail","hentry","category-en-train"],"_links":{"self":[{"href":"https:\/\/usagers-transports.haut-allier.eu\/index.php\/wp-json\/wp\/v2\/posts\/297","targetHints":{"allow":["GET"]}}],"collection":[{"href":"https:\/\/usagers-transports.haut-allier.eu\/index.php\/wp-json\/wp\/v2\/posts"}],"about":[{"href":"https:\/\/usagers-transports.haut-allier.eu\/index.php\/wp-json\/wp\/v2\/types\/post"}],"author":[{"embeddable":true,"href":"https:\/\/usagers-transports.haut-allier.eu\/index.php\/wp-json\/wp\/v2\/users\/1"}],"replies":[{"embeddable":true,"href":"https:\/\/usagers-transports.haut-allier.eu\/index.php\/wp-json\/wp\/v2\/comments?post=297"}],"version-history":[{"count":0,"href":"https:\/\/usagers-transports.haut-allier.eu\/index.php\/wp-json\/wp\/v2\/posts\/297\/revisions"}],"wp:featuredmedia":[{"embeddable":true,"href":"https:\/\/usagers-transports.haut-allier.eu\/index.php\/wp-json\/wp\/v2\/media\/1804"}],"wp:attachment":[{"href":"https:\/\/usagers-transports.haut-allier.eu\/index.php\/wp-json\/wp\/v2\/media?parent=297"}],"wp:term":[{"taxonomy":"category","embeddable":true,"href":"https:\/\/usagers-transports.haut-allier.eu\/index.php\/wp-json\/wp\/v2\/categories?post=297"},{"taxonomy":"post_tag","embeddable":true,"href":"https:\/\/usagers-transports.haut-allier.eu\/index.php\/wp-json\/wp\/v2\/tags?post=297"}],"curies":[{"name":"wp","href":"https:\/\/api.w.org\/{rel}","templated":true}]}}