{"id":298,"date":"2016-05-22T17:32:56","date_gmt":"2016-05-22T15:32:56","guid":{"rendered":"http:\/\/5.45.101.177\/haut-allier\/usagers-transportse\/index.php\/2016\/05\/22\/travaux-pannes-greves-pour-les298\/"},"modified":"2026-09-01T15:53:46","modified_gmt":"2026-09-01T13:53:46","slug":"travaux-pannes-greves-pour-les298","status":"publish","type":"post","link":"https:\/\/usagers-transports.haut-allier.eu\/index.php\/2016\/05\/22\/travaux-pannes-greves-pour-les298\/","title":{"rendered":"Travaux ? Pannes ? Gr\u00e8ves ? Pour les trains du massif central la solution existe !"},"content":{"rendered":"Enfin \u00ab\u00a0LA\u00a0\u00bb solution pour survivre ! En attendant le retour des trains sur 100% des circulations empruntant la Ligne des C\u00e9vennes et les autres lignes du centre de la France&#8230;\n&nbsp;\nEn effet, une nouvelle invention (voir les photos) fort utile lors de la substitution des trains par des autocars vient de voir le jour. Elle pourra donc rendre un grand service aux voyageurs lors de leurs d\u00e9placements \u00ab\u00a0du quotidien\u00a0\u00bb, chers \u00e0 Guillaume Pepy, PDG de la SNCF.\n&nbsp;\n<img loading=\"lazy\" decoding=\"async\" class=\" aligncenter size-full wp-image-1815\" src=\"http:\/\/5.45.101.177\/haut-allier\/usagers-transportse\/wp-content\/uploads\/2016\/05\/zzzz_image.jpg\" alt=\"zzzz_image.jpg\" align=\"center\" width=\"800\" height=\"989\" srcset=\"https:\/\/usagers-transports.haut-allier.eu\/wp-content\/uploads\/2016\/05\/zzzz_image.jpg 800w, https:\/\/usagers-transports.haut-allier.eu\/wp-content\/uploads\/2016\/05\/zzzz_image-243x300.jpg 243w, https:\/\/usagers-transports.haut-allier.eu\/wp-content\/uploads\/2016\/05\/zzzz_image-768x949.jpg 768w\" sizes=\"auto, (max-width: 800px) 100vw, 800px\" \/>\n&nbsp;\nPlusieurs exemplaires ont \u00e9t\u00e9 offerts gracieusement par le Collectif des Usagers des Transports du Haut Allier aux \u00e9lus pr\u00e9sents le 21 mai dans les gares de Villefort et Langeac. \u00c0 quand des distributeurs automatiques install\u00e9s dans les gares ? Il y a urgence.\n&nbsp;\n<img loading=\"lazy\" decoding=\"async\" class=\" aligncenter size-full wp-image-1816\" src=\"http:\/\/5.45.101.177\/haut-allier\/usagers-transportse\/wp-content\/uploads\/2016\/05\/zzzzzzz-image.jpg\" alt=\"zzzzzzz--image.jpg\" align=\"center\" width=\"700\" height=\"937\" srcset=\"https:\/\/usagers-transports.haut-allier.eu\/wp-content\/uploads\/2016\/05\/zzzzzzz-image.jpg 700w, https:\/\/usagers-transports.haut-allier.eu\/wp-content\/uploads\/2016\/05\/zzzzzzz-image-224x300.jpg 224w\" sizes=\"auto, (max-width: 700px) 100vw, 700px\" \/>\n&nbsp;\nLes Directions r\u00e9gionales SNCF de Clermont-Ferrand et Montpellier pourraient se montrer int\u00e9ress\u00e9es ?\n&nbsp;\nEn tous cas le sus-dit collectif des usagers propose m\u00eame de vous \u00e9quiper vous m\u00eame, en DIY, pour pas cher :\n&nbsp;\n<img loading=\"lazy\" decoding=\"async\" class=\" aligncenter size-full wp-image-1817\" src=\"http:\/\/5.45.101.177\/haut-allier\/usagers-transportse\/wp-content\/uploads\/2016\/05\/vomibag-sachet-scaled.jpg\" alt=\"vomibag-sachet.jpg\" align=\"center\" width=\"1398\" height=\"2560\" srcset=\"https:\/\/usagers-transports.haut-allier.eu\/wp-content\/uploads\/2016\/05\/vomibag-sachet-scaled.jpg 1398w, https:\/\/usagers-transports.haut-allier.eu\/wp-content\/uploads\/2016\/05\/vomibag-sachet-164x300.jpg 164w, https:\/\/usagers-transports.haut-allier.eu\/wp-content\/uploads\/2016\/05\/vomibag-sachet-559x1024.jpg 559w, https:\/\/usagers-transports.haut-allier.eu\/wp-content\/uploads\/2016\/05\/vomibag-sachet-768x1406.jpg 768w, https:\/\/usagers-transports.haut-allier.eu\/wp-content\/uploads\/2016\/05\/vomibag-sachet-839x1536.jpg 839w, https:\/\/usagers-transports.haut-allier.eu\/wp-content\/uploads\/2016\/05\/vomibag-sachet-1119x2048.jpg 1119w\" sizes=\"auto, (max-width: 1398px) 100vw, 1398px\" \/>\n&nbsp;\nUn peu d&rsquo;\u00e9ducation soci\u00e9tale ne sera pas vain :\n&nbsp;\n<img loading=\"lazy\" decoding=\"async\" class=\" aligncenter size-full wp-image-1818\" src=\"http:\/\/5.45.101.177\/haut-allier\/usagers-transportse\/wp-content\/uploads\/2016\/05\/zzzzzz_image.jpg\" alt=\"zzzzzz_image.jpg\" align=\"center\" width=\"800\" height=\"429\" srcset=\"https:\/\/usagers-transports.haut-allier.eu\/wp-content\/uploads\/2016\/05\/zzzzzz_image.jpg 800w, https:\/\/usagers-transports.haut-allier.eu\/wp-content\/uploads\/2016\/05\/zzzzzz_image-300x161.jpg 300w, https:\/\/usagers-transports.haut-allier.eu\/wp-content\/uploads\/2016\/05\/zzzzzz_image-768x412.jpg 768w\" sizes=\"auto, (max-width: 800px) 100vw, 800px\" \/>\n&nbsp;\nSachez aussi le porter \u00e9l\u00e9gant, surtout pendant les discours :\n&nbsp;\n<img loading=\"lazy\" decoding=\"async\" class=\" aligncenter size-full wp-image-1819\" src=\"http:\/\/5.45.101.177\/haut-allier\/usagers-transportse\/wp-content\/uploads\/2016\/05\/zzzzzz-image.jpg\" alt=\"zzzzzz-image.jpg\" align=\"center\" width=\"362\" height=\"467\" srcset=\"https:\/\/usagers-transports.haut-allier.eu\/wp-content\/uploads\/2016\/05\/zzzzzz-image.jpg 362w, https:\/\/usagers-transports.haut-allier.eu\/wp-content\/uploads\/2016\/05\/zzzzzz-image-233x300.jpg 233w\" sizes=\"auto, (max-width: 362px) 100vw, 362px\" \/><p>&nbsp;<\/p>\n\n\t<figure class=\"wp-block-gallery columns-1 is-cropped wp-block-gallery-1 is-layout-flex wp-block-gallery-is-layout-flex\">\n\t\t<ul class=\"blocks-gallery-grid\">\n\t\t\t<li class=\"blocks-gallery-item\">\n\t\t\t\t<figure>\n\t\t\t\t\t\t\t\t\t\t\t<img loading=\"lazy\" decoding=\"async\" width=\"550\" height=\"1000\" src=\"http:\/\/5.45.101.177\/haut-allier\/usagers-transportse\/wp-content\/uploads\/2016\/05\/vomibag-sachet-instructions.png\"\n\t\t\t\t\t\t alt=\"vomibag-sachet-instructions.png\"\n\t\t\t\t\t\t data-id=\"1820\"\n\t\t\t\t\t\t data-full-url=\"http:\/\/5.45.101.177\/haut-allier\/usagers-transportse\/wp-content\/uploads\/2016\/05\/vomibag-sachet-instructions.png\"\n\t\t\t\t\t\t data-link=\"http:\/\/5.45.101.177\/haut-allier\/usagers-transportse\/attachment-vomibag-sachet-instructions-png\/\"\n\t\t\t\t\t\t class=\"wp-image-1820\" srcset=\"https:\/\/usagers-transports.haut-allier.eu\/wp-content\/uploads\/2016\/05\/vomibag-sachet-instructions.png 550w, https:\/\/usagers-transports.haut-allier.eu\/wp-content\/uploads\/2016\/05\/vomibag-sachet-instructions-165x300.png 165w\" sizes=\"auto, (max-width: 550px) 100vw, 550px\" \/>\n\t\t\t\t<\/figure>\n\t\t\t<\/li>\n\t\t<\/ul>\n\t<\/figure>\n","protected":false},"excerpt":{"rendered":"<p>Enfin \u00ab\u00a0LA\u00a0\u00bb solution pour survivre ! En attendant le retour des trains sur 100% des circulations empruntant la<\/p>\n","protected":false},"author":1,"featured_media":1814,"comment_status":"closed","ping_status":"open","sticky":false,"template":"","format":"standard","meta":{"footnotes":""},"categories":[3],"tags":[],"class_list":["post-298","post","type-post","status-publish","format-standard","has-post-thumbnail","hentry","category-en-train"],"_links":{"self":[{"href":"https:\/\/usagers-transports.haut-allier.eu\/index.php\/wp-json\/wp\/v2\/posts\/298","targetHints":{"allow":["GET"]}}],"collection":[{"href":"https:\/\/usagers-transports.haut-allier.eu\/index.php\/wp-json\/wp\/v2\/posts"}],"about":[{"href":"https:\/\/usagers-transports.haut-allier.eu\/index.php\/wp-json\/wp\/v2\/types\/post"}],"author":[{"embeddable":true,"href":"https:\/\/usagers-transports.haut-allier.eu\/index.php\/wp-json\/wp\/v2\/users\/1"}],"replies":[{"embeddable":true,"href":"https:\/\/usagers-transports.haut-allier.eu\/index.php\/wp-json\/wp\/v2\/comments?post=298"}],"version-history":[{"count":1,"href":"https:\/\/usagers-transports.haut-allier.eu\/index.php\/wp-json\/wp\/v2\/posts\/298\/revisions"}],"predecessor-version":[{"id":1821,"href":"https:\/\/usagers-transports.haut-allier.eu\/index.php\/wp-json\/wp\/v2\/posts\/298\/revisions\/1821"}],"wp:featuredmedia":[{"embeddable":true,"href":"https:\/\/usagers-transports.haut-allier.eu\/index.php\/wp-json\/wp\/v2\/media\/1814"}],"wp:attachment":[{"href":"https:\/\/usagers-transports.haut-allier.eu\/index.php\/wp-json\/wp\/v2\/media?parent=298"}],"wp:term":[{"taxonomy":"category","embeddable":true,"href":"https:\/\/usagers-transports.haut-allier.eu\/index.php\/wp-json\/wp\/v2\/categories?post=298"},{"taxonomy":"post_tag","embeddable":true,"href":"https:\/\/usagers-transports.haut-allier.eu\/index.php\/wp-json\/wp\/v2\/tags?post=298"}],"curies":[{"name":"wp","href":"https:\/\/api.w.org\/{rel}","templated":true}]}}