{"id":299,"date":"2016-08-09T06:42:00","date_gmt":"2016-08-09T04:42:00","guid":{"rendered":"http:\/\/5.45.101.177\/haut-allier\/usagers-transportse\/index.php\/2016\/08\/09\/deplacements-routiers-alleyras-et299\/"},"modified":"2026-09-01T15:53:53","modified_gmt":"2026-09-01T13:53:53","slug":"deplacements-routiers-alleyras-et299","status":"publish","type":"post","link":"https:\/\/usagers-transports.haut-allier.eu\/index.php\/2016\/08\/09\/deplacements-routiers-alleyras-et299\/","title":{"rendered":"D\u00e9placements routiers : Alleyras et les gorges sauvages de l&rsquo;Allier effac\u00e9s par le Conseil D\u00e9partemental [MAJ : Sa r\u00e9ponse et la n\u00f4tre]"},"content":{"rendered":"<strong>[Mise \u00e0 jour du 9 ao\u00fbt]<\/strong>\n&nbsp;\nNous recevons ce jour la r\u00e9ponse du conseil d\u00e9partemental.\n&nbsp;\n<img loading=\"lazy\" decoding=\"async\" class=\" aligncenter size-full wp-image-1823\" src=\"http:\/\/5.45.101.177\/haut-allier\/usagers-transportse\/wp-content\/uploads\/2016\/08\/IMG_20160809_072213.jpg\" alt=\"IMG_20160809_072213.jpg\" align=\"center\" width=\"800\" height=\"1112\" srcset=\"https:\/\/usagers-transports.haut-allier.eu\/wp-content\/uploads\/2016\/08\/IMG_20160809_072213.jpg 800w, https:\/\/usagers-transports.haut-allier.eu\/wp-content\/uploads\/2016\/08\/IMG_20160809_072213-216x300.jpg 216w, https:\/\/usagers-transports.haut-allier.eu\/wp-content\/uploads\/2016\/08\/IMG_20160809_072213-737x1024.jpg 737w, https:\/\/usagers-transports.haut-allier.eu\/wp-content\/uploads\/2016\/08\/IMG_20160809_072213-768x1068.jpg 768w\" sizes=\"auto, (max-width: 800px) 100vw, 800px\" \/>\n<img loading=\"lazy\" decoding=\"async\" class=\" aligncenter size-full wp-image-1824\" src=\"http:\/\/5.45.101.177\/haut-allier\/usagers-transportse\/wp-content\/uploads\/2016\/08\/IMG_20160809_072235.jpg\" alt=\"IMG_20160809_072235.jpg\" align=\"center\" width=\"800\" height=\"1091\" srcset=\"https:\/\/usagers-transports.haut-allier.eu\/wp-content\/uploads\/2016\/08\/IMG_20160809_072235.jpg 800w, https:\/\/usagers-transports.haut-allier.eu\/wp-content\/uploads\/2016\/08\/IMG_20160809_072235-220x300.jpg 220w, https:\/\/usagers-transports.haut-allier.eu\/wp-content\/uploads\/2016\/08\/IMG_20160809_072235-751x1024.jpg 751w, https:\/\/usagers-transports.haut-allier.eu\/wp-content\/uploads\/2016\/08\/IMG_20160809_072235-768x1047.jpg 768w\" sizes=\"auto, (max-width: 800px) 100vw, 800px\" \/>\n&nbsp;\nNous relevons :\n&#8211; <em>\u00ab\u00a0L&rsquo;agglom\u00e9ration du Pont d&rsquo;Alleyras a \u00e9t\u00e9 trait\u00e9e en fonction de son importance, comme les autres&#8230;\u00a0\u00bb<\/em> : nous disons que le Pont d&rsquo;Alleyras est un passage majeur sur l&rsquo;Allier, il doit b\u00e9n\u00e9ficier d&rsquo;une meilleure signalisation. Comment expliquer que Chapeauroux en Loz\u00e8re b\u00e9n\u00e9ficie d&rsquo;une information routi\u00e8re hors du commun depuis Saugues jusqu&rsquo;aux portes d&rsquo;Alleyras ? Les choix et les arbitrages de <em>1994<\/em> ont \u00e9t\u00e9 mauvais et nous le maintenons. Ils ont enterr\u00e9 Alleyras. Nous demandons r\u00e9paration.\n&#8211; qu&rsquo;il faudra attendre deux ans pour voir les panneaux d\u00e9grad\u00e9s renouvel\u00e9s : pas s\u00e9rieux et nous devons comme d&rsquo;habitude passer en dernier avec les communes de l&rsquo;ouest de la Haute-Loire !\n&#8211; qu&rsquo;aucune r\u00e9ponse ne nous est donn\u00e9e concernant notre demande de signalisation de la portion de route Saugues RN88 en itin\u00e9raire touristique. Nous renouvellons cette demande. \n&nbsp;\n\n<strong>Nous ne pouvons maintenant qu&rsquo;exprimer notre \u00e9tonnement et notre insatisfaction, en renvoyant la nouvelle demande ci-dessous :<\/strong>\n&nbsp;\n<a href=\"http:\/\/5.45.101.177\/haut-allier\/usagers-transportse\/wp-content\/uploads\/2016\/08\/usagers-transports-haut-allier-cg43-09082016-signaletique-et-gravillonnage-alleyras.pdf\">usagers-transports-haut-allier-cg43-09082016-signaletique-et-gravillonnage-alleyras.pdf<\/a>\n&nbsp;\n&nbsp;\n<strong>[Article du 26 mai]<\/strong>\n&nbsp;\nVolontairement ou par abandon c&rsquo;est une situation inadmissible qui affecte les habitants situ\u00e9s le long de la d\u00e9partementale 33 et 40 qui emm\u00e8nent au passage de l&rsquo;Allier soit vers le Velay soit vers le G\u00e9vaudan. Donc les habitants d&rsquo;Alleyras et ses villages particuli\u00e8rement.\n&nbsp;\nIl a \u00e9t\u00e9 choisi il fut un temps, pour des raisons obscures que l&rsquo;on ignore, de laisser tomber cette commune et de la laisser en dehors des grands axes de communication routi\u00e8re au b\u00e9n\u00e9fice du Nouveau Monde \/ Chapeauroux au sud et au b\u00e9n\u00e9fice de Monistrol d&rsquo;Allier au nord.\n&nbsp;\nCe choix a \u00e9t\u00e9 accompagn\u00e9 de l&rsquo;effacement presque total de signal\u00e9tique routi\u00e8re le long des axes nord &#8211; sud et est &#8211; ouest de la zone. Preuve en est la carte ci-dessous o\u00f9 figurent les voies d&rsquo;acc\u00e8s \u00e0 Alleyras, autant d&rsquo;habitants que Monistrol sa voisine et bien plus qu&rsquo;au Nouveau Monde \/ Chapeauroux. En tous cas un des 3 passages principaux de l&rsquo;Allier dans ses gorges sauvages.\n&nbsp;\nExemple : Lorsque le conducteur d&rsquo;un v\u00e9hicule routier sort de l&rsquo;A75 et veut rejoindre Alleyras il se retrouve devant un effacement quasi total de signalisation il faut se trouver \u00e0 8 kilom\u00e8tres pour commencer \u00e0 voir un panneau, et encore cel\u00e0 d\u00e9pend du c\u00f4t\u00e9 d&rsquo;arriv\u00e9e.\n&nbsp;\nAutre exemple : Lorsqu&rsquo;un conducteur arrive de la RN 88 et veut rejoindre Alleyras c&rsquo;est la m\u00eame chose. Ce n&rsquo;est qu&rsquo;\u00e0 Saint-Haon ou \u00e0  Cayres qu&rsquo;il y a des indications.\n&nbsp;\nUne rapide petite enqu\u00eate photographique le prouve avec les clich\u00e9s ci-dessous : il y a volont\u00e9 manifeste de ne pas conduire \u00e0 la commune, ne parlons m\u00eame pas du Bourg, village centre, mais seulement du Pont d&rsquo;Alleyras, alors que sur la partie ouest de la zone Chapeauroux, EN LOZERE,  0 (Z\u00e9ro) habitants (recensement de 2011), et \u00e0 chaque fois cit\u00e9 sur les panneaux pos\u00e9s par le d\u00e9partement de Haute-Loire.\n&nbsp;\nLe visiteur doit donc avoir en main une carte IGN ou doit bien conna\u00eetre les lieux pour acc\u00e9der \u00e0 la commune sans l&rsquo;aide d&rsquo;Internet.\n&nbsp;\n<strong>Voici tous les carrefours concern\u00e9s et ce que nous y demandons:<\/strong>\n&nbsp;\n <img loading=\"lazy\" decoding=\"async\" class=\" aligncenter size-full wp-image-1826\" src=\"http:\/\/5.45.101.177\/haut-allier\/usagers-transportse\/wp-content\/uploads\/2016\/08\/carte-geoportail-positions-v2n.png\" alt=\"carte-geoportail-positions-v2n.png\" align=\"center\" width=\"928\" height=\"744\" srcset=\"https:\/\/usagers-transports.haut-allier.eu\/wp-content\/uploads\/2016\/08\/carte-geoportail-positions-v2n.png 928w, https:\/\/usagers-transports.haut-allier.eu\/wp-content\/uploads\/2016\/08\/carte-geoportail-positions-v2n-300x241.png 300w, https:\/\/usagers-transports.haut-allier.eu\/wp-content\/uploads\/2016\/08\/carte-geoportail-positions-v2n-768x616.png 768w\" sizes=\"auto, (max-width: 928px) 100vw, 928px\" \/>\n&nbsp;\nCarrefour 1 :  embranchement D32 sur la D589 \u00e0 la sortie de Saugues en venant de l&rsquo;A75 :\n<strong>Ici nous demandons la pose d&rsquo;un panneau : \u00ab\u00a0Le Puy en Velay par Pont d&rsquo;Alleyras Route touristique\u00a0\u00bb<\/strong>\n<img loading=\"lazy\" decoding=\"async\" class=\" aligncenter size-full wp-image-1827\" src=\"http:\/\/5.45.101.177\/haut-allier\/usagers-transportse\/wp-content\/uploads\/2016\/08\/effacement-alleyras-croisement-d32-d589-a-Saugues.jpg\" alt=\"effacement-alleyras-croisement-d32-d589-a-Saugues.jpg\" align=\"center\" width=\"800\" height=\"571\" srcset=\"https:\/\/usagers-transports.haut-allier.eu\/wp-content\/uploads\/2016\/08\/effacement-alleyras-croisement-d32-d589-a-Saugues.jpg 800w, https:\/\/usagers-transports.haut-allier.eu\/wp-content\/uploads\/2016\/08\/effacement-alleyras-croisement-d32-d589-a-Saugues-300x214.jpg 300w, https:\/\/usagers-transports.haut-allier.eu\/wp-content\/uploads\/2016\/08\/effacement-alleyras-croisement-d32-d589-a-Saugues-768x548.jpg 768w\" sizes=\"auto, (max-width: 800px) 100vw, 800px\" \/>\n&nbsp;\nCarrefour 2 :  embranchement D34 sur la D585 \u00e0 Babonn\u00e8s :\n<strong>Ici nous demandons la pose du m\u00eame panneau : \u00ab\u00a0Le Puy en Velay par Pont d&rsquo;Alleyras Route touristique\u00a0\u00bb<\/strong>\n<img loading=\"lazy\" decoding=\"async\" class=\" aligncenter size-full wp-image-1828\" src=\"http:\/\/5.45.101.177\/haut-allier\/usagers-transportse\/wp-content\/uploads\/2016\/08\/effacement-alleyras-croisement-d34-d585-babonnes-00.jpg\" alt=\"effacement-alleyras-croisement-d34-d585-babonnes-00.jpg\" align=\"center\" width=\"800\" height=\"600\" srcset=\"https:\/\/usagers-transports.haut-allier.eu\/wp-content\/uploads\/2016\/08\/effacement-alleyras-croisement-d34-d585-babonnes-00.jpg 800w, https:\/\/usagers-transports.haut-allier.eu\/wp-content\/uploads\/2016\/08\/effacement-alleyras-croisement-d34-d585-babonnes-00-300x225.jpg 300w, https:\/\/usagers-transports.haut-allier.eu\/wp-content\/uploads\/2016\/08\/effacement-alleyras-croisement-d34-d585-babonnes-00-768x576.jpg 768w\" sizes=\"auto, (max-width: 800px) 100vw, 800px\" \/>\n<img loading=\"lazy\" decoding=\"async\" class=\" aligncenter size-full wp-image-1829\" src=\"http:\/\/5.45.101.177\/haut-allier\/usagers-transportse\/wp-content\/uploads\/2016\/08\/effacement-alleyras-croisement-d34-d585-babonnes-01.jpg\" alt=\"effacement-alleyras-croisement-d34-d585-babonnes-01.jpg\" align=\"center\" width=\"800\" height=\"600\" srcset=\"https:\/\/usagers-transports.haut-allier.eu\/wp-content\/uploads\/2016\/08\/effacement-alleyras-croisement-d34-d585-babonnes-01.jpg 800w, https:\/\/usagers-transports.haut-allier.eu\/wp-content\/uploads\/2016\/08\/effacement-alleyras-croisement-d34-d585-babonnes-01-300x225.jpg 300w, https:\/\/usagers-transports.haut-allier.eu\/wp-content\/uploads\/2016\/08\/effacement-alleyras-croisement-d34-d585-babonnes-01-768x576.jpg 768w\" sizes=\"auto, (max-width: 800px) 100vw, 800px\" \/>\n&nbsp;\nCarrefour 3 :  embranchement D159 sur la D985 \u00e0 la Baraque du Tribe (St Symphorien) :\n<strong>Ici nous demandons la pose d&rsquo;un panneau : \u00ab\u00a0Le Puy par Pont d&rsquo;Alleyras\u00a0\u00bb<\/strong>\n<img loading=\"lazy\" decoding=\"async\" class=\" aligncenter size-full wp-image-1830\" src=\"http:\/\/5.45.101.177\/haut-allier\/usagers-transportse\/wp-content\/uploads\/2016\/08\/effacement-alleyras-croisement-d159-d985-baraque-du-tribe-00.jpg\" alt=\"effacement-alleyras-croisement-d159-d985-baraque-du-tribe-00.jpg\" align=\"center\" width=\"800\" height=\"600\" srcset=\"https:\/\/usagers-transports.haut-allier.eu\/wp-content\/uploads\/2016\/08\/effacement-alleyras-croisement-d159-d985-baraque-du-tribe-00.jpg 800w, https:\/\/usagers-transports.haut-allier.eu\/wp-content\/uploads\/2016\/08\/effacement-alleyras-croisement-d159-d985-baraque-du-tribe-00-300x225.jpg 300w, https:\/\/usagers-transports.haut-allier.eu\/wp-content\/uploads\/2016\/08\/effacement-alleyras-croisement-d159-d985-baraque-du-tribe-00-768x576.jpg 768w\" sizes=\"auto, (max-width: 800px) 100vw, 800px\" \/>\n<img loading=\"lazy\" decoding=\"async\" class=\" aligncenter size-full wp-image-1831\" src=\"http:\/\/5.45.101.177\/haut-allier\/usagers-transportse\/wp-content\/uploads\/2016\/08\/effacement-alleyras-croisement-d159-d985-baraque-du-tribe-01.jpg\" alt=\"effacement-alleyras-croisement-d159-d985-baraque-du-tribe-01.jpg\" align=\"center\" width=\"800\" height=\"568\" srcset=\"https:\/\/usagers-transports.haut-allier.eu\/wp-content\/uploads\/2016\/08\/effacement-alleyras-croisement-d159-d985-baraque-du-tribe-01.jpg 800w, https:\/\/usagers-transports.haut-allier.eu\/wp-content\/uploads\/2016\/08\/effacement-alleyras-croisement-d159-d985-baraque-du-tribe-01-300x213.jpg 300w, https:\/\/usagers-transports.haut-allier.eu\/wp-content\/uploads\/2016\/08\/effacement-alleyras-croisement-d159-d985-baraque-du-tribe-01-768x545.jpg 768w\" sizes=\"auto, (max-width: 800px) 100vw, 800px\" \/>\n&nbsp;\nCarrefour 4 :  embranchement D59 sur la D985 \u00e0 Ancette :\n<strong>Ici nous demandons la pose d&rsquo;un panneau : \u00ab\u00a0Le Puy en Velay par Pont d&rsquo;Alleyras\u00a0\u00bb<\/strong>\n<img loading=\"lazy\" decoding=\"async\" class=\" aligncenter size-full wp-image-1832\" src=\"http:\/\/5.45.101.177\/haut-allier\/usagers-transportse\/wp-content\/uploads\/2016\/08\/effacement-alleyras-croisement-d59-d985-ancette-00.jpg\" alt=\"effacement-alleyras-croisement-d59-d985-ancette-00.jpg\" align=\"center\" width=\"800\" height=\"589\" srcset=\"https:\/\/usagers-transports.haut-allier.eu\/wp-content\/uploads\/2016\/08\/effacement-alleyras-croisement-d59-d985-ancette-00.jpg 800w, https:\/\/usagers-transports.haut-allier.eu\/wp-content\/uploads\/2016\/08\/effacement-alleyras-croisement-d59-d985-ancette-00-300x221.jpg 300w, https:\/\/usagers-transports.haut-allier.eu\/wp-content\/uploads\/2016\/08\/effacement-alleyras-croisement-d59-d985-ancette-00-768x565.jpg 768w\" sizes=\"auto, (max-width: 800px) 100vw, 800px\" \/>\n<img loading=\"lazy\" decoding=\"async\" class=\" aligncenter size-full wp-image-1833\" src=\"http:\/\/5.45.101.177\/haut-allier\/usagers-transportse\/wp-content\/uploads\/2016\/08\/effacement-alleyras-croisement-d59-d985-ancette-01.jpg\" alt=\"effacement-alleyras-croisement-d59-d985-ancette-01.jpg\" align=\"center\" width=\"800\" height=\"601\" srcset=\"https:\/\/usagers-transports.haut-allier.eu\/wp-content\/uploads\/2016\/08\/effacement-alleyras-croisement-d59-d985-ancette-01.jpg 800w, https:\/\/usagers-transports.haut-allier.eu\/wp-content\/uploads\/2016\/08\/effacement-alleyras-croisement-d59-d985-ancette-01-300x225.jpg 300w, https:\/\/usagers-transports.haut-allier.eu\/wp-content\/uploads\/2016\/08\/effacement-alleyras-croisement-d59-d985-ancette-01-768x577.jpg 768w\" sizes=\"auto, (max-width: 800px) 100vw, 800px\" \/>\n<img loading=\"lazy\" decoding=\"async\" class=\" aligncenter size-full wp-image-1834\" src=\"http:\/\/5.45.101.177\/haut-allier\/usagers-transportse\/wp-content\/uploads\/2016\/08\/effacement-alleyras-croisement-d59-d985-ancette-10.jpg\" alt=\"effacement-alleyras-croisement-d59-d985-ancette-10.jpg\" align=\"center\" width=\"800\" height=\"600\" srcset=\"https:\/\/usagers-transports.haut-allier.eu\/wp-content\/uploads\/2016\/08\/effacement-alleyras-croisement-d59-d985-ancette-10.jpg 800w, https:\/\/usagers-transports.haut-allier.eu\/wp-content\/uploads\/2016\/08\/effacement-alleyras-croisement-d59-d985-ancette-10-300x225.jpg 300w, https:\/\/usagers-transports.haut-allier.eu\/wp-content\/uploads\/2016\/08\/effacement-alleyras-croisement-d59-d985-ancette-10-768x576.jpg 768w\" sizes=\"auto, (max-width: 800px) 100vw, 800px\" \/>\n&nbsp;\nCarrefour 4cham :  embranchement vers Cham et Laval Atger sur D59 \u00e0 Ancette :\n<strong>Ici nous demandons la pose d&rsquo;un panneau : \u00ab\u00a0Le Puy en Velay par Pont d&rsquo;Alleyras\u00a0\u00bb<\/strong>\n<img loading=\"lazy\" decoding=\"async\" class=\" aligncenter size-full wp-image-1835\" src=\"http:\/\/5.45.101.177\/haut-allier\/usagers-transportse\/wp-content\/uploads\/2016\/08\/effacement-alleyras-croisement-d59-d985-ancette-11.jpg\" alt=\"effacement-alleyras-croisement-d59-d985-ancette-11.jpg\" align=\"center\" width=\"800\" height=\"591\" srcset=\"https:\/\/usagers-transports.haut-allier.eu\/wp-content\/uploads\/2016\/08\/effacement-alleyras-croisement-d59-d985-ancette-11.jpg 800w, https:\/\/usagers-transports.haut-allier.eu\/wp-content\/uploads\/2016\/08\/effacement-alleyras-croisement-d59-d985-ancette-11-300x222.jpg 300w, https:\/\/usagers-transports.haut-allier.eu\/wp-content\/uploads\/2016\/08\/effacement-alleyras-croisement-d59-d985-ancette-11-768x567.jpg 768w\" sizes=\"auto, (max-width: 800px) 100vw, 800px\" \/>\n<img loading=\"lazy\" decoding=\"async\" class=\" aligncenter size-full wp-image-1836\" src=\"http:\/\/5.45.101.177\/haut-allier\/usagers-transportse\/wp-content\/uploads\/2016\/08\/effacement-alleyras-croisement-d59-d26-ancelpont-00.jpg\" alt=\"effacement-alleyras-croisement-d59-d26-ancelpont-00.jpg\" align=\"center\" width=\"800\" height=\"585\" srcset=\"https:\/\/usagers-transports.haut-allier.eu\/wp-content\/uploads\/2016\/08\/effacement-alleyras-croisement-d59-d26-ancelpont-00.jpg 800w, https:\/\/usagers-transports.haut-allier.eu\/wp-content\/uploads\/2016\/08\/effacement-alleyras-croisement-d59-d26-ancelpont-00-300x219.jpg 300w, https:\/\/usagers-transports.haut-allier.eu\/wp-content\/uploads\/2016\/08\/effacement-alleyras-croisement-d59-d26-ancelpont-00-768x562.jpg 768w\" sizes=\"auto, (max-width: 800px) 100vw, 800px\" \/>\n&nbsp;\nCarrefour 4pont :  embranchement D59 sur la D985 \u00e0 Ancelpont :\n<strong>Ici nous demandons la pose d&rsquo;un panneau : \u00ab\u00a0Le Puy en Velay par Pont d&rsquo;Alleyras\u00a0\u00bb<\/strong>\n<img loading=\"lazy\" decoding=\"async\" class=\" aligncenter size-full wp-image-1837\" src=\"http:\/\/5.45.101.177\/haut-allier\/usagers-transportse\/wp-content\/uploads\/2016\/08\/effacement-alleyras-croisement-d59-d26-ancelpont-01.jpg\" alt=\"effacement-alleyras-croisement-d59-d26-ancelpont-01.jpg\" align=\"center\" width=\"800\" height=\"596\" srcset=\"https:\/\/usagers-transports.haut-allier.eu\/wp-content\/uploads\/2016\/08\/effacement-alleyras-croisement-d59-d26-ancelpont-01.jpg 800w, https:\/\/usagers-transports.haut-allier.eu\/wp-content\/uploads\/2016\/08\/effacement-alleyras-croisement-d59-d26-ancelpont-01-300x224.jpg 300w, https:\/\/usagers-transports.haut-allier.eu\/wp-content\/uploads\/2016\/08\/effacement-alleyras-croisement-d59-d26-ancelpont-01-768x572.jpg 768w\" sizes=\"auto, (max-width: 800px) 100vw, 800px\" \/>\n<img loading=\"lazy\" decoding=\"async\" class=\" aligncenter size-full wp-image-1838\" src=\"http:\/\/5.45.101.177\/haut-allier\/usagers-transportse\/wp-content\/uploads\/2016\/08\/effacement-alleyras-croisement-d59-d159-ancelpont-02.jpg\" alt=\"effacement-alleyras-croisement-d59-d159-ancelpont-02.jpg\" align=\"center\" width=\"800\" height=\"607\" srcset=\"https:\/\/usagers-transports.haut-allier.eu\/wp-content\/uploads\/2016\/08\/effacement-alleyras-croisement-d59-d159-ancelpont-02.jpg 800w, https:\/\/usagers-transports.haut-allier.eu\/wp-content\/uploads\/2016\/08\/effacement-alleyras-croisement-d59-d159-ancelpont-02-300x228.jpg 300w, https:\/\/usagers-transports.haut-allier.eu\/wp-content\/uploads\/2016\/08\/effacement-alleyras-croisement-d59-d159-ancelpont-02-768x583.jpg 768w\" sizes=\"auto, (max-width: 800px) 100vw, 800px\" \/>\n&nbsp;\nCarrefour 5 :  croisement D59 D45 \u00e0 Chambon le Ch\u00e2teau centre :\n<strong>Ici nous demandons la pose d&rsquo;un panneau : \u00ab\u00a0Le Puy en Velay par Pont d&rsquo;Alleyras\u00a0\u00bb<\/strong>\n<img loading=\"lazy\" decoding=\"async\" class=\" aligncenter size-full wp-image-1839\" src=\"http:\/\/5.45.101.177\/haut-allier\/usagers-transportse\/wp-content\/uploads\/2016\/08\/effacement-routier-alleyras-croisement-d45-d59-chambon-le-chateau-centre-00.jpg\" alt=\"effacement-routier-alleyras-croisement-d45-d59-chambon-le-chateau-centre-00.jpg\" align=\"center\" width=\"800\" height=\"477\" srcset=\"https:\/\/usagers-transports.haut-allier.eu\/wp-content\/uploads\/2016\/08\/effacement-routier-alleyras-croisement-d45-d59-chambon-le-chateau-centre-00.jpg 800w, https:\/\/usagers-transports.haut-allier.eu\/wp-content\/uploads\/2016\/08\/effacement-routier-alleyras-croisement-d45-d59-chambon-le-chateau-centre-00-300x179.jpg 300w, https:\/\/usagers-transports.haut-allier.eu\/wp-content\/uploads\/2016\/08\/effacement-routier-alleyras-croisement-d45-d59-chambon-le-chateau-centre-00-768x458.jpg 768w\" sizes=\"auto, (max-width: 800px) 100vw, 800px\" \/>\n&nbsp;\nCarrefour 6 :  croisement D59 D32 \u00e0 Chambon le Ch\u00e2teau :\n<strong>Ici nous demandons la pose d&rsquo;un panneau : \u00ab\u00a0Le Puy en Velay par Pont d&rsquo;Alleyras\u00a0\u00bb<\/strong>\n<img loading=\"lazy\" decoding=\"async\" class=\" aligncenter size-full wp-image-1840\" src=\"http:\/\/5.45.101.177\/haut-allier\/usagers-transportse\/wp-content\/uploads\/2016\/08\/effacement-routier-alleyras-croisement-d32-d59-chambon-lozere-hte-loire-00.jpg\" alt=\"effacement-routier-alleyras-croisement-d32-d59-chambon-lozere-hte-loire-00.jpg\" align=\"center\" width=\"800\" height=\"481\" srcset=\"https:\/\/usagers-transports.haut-allier.eu\/wp-content\/uploads\/2016\/08\/effacement-routier-alleyras-croisement-d32-d59-chambon-lozere-hte-loire-00.jpg 800w, https:\/\/usagers-transports.haut-allier.eu\/wp-content\/uploads\/2016\/08\/effacement-routier-alleyras-croisement-d32-d59-chambon-lozere-hte-loire-00-300x180.jpg 300w, https:\/\/usagers-transports.haut-allier.eu\/wp-content\/uploads\/2016\/08\/effacement-routier-alleyras-croisement-d32-d59-chambon-lozere-hte-loire-00-768x462.jpg 768w\" sizes=\"auto, (max-width: 800px) 100vw, 800px\" \/>\n<img loading=\"lazy\" decoding=\"async\" class=\" aligncenter size-full wp-image-1841\" src=\"http:\/\/5.45.101.177\/haut-allier\/usagers-transportse\/wp-content\/uploads\/2016\/08\/effacement-routier-alleyras-croisement-d32-d59-chambon-lozere-hte-loire-01.jpg\" alt=\"effacement-routier-alleyras-croisement-d32-d59-chambon-lozere-hte-loire-01.jpg\" align=\"center\" width=\"800\" height=\"600\" srcset=\"https:\/\/usagers-transports.haut-allier.eu\/wp-content\/uploads\/2016\/08\/effacement-routier-alleyras-croisement-d32-d59-chambon-lozere-hte-loire-01.jpg 800w, https:\/\/usagers-transports.haut-allier.eu\/wp-content\/uploads\/2016\/08\/effacement-routier-alleyras-croisement-d32-d59-chambon-lozere-hte-loire-01-300x225.jpg 300w, https:\/\/usagers-transports.haut-allier.eu\/wp-content\/uploads\/2016\/08\/effacement-routier-alleyras-croisement-d32-d59-chambon-lozere-hte-loire-01-768x576.jpg 768w\" sizes=\"auto, (max-width: 800px) 100vw, 800px\" \/>\n&nbsp;\nCarrefour 7 :  croisement D321 D32 vers St Christophe d&rsquo;Allier :\n<strong>Ici nous demandons la pose d&rsquo;un panneau : \u00ab\u00a0Pont d&rsquo;Alleyras\u00a0\u00bb<\/strong>\n<img loading=\"lazy\" decoding=\"async\" class=\" aligncenter size-full wp-image-1842\" src=\"http:\/\/5.45.101.177\/haut-allier\/usagers-transportse\/wp-content\/uploads\/2016\/08\/effacement-routier-alleyras-croisement-d321-d32-gite-la-source-01.jpg\" alt=\"effacement-routier-alleyras-croisement-d321-d32-gite-la-source-01.jpg\" align=\"center\" width=\"800\" height=\"485\" srcset=\"https:\/\/usagers-transports.haut-allier.eu\/wp-content\/uploads\/2016\/08\/effacement-routier-alleyras-croisement-d321-d32-gite-la-source-01.jpg 800w, https:\/\/usagers-transports.haut-allier.eu\/wp-content\/uploads\/2016\/08\/effacement-routier-alleyras-croisement-d321-d32-gite-la-source-01-300x182.jpg 300w, https:\/\/usagers-transports.haut-allier.eu\/wp-content\/uploads\/2016\/08\/effacement-routier-alleyras-croisement-d321-d32-gite-la-source-01-768x466.jpg 768w\" sizes=\"auto, (max-width: 800px) 100vw, 800px\" \/>\n<img loading=\"lazy\" decoding=\"async\" class=\" aligncenter size-full wp-image-1843\" src=\"http:\/\/5.45.101.177\/haut-allier\/usagers-transportse\/wp-content\/uploads\/2016\/08\/effacement-routier-alleyras-croisement-d321-d32-gite-la-source-02.jpg\" alt=\"effacement-routier-alleyras-croisement-d321-d32-gite-la-source-02.jpg\" align=\"center\" width=\"800\" height=\"600\" srcset=\"https:\/\/usagers-transports.haut-allier.eu\/wp-content\/uploads\/2016\/08\/effacement-routier-alleyras-croisement-d321-d32-gite-la-source-02.jpg 800w, https:\/\/usagers-transports.haut-allier.eu\/wp-content\/uploads\/2016\/08\/effacement-routier-alleyras-croisement-d321-d32-gite-la-source-02-300x225.jpg 300w, https:\/\/usagers-transports.haut-allier.eu\/wp-content\/uploads\/2016\/08\/effacement-routier-alleyras-croisement-d321-d32-gite-la-source-02-768x576.jpg 768w\" sizes=\"auto, (max-width: 800px) 100vw, 800px\" \/>\n<img loading=\"lazy\" decoding=\"async\" class=\" aligncenter size-full wp-image-1844\" src=\"http:\/\/5.45.101.177\/haut-allier\/usagers-transportse\/wp-content\/uploads\/2016\/08\/effacement-routier-alleyras-croisement-d321-d32-gite-la-source-00.jpg\" alt=\"effacement-routier-alleyras-croisement-d321-d32-gite-la-source-00.jpg\" align=\"center\" width=\"800\" height=\"554\" srcset=\"https:\/\/usagers-transports.haut-allier.eu\/wp-content\/uploads\/2016\/08\/effacement-routier-alleyras-croisement-d321-d32-gite-la-source-00.jpg 800w, https:\/\/usagers-transports.haut-allier.eu\/wp-content\/uploads\/2016\/08\/effacement-routier-alleyras-croisement-d321-d32-gite-la-source-00-300x208.jpg 300w, https:\/\/usagers-transports.haut-allier.eu\/wp-content\/uploads\/2016\/08\/effacement-routier-alleyras-croisement-d321-d32-gite-la-source-00-768x532.jpg 768w\" sizes=\"auto, (max-width: 800px) 100vw, 800px\" \/>\n&nbsp;\nCarrefour 8 :  croisement D321 D32 \u00e0 Chapeauroux :\n<strong>Ici nous demandons la pose d&rsquo;un panneau : \u00ab\u00a0Pont d&rsquo;Alleyras\u00a0\u00bb<\/strong>\n<img loading=\"lazy\" decoding=\"async\" class=\" aligncenter size-full wp-image-1845\" src=\"http:\/\/5.45.101.177\/haut-allier\/usagers-transportse\/wp-content\/uploads\/2016\/08\/effacement-routier-alleyras-croisement-d32-d321-chapeauroux-00.jpg\" alt=\"effacement-routier-alleyras-croisement-d32-d321-chapeauroux-00.jpg\" align=\"center\" width=\"800\" height=\"600\" srcset=\"https:\/\/usagers-transports.haut-allier.eu\/wp-content\/uploads\/2016\/08\/effacement-routier-alleyras-croisement-d32-d321-chapeauroux-00.jpg 800w, https:\/\/usagers-transports.haut-allier.eu\/wp-content\/uploads\/2016\/08\/effacement-routier-alleyras-croisement-d32-d321-chapeauroux-00-300x225.jpg 300w, https:\/\/usagers-transports.haut-allier.eu\/wp-content\/uploads\/2016\/08\/effacement-routier-alleyras-croisement-d32-d321-chapeauroux-00-768x576.jpg 768w\" sizes=\"auto, (max-width: 800px) 100vw, 800px\" \/>\n<img loading=\"lazy\" decoding=\"async\" class=\" aligncenter size-full wp-image-1846\" src=\"http:\/\/5.45.101.177\/haut-allier\/usagers-transportse\/wp-content\/uploads\/2016\/08\/effacement-routier-alleyras-croisement-d32-d321-chapeauroux-02.jpg\" alt=\"effacement-routier-alleyras-croisement-d32-d321-chapeauroux-02.jpg\" align=\"center\" width=\"800\" height=\"483\" srcset=\"https:\/\/usagers-transports.haut-allier.eu\/wp-content\/uploads\/2016\/08\/effacement-routier-alleyras-croisement-d32-d321-chapeauroux-02.jpg 800w, https:\/\/usagers-transports.haut-allier.eu\/wp-content\/uploads\/2016\/08\/effacement-routier-alleyras-croisement-d32-d321-chapeauroux-02-300x181.jpg 300w, https:\/\/usagers-transports.haut-allier.eu\/wp-content\/uploads\/2016\/08\/effacement-routier-alleyras-croisement-d32-d321-chapeauroux-02-768x464.jpg 768w\" sizes=\"auto, (max-width: 800px) 100vw, 800px\" \/>\n&nbsp;\nCarrefour 9 :  croisement D31 D40 \u00e0 Saint-Haon :\n<strong>Ici nous ne demandons rien<\/strong>\n<img loading=\"lazy\" decoding=\"async\" class=\" aligncenter size-full wp-image-1847\" src=\"http:\/\/5.45.101.177\/haut-allier\/usagers-transportse\/wp-content\/uploads\/2016\/08\/effacement-alleyras-croisement-d31-d40-st-haon-00.jpg\" alt=\"effacement-alleyras-croisement-d31-d40-st-haon-00.jpg\" align=\"center\" width=\"800\" height=\"601\" srcset=\"https:\/\/usagers-transports.haut-allier.eu\/wp-content\/uploads\/2016\/08\/effacement-alleyras-croisement-d31-d40-st-haon-00.jpg 800w, https:\/\/usagers-transports.haut-allier.eu\/wp-content\/uploads\/2016\/08\/effacement-alleyras-croisement-d31-d40-st-haon-00-300x225.jpg 300w, https:\/\/usagers-transports.haut-allier.eu\/wp-content\/uploads\/2016\/08\/effacement-alleyras-croisement-d31-d40-st-haon-00-768x577.jpg 768w\" sizes=\"auto, (max-width: 800px) 100vw, 800px\" \/>\n&nbsp;\nCarrefour 10 :  embranchement D31 D40 sud aux Souils :\n<strong>Ici nous demandons la r\u00e9fection du panneau d\u00e9form\u00e9<\/strong>\n<img loading=\"lazy\" decoding=\"async\" class=\" aligncenter size-full wp-image-1848\" src=\"http:\/\/5.45.101.177\/haut-allier\/usagers-transportse\/wp-content\/uploads\/2016\/08\/effacement-routier-alleyras-croisement-d31-d40-sud-les-souils-00.jpg\" alt=\"effacement-routier-alleyras-croisement-d31-d40-sud-les-souils-00.jpg\" align=\"center\" width=\"800\" height=\"488\" srcset=\"https:\/\/usagers-transports.haut-allier.eu\/wp-content\/uploads\/2016\/08\/effacement-routier-alleyras-croisement-d31-d40-sud-les-souils-00.jpg 800w, https:\/\/usagers-transports.haut-allier.eu\/wp-content\/uploads\/2016\/08\/effacement-routier-alleyras-croisement-d31-d40-sud-les-souils-00-300x183.jpg 300w, https:\/\/usagers-transports.haut-allier.eu\/wp-content\/uploads\/2016\/08\/effacement-routier-alleyras-croisement-d31-d40-sud-les-souils-00-768x468.jpg 768w\" sizes=\"auto, (max-width: 800px) 100vw, 800px\" \/>\n&nbsp;\nCarrefour 11 :  embranchement D31 D40 nord aux Souils :\n<strong>Ici nous demandons une nouvelle installation avec des panneaux lisibles !<\/strong>\n<img loading=\"lazy\" decoding=\"async\" class=\" aligncenter size-full wp-image-1849\" src=\"http:\/\/5.45.101.177\/haut-allier\/usagers-transportse\/wp-content\/uploads\/2016\/08\/effacement-alleyras-croisement-d40-d31-aux-souils-01.jpg\" alt=\"effacement-alleyras-croisement-d40-d31-aux-souils-01.jpg\" align=\"center\" width=\"800\" height=\"571\" srcset=\"https:\/\/usagers-transports.haut-allier.eu\/wp-content\/uploads\/2016\/08\/effacement-alleyras-croisement-d40-d31-aux-souils-01.jpg 800w, https:\/\/usagers-transports.haut-allier.eu\/wp-content\/uploads\/2016\/08\/effacement-alleyras-croisement-d40-d31-aux-souils-01-300x214.jpg 300w, https:\/\/usagers-transports.haut-allier.eu\/wp-content\/uploads\/2016\/08\/effacement-alleyras-croisement-d40-d31-aux-souils-01-768x548.jpg 768w\" sizes=\"auto, (max-width: 800px) 100vw, 800px\" \/>\n<img loading=\"lazy\" decoding=\"async\" class=\" aligncenter size-full wp-image-1850\" src=\"http:\/\/5.45.101.177\/haut-allier\/usagers-transportse\/wp-content\/uploads\/2016\/08\/effacement-alleyras-croisement-d40-d31-aux-souils-01a.jpg\" alt=\"effacement-alleyras-croisement-d40-d31-aux-souils-01a.jpg\" align=\"center\" width=\"800\" height=\"570\" srcset=\"https:\/\/usagers-transports.haut-allier.eu\/wp-content\/uploads\/2016\/08\/effacement-alleyras-croisement-d40-d31-aux-souils-01a.jpg 800w, https:\/\/usagers-transports.haut-allier.eu\/wp-content\/uploads\/2016\/08\/effacement-alleyras-croisement-d40-d31-aux-souils-01a-300x214.jpg 300w, https:\/\/usagers-transports.haut-allier.eu\/wp-content\/uploads\/2016\/08\/effacement-alleyras-croisement-d40-d31-aux-souils-01a-768x547.jpg 768w\" sizes=\"auto, (max-width: 800px) 100vw, 800px\" \/>\n<img loading=\"lazy\" decoding=\"async\" class=\" aligncenter size-full wp-image-1851\" src=\"http:\/\/5.45.101.177\/haut-allier\/usagers-transportse\/wp-content\/uploads\/2016\/08\/effacement-alleyras-croisement-d40-d31-aux-souils-02.jpg\" alt=\"effacement-alleyras-croisement-d40-d31-aux-souils-02.jpg\" align=\"center\" width=\"800\" height=\"601\" srcset=\"https:\/\/usagers-transports.haut-allier.eu\/wp-content\/uploads\/2016\/08\/effacement-alleyras-croisement-d40-d31-aux-souils-02.jpg 800w, https:\/\/usagers-transports.haut-allier.eu\/wp-content\/uploads\/2016\/08\/effacement-alleyras-croisement-d40-d31-aux-souils-02-300x225.jpg 300w, https:\/\/usagers-transports.haut-allier.eu\/wp-content\/uploads\/2016\/08\/effacement-alleyras-croisement-d40-d31-aux-souils-02-768x577.jpg 768w\" sizes=\"auto, (max-width: 800px) 100vw, 800px\" \/>\n&nbsp;\nCarrefour 12:  embranchement D31 D53 au Bouchet Saint-Nicolas :\n<strong>Ici nous demandons un panneau Alleyras et Pont d&rsquo;Alleyras<\/strong>\n<img loading=\"lazy\" decoding=\"async\" class=\" aligncenter size-full wp-image-1852\" src=\"http:\/\/5.45.101.177\/haut-allier\/usagers-transportse\/wp-content\/uploads\/2016\/08\/effacement-routier-alleyras-croisement-d31-d53-bouchet-00.jpg\" alt=\"effacement-routier-alleyras-croisement-d31-d53-bouchet-00.jpg\" align=\"center\" width=\"800\" height=\"482\" srcset=\"https:\/\/usagers-transports.haut-allier.eu\/wp-content\/uploads\/2016\/08\/effacement-routier-alleyras-croisement-d31-d53-bouchet-00.jpg 800w, https:\/\/usagers-transports.haut-allier.eu\/wp-content\/uploads\/2016\/08\/effacement-routier-alleyras-croisement-d31-d53-bouchet-00-300x181.jpg 300w, https:\/\/usagers-transports.haut-allier.eu\/wp-content\/uploads\/2016\/08\/effacement-routier-alleyras-croisement-d31-d53-bouchet-00-768x463.jpg 768w\" sizes=\"auto, (max-width: 800px) 100vw, 800px\" \/>\n&nbsp;\nCarrefour 13 :  embranchement D31 D33 \u00e0 Cayres centre mairie :\n<strong>Ici nous ne demandons rien<\/strong>\n<img loading=\"lazy\" decoding=\"async\" class=\" aligncenter size-full wp-image-1853\" src=\"http:\/\/5.45.101.177\/haut-allier\/usagers-transportse\/wp-content\/uploads\/2016\/08\/effacement-routier-alleyras-croisement-d31-d33-mairie-cayres-01.jpg\" alt=\"effacement-routier-alleyras-croisement-d31-d33-mairie-cayres-01.jpg\" align=\"center\" width=\"800\" height=\"492\" srcset=\"https:\/\/usagers-transports.haut-allier.eu\/wp-content\/uploads\/2016\/08\/effacement-routier-alleyras-croisement-d31-d33-mairie-cayres-01.jpg 800w, https:\/\/usagers-transports.haut-allier.eu\/wp-content\/uploads\/2016\/08\/effacement-routier-alleyras-croisement-d31-d33-mairie-cayres-01-300x185.jpg 300w, https:\/\/usagers-transports.haut-allier.eu\/wp-content\/uploads\/2016\/08\/effacement-routier-alleyras-croisement-d31-d33-mairie-cayres-01-768x472.jpg 768w\" sizes=\"auto, (max-width: 800px) 100vw, 800px\" \/>\n<img loading=\"lazy\" decoding=\"async\" class=\" aligncenter size-full wp-image-1854\" src=\"http:\/\/5.45.101.177\/haut-allier\/usagers-transportse\/wp-content\/uploads\/2016\/08\/effacement-routier-alleyras-croisement-d31-d33-mairie-cayres-00.jpg\" alt=\"effacement-routier-alleyras-croisement-d31-d33-mairie-cayres-00.jpg\" align=\"center\" width=\"800\" height=\"542\" srcset=\"https:\/\/usagers-transports.haut-allier.eu\/wp-content\/uploads\/2016\/08\/effacement-routier-alleyras-croisement-d31-d33-mairie-cayres-00.jpg 800w, https:\/\/usagers-transports.haut-allier.eu\/wp-content\/uploads\/2016\/08\/effacement-routier-alleyras-croisement-d31-d33-mairie-cayres-00-300x203.jpg 300w, https:\/\/usagers-transports.haut-allier.eu\/wp-content\/uploads\/2016\/08\/effacement-routier-alleyras-croisement-d31-d33-mairie-cayres-00-768x520.jpg 768w\" sizes=\"auto, (max-width: 800px) 100vw, 800px\" \/>\n&nbsp;\nCarrefour 13 bis :  embranchement D31 D33 \u00e0 Cayres centre fontaine :\n<strong>Ici nous ne demandons rien<\/strong>\n<img loading=\"lazy\" decoding=\"async\" class=\" aligncenter size-full wp-image-1855\" src=\"http:\/\/5.45.101.177\/haut-allier\/usagers-transportse\/wp-content\/uploads\/2016\/08\/effacement-routier-alleyras-croisement-d31-d33-fontaine-cayres-00.jpg\" alt=\"effacement-routier-alleyras-croisement-d31-d33-fontaine-cayres-00.jpg\" align=\"center\" width=\"800\" height=\"474\" srcset=\"https:\/\/usagers-transports.haut-allier.eu\/wp-content\/uploads\/2016\/08\/effacement-routier-alleyras-croisement-d31-d33-fontaine-cayres-00.jpg 800w, https:\/\/usagers-transports.haut-allier.eu\/wp-content\/uploads\/2016\/08\/effacement-routier-alleyras-croisement-d31-d33-fontaine-cayres-00-300x178.jpg 300w, https:\/\/usagers-transports.haut-allier.eu\/wp-content\/uploads\/2016\/08\/effacement-routier-alleyras-croisement-d31-d33-fontaine-cayres-00-768x455.jpg 768w\" sizes=\"auto, (max-width: 800px) 100vw, 800px\" \/>\n&nbsp;\nCarrefour 14 :  embranchement D34 sur D589 \u00e0 Montbonnet :\n<strong>Ici nous ne demandons rien<\/strong>\n<img loading=\"lazy\" decoding=\"async\" class=\" aligncenter size-full wp-image-1856\" src=\"http:\/\/5.45.101.177\/haut-allier\/usagers-transportse\/wp-content\/uploads\/2016\/08\/effacement-routier-alleyras-croisement-d34-d589-a-montbonnet-00.jpg\" alt=\"effacement-routier-alleyras-croisement-d34-d589-a-montbonnet-00.jpg\" align=\"center\" width=\"800\" height=\"559\" srcset=\"https:\/\/usagers-transports.haut-allier.eu\/wp-content\/uploads\/2016\/08\/effacement-routier-alleyras-croisement-d34-d589-a-montbonnet-00.jpg 800w, https:\/\/usagers-transports.haut-allier.eu\/wp-content\/uploads\/2016\/08\/effacement-routier-alleyras-croisement-d34-d589-a-montbonnet-00-300x210.jpg 300w, https:\/\/usagers-transports.haut-allier.eu\/wp-content\/uploads\/2016\/08\/effacement-routier-alleyras-croisement-d34-d589-a-montbonnet-00-768x537.jpg 768w\" sizes=\"auto, (max-width: 800px) 100vw, 800px\" \/>\n&nbsp;\nCarrefour 15 :  embranchement route de Conil sur D589 au Chier :\n<strong>Ici nous demandons un panneau Pont d&rsquo;Alleyras<\/strong>\n<img loading=\"lazy\" decoding=\"async\" class=\" aligncenter size-full wp-image-1857\" src=\"http:\/\/5.45.101.177\/haut-allier\/usagers-transportse\/wp-content\/uploads\/2016\/08\/effacement-alleyras-croisement-d589-route-de-conil-l_estrade-lechier-00.jpg\" alt=\"effacement-alleyras-croisement-d589-route-de-conil-l_estrade-lechier-00.jpg\" align=\"center\" width=\"800\" height=\"600\" srcset=\"https:\/\/usagers-transports.haut-allier.eu\/wp-content\/uploads\/2016\/08\/effacement-alleyras-croisement-d589-route-de-conil-l_estrade-lechier-00.jpg 800w, https:\/\/usagers-transports.haut-allier.eu\/wp-content\/uploads\/2016\/08\/effacement-alleyras-croisement-d589-route-de-conil-l_estrade-lechier-00-300x225.jpg 300w, https:\/\/usagers-transports.haut-allier.eu\/wp-content\/uploads\/2016\/08\/effacement-alleyras-croisement-d589-route-de-conil-l_estrade-lechier-00-768x576.jpg 768w\" sizes=\"auto, (max-width: 800px) 100vw, 800px\" \/>\n&nbsp;\nCarrefour 16 :  embranchement d40 sur D589 \u00e0 Saint-Privat d&rsquo;Allier :\n<strong>Ici nous demandons le remplacement du panneau par un neuf mieux plac\u00e9<\/strong>\n<img loading=\"lazy\" decoding=\"async\" class=\" aligncenter size-full wp-image-1858\" src=\"http:\/\/5.45.101.177\/haut-allier\/usagers-transportse\/wp-content\/uploads\/2016\/08\/effacement-alleyras-croisement-d589-d40-st-privat-d-allier-00.jpg\" alt=\"effacement-alleyras-croisement-d589-d40-st-privat-d-allier-00.jpg\" align=\"center\" width=\"800\" height=\"639\" srcset=\"https:\/\/usagers-transports.haut-allier.eu\/wp-content\/uploads\/2016\/08\/effacement-alleyras-croisement-d589-d40-st-privat-d-allier-00.jpg 800w, https:\/\/usagers-transports.haut-allier.eu\/wp-content\/uploads\/2016\/08\/effacement-alleyras-croisement-d589-d40-st-privat-d-allier-00-300x240.jpg 300w, https:\/\/usagers-transports.haut-allier.eu\/wp-content\/uploads\/2016\/08\/effacement-alleyras-croisement-d589-d40-st-privat-d-allier-00-768x613.jpg 768w\" sizes=\"auto, (max-width: 800px) 100vw, 800px\" \/>\n&nbsp;\nCarrefour 17 :  embranchement route de Douchanez sur D589 \u00e0 Monistrol d&rsquo;Allier :\n<strong>Ici nous demandons la pose d&rsquo;un panneau Pont d&rsquo;Alleyras<\/strong>\n<img loading=\"lazy\" decoding=\"async\" class=\" aligncenter size-full wp-image-1859\" src=\"http:\/\/5.45.101.177\/haut-allier\/usagers-transportse\/wp-content\/uploads\/2016\/08\/effacement-alleyras-croisement-d589-route-de-douchanez-a-monistrol-d-allier-00.jpg\" alt=\"effacement-alleyras-croisement-d589-route-de-douchanez-a-monistrol-d-allier-00.jpg\" align=\"center\" width=\"800\" height=\"458\" srcset=\"https:\/\/usagers-transports.haut-allier.eu\/wp-content\/uploads\/2016\/08\/effacement-alleyras-croisement-d589-route-de-douchanez-a-monistrol-d-allier-00.jpg 800w, https:\/\/usagers-transports.haut-allier.eu\/wp-content\/uploads\/2016\/08\/effacement-alleyras-croisement-d589-route-de-douchanez-a-monistrol-d-allier-00-300x172.jpg 300w, https:\/\/usagers-transports.haut-allier.eu\/wp-content\/uploads\/2016\/08\/effacement-alleyras-croisement-d589-route-de-douchanez-a-monistrol-d-allier-00-768x440.jpg 768w\" sizes=\"auto, (max-width: 800px) 100vw, 800px\" \/>\n<img loading=\"lazy\" decoding=\"async\" class=\" aligncenter size-full wp-image-1860\" src=\"http:\/\/5.45.101.177\/haut-allier\/usagers-transportse\/wp-content\/uploads\/2016\/08\/effacement-alleyras-croisement-d589-route-de-douchanez-a-monistrol-d-allier-01.jpg\" alt=\"effacement-alleyras-croisement-d589-route-de-douchanez-a-monistrol-d-allier-01.jpg\" align=\"center\" width=\"800\" height=\"541\" srcset=\"https:\/\/usagers-transports.haut-allier.eu\/wp-content\/uploads\/2016\/08\/effacement-alleyras-croisement-d589-route-de-douchanez-a-monistrol-d-allier-01.jpg 800w, https:\/\/usagers-transports.haut-allier.eu\/wp-content\/uploads\/2016\/08\/effacement-alleyras-croisement-d589-route-de-douchanez-a-monistrol-d-allier-01-300x203.jpg 300w, https:\/\/usagers-transports.haut-allier.eu\/wp-content\/uploads\/2016\/08\/effacement-alleyras-croisement-d589-route-de-douchanez-a-monistrol-d-allier-01-768x519.jpg 768w\" sizes=\"auto, (max-width: 800px) 100vw, 800px\" \/>\n<img loading=\"lazy\" decoding=\"async\" class=\" aligncenter size-full wp-image-1861\" src=\"http:\/\/5.45.101.177\/haut-allier\/usagers-transportse\/wp-content\/uploads\/2016\/08\/effacement-alleyras-croisement-d589-route-de-douchanez-a-monistrol-d-allier-02.jpg\" alt=\"effacement-alleyras-croisement-d589-route-de-douchanez-a-monistrol-d-allier-02.jpg\" align=\"center\" width=\"800\" height=\"600\" srcset=\"https:\/\/usagers-transports.haut-allier.eu\/wp-content\/uploads\/2016\/08\/effacement-alleyras-croisement-d589-route-de-douchanez-a-monistrol-d-allier-02.jpg 800w, https:\/\/usagers-transports.haut-allier.eu\/wp-content\/uploads\/2016\/08\/effacement-alleyras-croisement-d589-route-de-douchanez-a-monistrol-d-allier-02-300x225.jpg 300w, https:\/\/usagers-transports.haut-allier.eu\/wp-content\/uploads\/2016\/08\/effacement-alleyras-croisement-d589-route-de-douchanez-a-monistrol-d-allier-02-768x576.jpg 768w\" sizes=\"auto, (max-width: 800px) 100vw, 800px\" \/>\n&nbsp;\nCarrefour 18 :  embranchement D332 sur D589 \u00e0 Monistrol d&rsquo;Allier :\n<strong>Ici nous demandons la pose de deux panneaux Pont d&rsquo;Alleyras<\/strong>\n<img loading=\"lazy\" decoding=\"async\" class=\" aligncenter size-full wp-image-1862\" src=\"http:\/\/5.45.101.177\/haut-allier\/usagers-transportse\/wp-content\/uploads\/2016\/08\/effacement-alleyras-croisement-d589-d332-monistrol-d-allier-00.jpg\" alt=\"effacement-alleyras-croisement-d589-d332-monistrol-d-allier-00.jpg\" align=\"center\" width=\"800\" height=\"601\" srcset=\"https:\/\/usagers-transports.haut-allier.eu\/wp-content\/uploads\/2016\/08\/effacement-alleyras-croisement-d589-d332-monistrol-d-allier-00.jpg 800w, https:\/\/usagers-transports.haut-allier.eu\/wp-content\/uploads\/2016\/08\/effacement-alleyras-croisement-d589-d332-monistrol-d-allier-00-300x225.jpg 300w, https:\/\/usagers-transports.haut-allier.eu\/wp-content\/uploads\/2016\/08\/effacement-alleyras-croisement-d589-d332-monistrol-d-allier-00-768x577.jpg 768w\" sizes=\"auto, (max-width: 800px) 100vw, 800px\" \/>\n<img loading=\"lazy\" decoding=\"async\" class=\" aligncenter size-full wp-image-1863\" src=\"http:\/\/5.45.101.177\/haut-allier\/usagers-transportse\/wp-content\/uploads\/2016\/08\/effacement-alleyras-croisement-d589-d332-monistrol-d-allier-01.jpg\" alt=\"effacement-alleyras-croisement-d589-d332-monistrol-d-allier-01.jpg\" align=\"center\" width=\"800\" height=\"587\" srcset=\"https:\/\/usagers-transports.haut-allier.eu\/wp-content\/uploads\/2016\/08\/effacement-alleyras-croisement-d589-d332-monistrol-d-allier-01.jpg 800w, https:\/\/usagers-transports.haut-allier.eu\/wp-content\/uploads\/2016\/08\/effacement-alleyras-croisement-d589-d332-monistrol-d-allier-01-300x220.jpg 300w, https:\/\/usagers-transports.haut-allier.eu\/wp-content\/uploads\/2016\/08\/effacement-alleyras-croisement-d589-d332-monistrol-d-allier-01-768x564.jpg 768w\" sizes=\"auto, (max-width: 800px) 100vw, 800px\" \/>\n&nbsp;\nCarrefour 19 :  embranchement D332 D33 \u00e0 Saint-Pr\u00e9jet d&rsquo;Allier centre :\n<strong>Ici nous demandons le rapprochement du panneau Pont d&rsquo;Alleyras qui est invisible quand on arrive du centre<\/strong>\n<img loading=\"lazy\" decoding=\"async\" class=\" aligncenter size-full wp-image-1864\" src=\"http:\/\/5.45.101.177\/haut-allier\/usagers-transportse\/wp-content\/uploads\/2016\/08\/effacement-routier-alleyras-croisement-d33-d332-st-prejet-00.jpg\" alt=\"effacement-routier-alleyras-croisement-d33-d332-st-prejet-00.jpg\" align=\"center\" width=\"723\" height=\"507\" srcset=\"https:\/\/usagers-transports.haut-allier.eu\/wp-content\/uploads\/2016\/08\/effacement-routier-alleyras-croisement-d33-d332-st-prejet-00.jpg 723w, https:\/\/usagers-transports.haut-allier.eu\/wp-content\/uploads\/2016\/08\/effacement-routier-alleyras-croisement-d33-d332-st-prejet-00-300x210.jpg 300w\" sizes=\"auto, (max-width: 723px) 100vw, 723px\" \/>\n<img loading=\"lazy\" decoding=\"async\" class=\" aligncenter size-full wp-image-1865\" src=\"http:\/\/5.45.101.177\/haut-allier\/usagers-transportse\/wp-content\/uploads\/2016\/08\/effacement-routier-alleyras-croisement-d33-d332-st-prejet-01.jpg\" alt=\"effacement-routier-alleyras-croisement-d33-d332-st-prejet-01.jpg\" align=\"center\" width=\"800\" height=\"411\" srcset=\"https:\/\/usagers-transports.haut-allier.eu\/wp-content\/uploads\/2016\/08\/effacement-routier-alleyras-croisement-d33-d332-st-prejet-01.jpg 800w, https:\/\/usagers-transports.haut-allier.eu\/wp-content\/uploads\/2016\/08\/effacement-routier-alleyras-croisement-d33-d332-st-prejet-01-300x154.jpg 300w, https:\/\/usagers-transports.haut-allier.eu\/wp-content\/uploads\/2016\/08\/effacement-routier-alleyras-croisement-d33-d332-st-prejet-01-768x395.jpg 768w\" sizes=\"auto, (max-width: 800px) 100vw, 800px\" \/>\n<img loading=\"lazy\" decoding=\"async\" class=\" aligncenter size-full wp-image-1866\" src=\"http:\/\/5.45.101.177\/haut-allier\/usagers-transportse\/wp-content\/uploads\/2016\/08\/effacement-routier-alleyras-croisement-d33-d332-st-prejet-02.jpg\" alt=\"effacement-routier-alleyras-croisement-d33-d332-st-prejet-02.jpg\" align=\"center\" width=\"800\" height=\"600\" srcset=\"https:\/\/usagers-transports.haut-allier.eu\/wp-content\/uploads\/2016\/08\/effacement-routier-alleyras-croisement-d33-d332-st-prejet-02.jpg 800w, https:\/\/usagers-transports.haut-allier.eu\/wp-content\/uploads\/2016\/08\/effacement-routier-alleyras-croisement-d33-d332-st-prejet-02-300x225.jpg 300w, https:\/\/usagers-transports.haut-allier.eu\/wp-content\/uploads\/2016\/08\/effacement-routier-alleyras-croisement-d33-d332-st-prejet-02-768x576.jpg 768w\" sizes=\"auto, (max-width: 800px) 100vw, 800px\" \/>\n&nbsp;\nCarrefour 20 :  embranchement D34 D33 \u00e0 Saint-Pr\u00e9jet d&rsquo;Allier :\n<strong>Ici nous ne demandons rien<\/strong>\n<img loading=\"lazy\" decoding=\"async\" class=\" aligncenter size-full wp-image-1867\" src=\"http:\/\/5.45.101.177\/haut-allier\/usagers-transportse\/wp-content\/uploads\/2016\/08\/effacement-routier-alleyras-croisement-d33-d34-st-prejet-00.jpg\" alt=\"effacement-routier-alleyras-croisement-d33-d34-st-prejet-00.jpg\" align=\"center\" width=\"800\" height=\"482\" srcset=\"https:\/\/usagers-transports.haut-allier.eu\/wp-content\/uploads\/2016\/08\/effacement-routier-alleyras-croisement-d33-d34-st-prejet-00.jpg 800w, https:\/\/usagers-transports.haut-allier.eu\/wp-content\/uploads\/2016\/08\/effacement-routier-alleyras-croisement-d33-d34-st-prejet-00-300x181.jpg 300w, https:\/\/usagers-transports.haut-allier.eu\/wp-content\/uploads\/2016\/08\/effacement-routier-alleyras-croisement-d33-d34-st-prejet-00-768x463.jpg 768w\" sizes=\"auto, (max-width: 800px) 100vw, 800px\" \/>\n<img loading=\"lazy\" decoding=\"async\" class=\" aligncenter size-full wp-image-1868\" src=\"http:\/\/5.45.101.177\/haut-allier\/usagers-transportse\/wp-content\/uploads\/2016\/08\/effacement-routier-alleyras-croisement-d33-d34-st-prejet-01.jpg\" alt=\"effacement-routier-alleyras-croisement-d33-d34-st-prejet-01.jpg\" align=\"center\" width=\"800\" height=\"600\" srcset=\"https:\/\/usagers-transports.haut-allier.eu\/wp-content\/uploads\/2016\/08\/effacement-routier-alleyras-croisement-d33-d34-st-prejet-01.jpg 800w, https:\/\/usagers-transports.haut-allier.eu\/wp-content\/uploads\/2016\/08\/effacement-routier-alleyras-croisement-d33-d34-st-prejet-01-300x225.jpg 300w, https:\/\/usagers-transports.haut-allier.eu\/wp-content\/uploads\/2016\/08\/effacement-routier-alleyras-croisement-d33-d34-st-prejet-01-768x576.jpg 768w\" sizes=\"auto, (max-width: 800px) 100vw, 800px\" \/>\n&nbsp;\nCarrefour 21 :  embranchement D34 D32 \u00e0 la Romaine :\n<strong>Ici nous demandons un panneau Pont d&rsquo;Alleyras<\/strong>\n<img loading=\"lazy\" decoding=\"async\" class=\" aligncenter size-full wp-image-1869\" src=\"http:\/\/5.45.101.177\/haut-allier\/usagers-transportse\/wp-content\/uploads\/2016\/08\/effacement-routier-alleyras-croisement-d34-d32-la-romaine-00.jpg\" alt=\"effacement-routier-alleyras-croisement-d34-d32-la-romaine-00.jpg\" align=\"center\" width=\"800\" height=\"567\" srcset=\"https:\/\/usagers-transports.haut-allier.eu\/wp-content\/uploads\/2016\/08\/effacement-routier-alleyras-croisement-d34-d32-la-romaine-00.jpg 800w, https:\/\/usagers-transports.haut-allier.eu\/wp-content\/uploads\/2016\/08\/effacement-routier-alleyras-croisement-d34-d32-la-romaine-00-300x213.jpg 300w, https:\/\/usagers-transports.haut-allier.eu\/wp-content\/uploads\/2016\/08\/effacement-routier-alleyras-croisement-d34-d32-la-romaine-00-768x544.jpg 768w\" sizes=\"auto, (max-width: 800px) 100vw, 800px\" \/>\n<img loading=\"lazy\" decoding=\"async\" class=\" aligncenter size-full wp-image-1870\" src=\"http:\/\/5.45.101.177\/haut-allier\/usagers-transportse\/wp-content\/uploads\/2016\/08\/effacement-routier-alleyras-croisement-d34-d32-la-romaine-01.jpg\" alt=\"effacement-routier-alleyras-croisement-d34-d32-la-romaine-01.jpg\" align=\"center\" width=\"800\" height=\"483\" srcset=\"https:\/\/usagers-transports.haut-allier.eu\/wp-content\/uploads\/2016\/08\/effacement-routier-alleyras-croisement-d34-d32-la-romaine-01.jpg 800w, https:\/\/usagers-transports.haut-allier.eu\/wp-content\/uploads\/2016\/08\/effacement-routier-alleyras-croisement-d34-d32-la-romaine-01-300x181.jpg 300w, https:\/\/usagers-transports.haut-allier.eu\/wp-content\/uploads\/2016\/08\/effacement-routier-alleyras-croisement-d34-d32-la-romaine-01-768x464.jpg 768w\" sizes=\"auto, (max-width: 800px) 100vw, 800px\" \/>\n<img loading=\"lazy\" decoding=\"async\" class=\" aligncenter size-full wp-image-1871\" src=\"http:\/\/5.45.101.177\/haut-allier\/usagers-transportse\/wp-content\/uploads\/2016\/08\/effacement-routier-alleyras-croisement-d34-d32-la-romaine-02.jpg\" alt=\"effacement-routier-alleyras-croisement-d34-d32-la-romaine-02.jpg\" align=\"center\" width=\"800\" height=\"525\" srcset=\"https:\/\/usagers-transports.haut-allier.eu\/wp-content\/uploads\/2016\/08\/effacement-routier-alleyras-croisement-d34-d32-la-romaine-02.jpg 800w, https:\/\/usagers-transports.haut-allier.eu\/wp-content\/uploads\/2016\/08\/effacement-routier-alleyras-croisement-d34-d32-la-romaine-02-300x197.jpg 300w, https:\/\/usagers-transports.haut-allier.eu\/wp-content\/uploads\/2016\/08\/effacement-routier-alleyras-croisement-d34-d32-la-romaine-02-768x504.jpg 768w\" sizes=\"auto, (max-width: 800px) 100vw, 800px\" \/>\n<img loading=\"lazy\" decoding=\"async\" class=\" aligncenter size-full wp-image-1872\" src=\"http:\/\/5.45.101.177\/haut-allier\/usagers-transportse\/wp-content\/uploads\/2016\/08\/effacement-routier-alleyras-croisement-d34-d32-la-romaine-03.jpg\" alt=\"effacement-routier-alleyras-croisement-d34-d32-la-romaine-03.jpg\" align=\"center\" width=\"800\" height=\"559\" srcset=\"https:\/\/usagers-transports.haut-allier.eu\/wp-content\/uploads\/2016\/08\/effacement-routier-alleyras-croisement-d34-d32-la-romaine-03.jpg 800w, https:\/\/usagers-transports.haut-allier.eu\/wp-content\/uploads\/2016\/08\/effacement-routier-alleyras-croisement-d34-d32-la-romaine-03-300x210.jpg 300w, https:\/\/usagers-transports.haut-allier.eu\/wp-content\/uploads\/2016\/08\/effacement-routier-alleyras-croisement-d34-d32-la-romaine-03-768x537.jpg 768w\" sizes=\"auto, (max-width: 800px) 100vw, 800px\" \/>\n&nbsp;\nCarrefour 22 :  embranchement D336 D32 \u00e0 Pourcheresse :\n<strong>Ici nous demandons une meilleure indication de Pont d&rsquo;Alleyras<\/strong>\n<img loading=\"lazy\" decoding=\"async\" class=\" aligncenter size-full wp-image-1873\" src=\"http:\/\/5.45.101.177\/haut-allier\/usagers-transportse\/wp-content\/uploads\/2016\/08\/effacement-routier-alleyras-croisement-d32-d336-pourcheresse-00.jpg\" alt=\"effacement-routier-alleyras-croisement-d32-d336-pourcheresse-00.jpg\" align=\"center\" width=\"800\" height=\"485\" srcset=\"https:\/\/usagers-transports.haut-allier.eu\/wp-content\/uploads\/2016\/08\/effacement-routier-alleyras-croisement-d32-d336-pourcheresse-00.jpg 800w, https:\/\/usagers-transports.haut-allier.eu\/wp-content\/uploads\/2016\/08\/effacement-routier-alleyras-croisement-d32-d336-pourcheresse-00-300x182.jpg 300w, https:\/\/usagers-transports.haut-allier.eu\/wp-content\/uploads\/2016\/08\/effacement-routier-alleyras-croisement-d32-d336-pourcheresse-00-768x466.jpg 768w\" sizes=\"auto, (max-width: 800px) 100vw, 800px\" \/>\n<img loading=\"lazy\" decoding=\"async\" class=\" aligncenter size-full wp-image-1874\" src=\"http:\/\/5.45.101.177\/haut-allier\/usagers-transportse\/wp-content\/uploads\/2016\/08\/effacement-routier-alleyras-croisement-d32-embranchement-st-venerand-00.jpg\" alt=\"effacement-routier-alleyras-croisement-d32-embranchement-st-venerand-00.jpg\" align=\"center\" width=\"800\" height=\"486\" srcset=\"https:\/\/usagers-transports.haut-allier.eu\/wp-content\/uploads\/2016\/08\/effacement-routier-alleyras-croisement-d32-embranchement-st-venerand-00.jpg 800w, https:\/\/usagers-transports.haut-allier.eu\/wp-content\/uploads\/2016\/08\/effacement-routier-alleyras-croisement-d32-embranchement-st-venerand-00-300x182.jpg 300w, https:\/\/usagers-transports.haut-allier.eu\/wp-content\/uploads\/2016\/08\/effacement-routier-alleyras-croisement-d32-embranchement-st-venerand-00-768x467.jpg 768w\" sizes=\"auto, (max-width: 800px) 100vw, 800px\" \/>\n&nbsp;\nCarrefour 23 :  embranchement Saint V\u00e9n\u00e9rand sur D32 \u00e0 Saint-V\u00e9n\u00e9rand :\n<strong>Ici nous demandons une indication Pont d&rsquo;Alleyras<\/strong>\n<img loading=\"lazy\" decoding=\"async\" class=\" aligncenter size-full wp-image-1874\" src=\"http:\/\/5.45.101.177\/haut-allier\/usagers-transportse\/wp-content\/uploads\/2016\/08\/effacement-routier-alleyras-croisement-d32-embranchement-st-venerand-00.jpg\" alt=\"effacement-routier-alleyras-croisement-d32-embranchement-st-venerand-00.jpg\" align=\"center\" width=\"800\" height=\"486\" srcset=\"https:\/\/usagers-transports.haut-allier.eu\/wp-content\/uploads\/2016\/08\/effacement-routier-alleyras-croisement-d32-embranchement-st-venerand-00.jpg 800w, https:\/\/usagers-transports.haut-allier.eu\/wp-content\/uploads\/2016\/08\/effacement-routier-alleyras-croisement-d32-embranchement-st-venerand-00-300x182.jpg 300w, https:\/\/usagers-transports.haut-allier.eu\/wp-content\/uploads\/2016\/08\/effacement-routier-alleyras-croisement-d32-embranchement-st-venerand-00-768x467.jpg 768w\" sizes=\"auto, (max-width: 800px) 100vw, 800px\" \/>\n&nbsp;\nCarrefour 24 :  embranchement Ou\u00efdes sur D33 \u00e0 Ou\u00efdes :\n<strong>Ici nous ne demandons rien<\/strong>\n&nbsp;\nCarrefour 25 :  embranchement D33 D333 \u00e0 Cayres :\n<strong>Ici nous ne demandons rien<\/strong>\n<img loading=\"lazy\" decoding=\"async\" class=\" aligncenter size-full wp-image-1875\" src=\"http:\/\/5.45.101.177\/haut-allier\/usagers-transportse\/wp-content\/uploads\/2016\/08\/effacement-alleyras-croisement-d33-d333-cayres-00.jpg\" alt=\"effacement-alleyras-croisement-d33-d333-cayres-00.jpg\" align=\"center\" width=\"800\" height=\"591\" srcset=\"https:\/\/usagers-transports.haut-allier.eu\/wp-content\/uploads\/2016\/08\/effacement-alleyras-croisement-d33-d333-cayres-00.jpg 800w, https:\/\/usagers-transports.haut-allier.eu\/wp-content\/uploads\/2016\/08\/effacement-alleyras-croisement-d33-d333-cayres-00-300x222.jpg 300w, https:\/\/usagers-transports.haut-allier.eu\/wp-content\/uploads\/2016\/08\/effacement-alleyras-croisement-d33-d333-cayres-00-768x567.jpg 768w\" sizes=\"auto, (max-width: 800px) 100vw, 800px\" \/>\n&nbsp;\nCarrefour 26 :  embranchement route de Sansac sur D333 au col de Rossignol :\n<strong>Ici nous demandons un panneau Pont d&rsquo;Alleyras par S\u00e9jalli\u00e8res<\/strong>\n<img loading=\"lazy\" decoding=\"async\" class=\" aligncenter size-full wp-image-1876\" src=\"http:\/\/5.45.101.177\/haut-allier\/usagers-transportse\/wp-content\/uploads\/2016\/08\/effacement-alleyras-croisement-route-de-sansac-d333-rossignol-00.jpg\" alt=\"effacement-alleyras-croisement-route-de-sansac-d333-rossignol-00.jpg\" align=\"center\" width=\"800\" height=\"478\" srcset=\"https:\/\/usagers-transports.haut-allier.eu\/wp-content\/uploads\/2016\/08\/effacement-alleyras-croisement-route-de-sansac-d333-rossignol-00.jpg 800w, https:\/\/usagers-transports.haut-allier.eu\/wp-content\/uploads\/2016\/08\/effacement-alleyras-croisement-route-de-sansac-d333-rossignol-00-300x179.jpg 300w, https:\/\/usagers-transports.haut-allier.eu\/wp-content\/uploads\/2016\/08\/effacement-alleyras-croisement-route-de-sansac-d333-rossignol-00-768x459.jpg 768w\" sizes=\"auto, (max-width: 800px) 100vw, 800px\" \/>\n&nbsp;\nCarrefour 27 :  embranchement D34 D333 \u00e0 Saint-Jean Lachalm :\n<strong>Ici nous ne demandons rien<\/strong>\n<img loading=\"lazy\" decoding=\"async\" class=\" aligncenter size-full wp-image-1877\" src=\"http:\/\/5.45.101.177\/haut-allier\/usagers-transportse\/wp-content\/uploads\/2016\/08\/effacement-routier-alleyras-croisement-d34-d333-a-st-jean-lachalm-00.jpg\" alt=\"effacement-routier-alleyras-croisement-d34-d333-a-st-jean-lachalm-00.jpg\" align=\"center\" width=\"800\" height=\"600\" srcset=\"https:\/\/usagers-transports.haut-allier.eu\/wp-content\/uploads\/2016\/08\/effacement-routier-alleyras-croisement-d34-d333-a-st-jean-lachalm-00.jpg 800w, https:\/\/usagers-transports.haut-allier.eu\/wp-content\/uploads\/2016\/08\/effacement-routier-alleyras-croisement-d34-d333-a-st-jean-lachalm-00-300x225.jpg 300w, https:\/\/usagers-transports.haut-allier.eu\/wp-content\/uploads\/2016\/08\/effacement-routier-alleyras-croisement-d34-d333-a-st-jean-lachalm-00-768x576.jpg 768w\" sizes=\"auto, (max-width: 800px) 100vw, 800px\" \/>\n<img loading=\"lazy\" decoding=\"async\" class=\" aligncenter size-full wp-image-1878\" src=\"http:\/\/5.45.101.177\/haut-allier\/usagers-transportse\/wp-content\/uploads\/2016\/08\/effacement-routier-alleyras-croisement-d34-d333-a-st-jean-lachalm-01.jpg\" alt=\"effacement-routier-alleyras-croisement-d34-d333-a-st-jean-lachalm-01.jpg\" align=\"center\" width=\"800\" height=\"476\" srcset=\"https:\/\/usagers-transports.haut-allier.eu\/wp-content\/uploads\/2016\/08\/effacement-routier-alleyras-croisement-d34-d333-a-st-jean-lachalm-01.jpg 800w, https:\/\/usagers-transports.haut-allier.eu\/wp-content\/uploads\/2016\/08\/effacement-routier-alleyras-croisement-d34-d333-a-st-jean-lachalm-01-300x179.jpg 300w, https:\/\/usagers-transports.haut-allier.eu\/wp-content\/uploads\/2016\/08\/effacement-routier-alleyras-croisement-d34-d333-a-st-jean-lachalm-01-768x457.jpg 768w\" sizes=\"auto, (max-width: 800px) 100vw, 800px\" \/>\n&nbsp;\nCarrefour 28 :  embranchement D33 C13 \u00e0 la baraque du Chaumas :\n<strong>Ici nous ne demandons rien<\/strong>\n<img loading=\"lazy\" decoding=\"async\" class=\" aligncenter size-full wp-image-1879\" src=\"http:\/\/5.45.101.177\/haut-allier\/usagers-transportse\/wp-content\/uploads\/2016\/08\/effacement-routier-alleyras-croisement-d33-c13-baraque-du-chaumas-00.jpg\" alt=\"effacement-routier-alleyras-croisement-d33-c13-baraque-du-chaumas-00.jpg\" align=\"center\" width=\"800\" height=\"483\" srcset=\"https:\/\/usagers-transports.haut-allier.eu\/wp-content\/uploads\/2016\/08\/effacement-routier-alleyras-croisement-d33-c13-baraque-du-chaumas-00.jpg 800w, https:\/\/usagers-transports.haut-allier.eu\/wp-content\/uploads\/2016\/08\/effacement-routier-alleyras-croisement-d33-c13-baraque-du-chaumas-00-300x181.jpg 300w, https:\/\/usagers-transports.haut-allier.eu\/wp-content\/uploads\/2016\/08\/effacement-routier-alleyras-croisement-d33-c13-baraque-du-chaumas-00-768x464.jpg 768w\" sizes=\"auto, (max-width: 800px) 100vw, 800px\" \/>\n&nbsp;\nCarrefour 29 :  embranchement D33 D336 \u00e0 la baraque du Chaumas :\n<strong>Ici nous ne demandons rien<\/strong>\n<img loading=\"lazy\" decoding=\"async\" class=\" aligncenter size-full wp-image-1880\" src=\"http:\/\/5.45.101.177\/haut-allier\/usagers-transportse\/wp-content\/uploads\/2016\/08\/effacement-routier-alleyras-croisement-d33-d336-baraque-du-chaumas-00.jpg\" alt=\"effacement-routier-alleyras-croisement-d33-d336-baraque-du-chaumas-00.jpg\" align=\"center\" width=\"800\" height=\"488\" srcset=\"https:\/\/usagers-transports.haut-allier.eu\/wp-content\/uploads\/2016\/08\/effacement-routier-alleyras-croisement-d33-d336-baraque-du-chaumas-00.jpg 800w, https:\/\/usagers-transports.haut-allier.eu\/wp-content\/uploads\/2016\/08\/effacement-routier-alleyras-croisement-d33-d336-baraque-du-chaumas-00-300x183.jpg 300w, https:\/\/usagers-transports.haut-allier.eu\/wp-content\/uploads\/2016\/08\/effacement-routier-alleyras-croisement-d33-d336-baraque-du-chaumas-00-768x468.jpg 768w\" sizes=\"auto, (max-width: 800px) 100vw, 800px\" \/>\n<img loading=\"lazy\" decoding=\"async\" class=\" aligncenter size-full wp-image-1881\" src=\"http:\/\/5.45.101.177\/haut-allier\/usagers-transportse\/wp-content\/uploads\/2016\/08\/effacement-routier-alleyras-croisement-d33-d336-baraque-du-chaumas-01.jpg\" alt=\"effacement-routier-alleyras-croisement-d33-d336-baraque-du-chaumas-01.jpg\" align=\"center\" width=\"800\" height=\"481\" srcset=\"https:\/\/usagers-transports.haut-allier.eu\/wp-content\/uploads\/2016\/08\/effacement-routier-alleyras-croisement-d33-d336-baraque-du-chaumas-01.jpg 800w, https:\/\/usagers-transports.haut-allier.eu\/wp-content\/uploads\/2016\/08\/effacement-routier-alleyras-croisement-d33-d336-baraque-du-chaumas-01-300x180.jpg 300w, https:\/\/usagers-transports.haut-allier.eu\/wp-content\/uploads\/2016\/08\/effacement-routier-alleyras-croisement-d33-d336-baraque-du-chaumas-01-768x462.jpg 768w\" sizes=\"auto, (max-width: 800px) 100vw, 800px\" \/>\n&nbsp;\nCarrefour 30 :  embranchement D33 D34 vers Le Villard :\n<strong>Ici nous ne demandons rien<\/strong>\n<img loading=\"lazy\" decoding=\"async\" class=\" aligncenter size-full wp-image-1882\" src=\"http:\/\/5.45.101.177\/haut-allier\/usagers-transportse\/wp-content\/uploads\/2016\/08\/effacement-routier-alleyras-croisement-d33-d34-vers-sejalieres-00.jpg\" alt=\"effacement-routier-alleyras-croisement-d33-d34-vers-sejalieres-00.jpg\" align=\"center\" width=\"800\" height=\"478\" srcset=\"https:\/\/usagers-transports.haut-allier.eu\/wp-content\/uploads\/2016\/08\/effacement-routier-alleyras-croisement-d33-d34-vers-sejalieres-00.jpg 800w, https:\/\/usagers-transports.haut-allier.eu\/wp-content\/uploads\/2016\/08\/effacement-routier-alleyras-croisement-d33-d34-vers-sejalieres-00-300x179.jpg 300w, https:\/\/usagers-transports.haut-allier.eu\/wp-content\/uploads\/2016\/08\/effacement-routier-alleyras-croisement-d33-d34-vers-sejalieres-00-768x459.jpg 768w\" sizes=\"auto, (max-width: 800px) 100vw, 800px\" \/>\n&nbsp;\nCarrefour 31 :  embranchement D33 D34 vers Vabrettes Arzac :\n<strong>Ici nous demandons rien<\/strong>\n<img loading=\"lazy\" decoding=\"async\" class=\" aligncenter size-full wp-image-1883\" src=\"http:\/\/5.45.101.177\/haut-allier\/usagers-transportse\/wp-content\/uploads\/2016\/08\/effacement-routier-alleyras-croisement-d34-route-arzac-00.jpg\" alt=\"effacement-routier-alleyras-croisement-d34-route-arzac-00.jpg\" align=\"center\" width=\"800\" height=\"484\" srcset=\"https:\/\/usagers-transports.haut-allier.eu\/wp-content\/uploads\/2016\/08\/effacement-routier-alleyras-croisement-d34-route-arzac-00.jpg 800w, https:\/\/usagers-transports.haut-allier.eu\/wp-content\/uploads\/2016\/08\/effacement-routier-alleyras-croisement-d34-route-arzac-00-300x182.jpg 300w, https:\/\/usagers-transports.haut-allier.eu\/wp-content\/uploads\/2016\/08\/effacement-routier-alleyras-croisement-d34-route-arzac-00-768x465.jpg 768w\" sizes=\"auto, (max-width: 800px) 100vw, 800px\" \/>\n&nbsp;\nCarrefour 32 : bord de carte embranchement D33 sur N88 \u00e0 Montagnac :\n<strong>Ici nous demandons un panneau Saugues par Pont d&rsquo;Alleyras <\/strong>\n<img loading=\"lazy\" decoding=\"async\" class=\" aligncenter size-full wp-image-1884\" src=\"http:\/\/5.45.101.177\/haut-allier\/usagers-transportse\/wp-content\/uploads\/2016\/08\/effacement-alleyras-croisement-n88-d33-montagnac-00.jpg\" alt=\"effacement-alleyras-croisement-n88-d33-montagnac-00.jpg\" align=\"center\" width=\"800\" height=\"595\" srcset=\"https:\/\/usagers-transports.haut-allier.eu\/wp-content\/uploads\/2016\/08\/effacement-alleyras-croisement-n88-d33-montagnac-00.jpg 800w, https:\/\/usagers-transports.haut-allier.eu\/wp-content\/uploads\/2016\/08\/effacement-alleyras-croisement-n88-d33-montagnac-00-300x223.jpg 300w, https:\/\/usagers-transports.haut-allier.eu\/wp-content\/uploads\/2016\/08\/effacement-alleyras-croisement-n88-d33-montagnac-00-768x571.jpg 768w\" sizes=\"auto, (max-width: 800px) 100vw, 800px\" \/>\n<img loading=\"lazy\" decoding=\"async\" class=\" aligncenter size-full wp-image-1885\" src=\"http:\/\/5.45.101.177\/haut-allier\/usagers-transportse\/wp-content\/uploads\/2016\/08\/effacement-alleyras-croisement-n88-d33-montagnac-01.jpg\" alt=\"effacement-alleyras-croisement-n88-d33-montagnac-01.jpg\" align=\"center\" width=\"800\" height=\"582\" srcset=\"https:\/\/usagers-transports.haut-allier.eu\/wp-content\/uploads\/2016\/08\/effacement-alleyras-croisement-n88-d33-montagnac-01.jpg 800w, https:\/\/usagers-transports.haut-allier.eu\/wp-content\/uploads\/2016\/08\/effacement-alleyras-croisement-n88-d33-montagnac-01-300x218.jpg 300w, https:\/\/usagers-transports.haut-allier.eu\/wp-content\/uploads\/2016\/08\/effacement-alleyras-croisement-n88-d33-montagnac-01-768x559.jpg 768w\" sizes=\"auto, (max-width: 800px) 100vw, 800px\" \/>\n&nbsp;\nCarrefour 33 : hors carte embranchement D49 sur N88 \u00e0 Costaros centre tabac :\n<strong>Ici nous demandons un panneau Saugues par Pont d&rsquo;Alleyras <\/strong>\n<img loading=\"lazy\" decoding=\"async\" class=\" aligncenter size-full wp-image-1886\" src=\"http:\/\/5.45.101.177\/haut-allier\/usagers-transportse\/wp-content\/uploads\/2016\/08\/effacement-routier-alleyras-croisement-d49-n88-tabac-costaros-00.jpg\" alt=\"effacement-routier-alleyras-croisement-d49-n88-tabac-costaros-00.jpg\" align=\"center\" width=\"800\" height=\"600\" srcset=\"https:\/\/usagers-transports.haut-allier.eu\/wp-content\/uploads\/2016\/08\/effacement-routier-alleyras-croisement-d49-n88-tabac-costaros-00.jpg 800w, https:\/\/usagers-transports.haut-allier.eu\/wp-content\/uploads\/2016\/08\/effacement-routier-alleyras-croisement-d49-n88-tabac-costaros-00-300x225.jpg 300w, https:\/\/usagers-transports.haut-allier.eu\/wp-content\/uploads\/2016\/08\/effacement-routier-alleyras-croisement-d49-n88-tabac-costaros-00-768x576.jpg 768w\" sizes=\"auto, (max-width: 800px) 100vw, 800px\" \/>\n<img loading=\"lazy\" decoding=\"async\" class=\" aligncenter size-full wp-image-1887\" src=\"http:\/\/5.45.101.177\/haut-allier\/usagers-transportse\/wp-content\/uploads\/2016\/08\/effacement-routier-alleyras-croisement-d49-n88-tabac-costaros-01.jpg\" alt=\"effacement-routier-alleyras-croisement-d49-n88-tabac-costaros-01.jpg\" align=\"center\" width=\"800\" height=\"510\" srcset=\"https:\/\/usagers-transports.haut-allier.eu\/wp-content\/uploads\/2016\/08\/effacement-routier-alleyras-croisement-d49-n88-tabac-costaros-01.jpg 800w, https:\/\/usagers-transports.haut-allier.eu\/wp-content\/uploads\/2016\/08\/effacement-routier-alleyras-croisement-d49-n88-tabac-costaros-01-300x191.jpg 300w, https:\/\/usagers-transports.haut-allier.eu\/wp-content\/uploads\/2016\/08\/effacement-routier-alleyras-croisement-d49-n88-tabac-costaros-01-768x490.jpg 768w\" sizes=\"auto, (max-width: 800px) 100vw, 800px\" \/>\n&nbsp;\n\nLe conseil d\u00e9partemental de Haute-Loire,\n&nbsp;\n&#8211; avec le r\u00e9gime de gravillonnage syst\u00e9matique et g\u00e9n\u00e9reux des deux routes d&rsquo;acc\u00e8s, le mode d&rsquo;entretien \u00e0 minima qu&rsquo;il r\u00e9serve aux acc\u00e8s tr\u00e8s secondaires, pour les d\u00e9laiss\u00e9s en quelque sorte,\n<img loading=\"lazy\" decoding=\"async\" class=\" aligncenter size-full wp-image-1888\" src=\"http:\/\/5.45.101.177\/haut-allier\/usagers-transportse\/wp-content\/uploads\/2016\/08\/IMG_20160523_143504.jpg\" alt=\"IMG_20160523_143504.jpg\" align=\"center\" width=\"800\" height=\"488\" srcset=\"https:\/\/usagers-transports.haut-allier.eu\/wp-content\/uploads\/2016\/08\/IMG_20160523_143504.jpg 800w, https:\/\/usagers-transports.haut-allier.eu\/wp-content\/uploads\/2016\/08\/IMG_20160523_143504-300x183.jpg 300w, https:\/\/usagers-transports.haut-allier.eu\/wp-content\/uploads\/2016\/08\/IMG_20160523_143504-768x468.jpg 768w\" sizes=\"auto, (max-width: 800px) 100vw, 800px\" \/>\n&nbsp;\n&#8211; avec l&rsquo;absence d&rsquo;am\u00e9nagement de la chauss\u00e9e lorsqu&rsquo;un virage dangereux est rogn\u00e9 comme en 2015, exemple entr\u00e9e du Pont d&rsquo;Alleyras en venant de Saugues vers la carri\u00e8re : pas de goudronnage, chauss\u00e9e laiss\u00e9e en l&rsquo;\u00e9tat.\n<img loading=\"lazy\" decoding=\"async\" class=\" aligncenter size-full wp-image-1889\" src=\"http:\/\/5.45.101.177\/haut-allier\/usagers-transportse\/wp-content\/uploads\/2016\/08\/effacement-alleyras-travaux-non-termines-d33-entree-pont-d-alleyras-vers-carriere-00.jpg\" alt=\"effacement-alleyras-travaux-non-termines-d33-entree-pont-d-alleyras-vers-carriere-00.jpg\" align=\"center\" width=\"800\" height=\"600\" srcset=\"https:\/\/usagers-transports.haut-allier.eu\/wp-content\/uploads\/2016\/08\/effacement-alleyras-travaux-non-termines-d33-entree-pont-d-alleyras-vers-carriere-00.jpg 800w, https:\/\/usagers-transports.haut-allier.eu\/wp-content\/uploads\/2016\/08\/effacement-alleyras-travaux-non-termines-d33-entree-pont-d-alleyras-vers-carriere-00-300x225.jpg 300w, https:\/\/usagers-transports.haut-allier.eu\/wp-content\/uploads\/2016\/08\/effacement-alleyras-travaux-non-termines-d33-entree-pont-d-alleyras-vers-carriere-00-768x576.jpg 768w\" sizes=\"auto, (max-width: 800px) 100vw, 800px\" \/>\n&nbsp;\n&#8211; en observant la pr\u00e9cipitation avec laquelle il d\u00e9gage nos acc\u00e8s obstru\u00e9s par les \u00e9boulements ou glissements rocheux, par exemple 9 mois de coupure et d&rsquo;attente l&rsquo;an dernier qui ont provoqu\u00e9 l&rsquo;arr\u00eat de la circulation des trains Clermont-Ferrand N\u00eemes,\n<img loading=\"lazy\" decoding=\"async\" class=\" aligncenter size-full wp-image-1890\" src=\"http:\/\/5.45.101.177\/haut-allier\/usagers-transportse\/wp-content\/uploads\/2016\/08\/eboul-NetB.jpg\" alt=\"eboul-NetB.jpg\" align=\"center\" width=\"800\" height=\"672\" srcset=\"https:\/\/usagers-transports.haut-allier.eu\/wp-content\/uploads\/2016\/08\/eboul-NetB.jpg 800w, https:\/\/usagers-transports.haut-allier.eu\/wp-content\/uploads\/2016\/08\/eboul-NetB-300x252.jpg 300w, https:\/\/usagers-transports.haut-allier.eu\/wp-content\/uploads\/2016\/08\/eboul-NetB-768x645.jpg 768w\" sizes=\"auto, (max-width: 800px) 100vw, 800px\" \/>\n&nbsp;\n&#8211; en constatant qu&rsquo;aucune liaison par bus ou autre moyen n&rsquo;est pr\u00e9vue par le d\u00e9partement depuis Alleyras vers une ville importante, Le Puy ou autre, et donc en refusant d&rsquo;appliquer sa comp\u00e9tence de transports r\u00e9guliers \u00e0 Alleyras,\nVoir <a href=\"http:\/\/www.hauteloire.fr\/Horaires-des-lignes-regulieres-et\"><strong>la page transports<\/strong><\/a> du site Internet de CD 43.\n&nbsp; \n&#8211; en observant la signal\u00e9tique soit inexistante soit dans un \u00e9tat de d\u00e9labrement avanc\u00e9, pour indiquer la direction d&rsquo;Alleyras depuis les routes principales,\n&nbsp;\n\nfait tout pour que la commune avec son passage sur l&rsquo;Allier, enclav\u00e9e g\u00e9ographiquement, soit ignor\u00e9e des cartes routi\u00e8res et ne soit pas correctement signal\u00e9e sur les panneaux indicateurs routiers.\n&nbsp;\n\n<em> <strong>Le collectif demande des explications et un rendez-vous \u00e0 Jean-Pierre Marcon pr\u00e9sident du d\u00e9partement. Une lettre lui a \u00e9t\u00e9 envoy\u00e9e et a \u00e9t\u00e9 communiqu\u00e9e aux m\u00e9dias. En voici la copie ci-dessous. <\/strong> <\/em>\n&nbsp;\n<a href=\"http:\/\/5.45.101.177\/haut-allier\/usagers-transportse\/wp-content\/uploads\/2016\/08\/usagers-transports-haut-allier-cg43-23052016-signaletique-et-gravillonnage-alleyras.pdf\">usagers-transports-haut-allier-cg43-23052016-signaletique-et-gravillonnage-alleyras.pdf<\/a>\n \n \n.<p>&nbsp;<\/p>\n\n\t<figure class=\"wp-block-gallery columns-1 is-cropped wp-block-gallery-1 is-layout-flex wp-block-gallery-is-layout-flex\">\n\t\t<ul class=\"blocks-gallery-grid\">\n\t\t\t<li class=\"blocks-gallery-item\">\n\t\t\t\t<figure>\n\t\t\t\t\t\t\t\t\t\t\t<img loading=\"lazy\" decoding=\"async\" width=\"694\" height=\"982\" src=\"http:\/\/5.45.101.177\/haut-allier\/usagers-transportse\/wp-content\/uploads\/2016\/08\/usagers-transports-haut-allier-cg43-09082016-signaletique-et-gravillonnage-alleyras-w.jpg\"\n\t\t\t\t\t\t alt=\"usagers-transports-haut-allier-cg43-09082016-signaletique-et-gravillonnage-alleyras-w.jpg\"\n\t\t\t\t\t\t data-id=\"1892\"\n\t\t\t\t\t\t data-full-url=\"http:\/\/5.45.101.177\/haut-allier\/usagers-transportse\/wp-content\/uploads\/2016\/08\/usagers-transports-haut-allier-cg43-09082016-signaletique-et-gravillonnage-alleyras-w.jpg\"\n\t\t\t\t\t\t data-link=\"http:\/\/5.45.101.177\/haut-allier\/usagers-transportse\/attachment-usagers-transports-haut-allier-cg43-09082016-signaletique-et-gravillonnage-alleyras-w-jpg\/\"\n\t\t\t\t\t\t class=\"wp-image-1892\" srcset=\"https:\/\/usagers-transports.haut-allier.eu\/wp-content\/uploads\/2016\/08\/usagers-transports-haut-allier-cg43-09082016-signaletique-et-gravillonnage-alleyras-w.jpg 694w, https:\/\/usagers-transports.haut-allier.eu\/wp-content\/uploads\/2016\/08\/usagers-transports-haut-allier-cg43-09082016-signaletique-et-gravillonnage-alleyras-w-212x300.jpg 212w\" sizes=\"auto, (max-width: 694px) 100vw, 694px\" \/>\n\t\t\t\t<\/figure>\n\t\t\t<\/li>\n\t\t<\/ul>\n\t<\/figure>\n","protected":false},"excerpt":{"rendered":"<p>[Mise \u00e0 jour du 9 ao\u00fbt] &nbsp; Nous recevons ce jour la r\u00e9ponse du conseil d\u00e9partemental. &nbsp; &nbsp;<\/p>\n","protected":false},"author":1,"featured_media":1822,"comment_status":"closed","ping_status":"open","sticky":false,"template":"","format":"standard","meta":{"footnotes":""},"categories":[9],"tags":[],"class_list":["post-299","post","type-post","status-publish","format-standard","has-post-thumbnail","hentry","category-en-auto"],"_links":{"self":[{"href":"https:\/\/usagers-transports.haut-allier.eu\/index.php\/wp-json\/wp\/v2\/posts\/299","targetHints":{"allow":["GET"]}}],"collection":[{"href":"https:\/\/usagers-transports.haut-allier.eu\/index.php\/wp-json\/wp\/v2\/posts"}],"about":[{"href":"https:\/\/usagers-transports.haut-allier.eu\/index.php\/wp-json\/wp\/v2\/types\/post"}],"author":[{"embeddable":true,"href":"https:\/\/usagers-transports.haut-allier.eu\/index.php\/wp-json\/wp\/v2\/users\/1"}],"replies":[{"embeddable":true,"href":"https:\/\/usagers-transports.haut-allier.eu\/index.php\/wp-json\/wp\/v2\/comments?post=299"}],"version-history":[{"count":1,"href":"https:\/\/usagers-transports.haut-allier.eu\/index.php\/wp-json\/wp\/v2\/posts\/299\/revisions"}],"predecessor-version":[{"id":1893,"href":"https:\/\/usagers-transports.haut-allier.eu\/index.php\/wp-json\/wp\/v2\/posts\/299\/revisions\/1893"}],"wp:featuredmedia":[{"embeddable":true,"href":"https:\/\/usagers-transports.haut-allier.eu\/index.php\/wp-json\/wp\/v2\/media\/1822"}],"wp:attachment":[{"href":"https:\/\/usagers-transports.haut-allier.eu\/index.php\/wp-json\/wp\/v2\/media?parent=299"}],"wp:term":[{"taxonomy":"category","embeddable":true,"href":"https:\/\/usagers-transports.haut-allier.eu\/index.php\/wp-json\/wp\/v2\/categories?post=299"},{"taxonomy":"post_tag","embeddable":true,"href":"https:\/\/usagers-transports.haut-allier.eu\/index.php\/wp-json\/wp\/v2\/tags?post=299"}],"curies":[{"name":"wp","href":"https:\/\/api.w.org\/{rel}","templated":true}]}}