{"id":3,"date":"2012-06-22T09:10:32","date_gmt":"2012-06-22T07:10:32","guid":{"rendered":"http:\/\/5.45.101.177\/haut-allier\/usagers-transportse\/index.php\/2012\/06\/22\/lignes-ferroviaires-du-massif003\/"},"modified":"2012-06-22T09:10:32","modified_gmt":"2012-06-22T07:10:32","slug":"lignes-ferroviaires-du-massif003","status":"publish","type":"post","link":"https:\/\/usagers-transports.haut-allier.eu\/index.php\/2012\/06\/22\/lignes-ferroviaires-du-massif003\/","title":{"rendered":"Lignes ferroviaires du massif central : le train \u00e0 1 euro en Loz\u00e8re !"},"content":{"rendered":"<p>Le train \u00e0 1 \u20ac arrive en Loz\u00e8re. Apr\u00e8s le Gard et l&rsquo;Aude en r\u00e9gion Languedoc Roussillon c&rsquo;est la ligne TER Marvejol Mende Labastide Saint-Laurent qui va b\u00e9n\u00e9ficier de ce tarif. Une excellente chose pour les usagers malgr\u00e9 les r\u00e9ticences des associations qui d\u00e9noncent la suppression de trains sur d&rsquo;autres lignes : Al\u00e8s Bess\u00e8ges par exemple ou Saint Ch\u00e9ly d&rsquo;Apcher &#8211; Marvejols &#8211; Mende aller retour matin et soir et Millau &#8211; Saint Ch\u00e9ly le soir. <br \/>Mise en place \u00e0 partir de samedi 24 juin 2012, demain donc. <br \/>Il (&hellip;)<\/p>\n","protected":false},"excerpt":{"rendered":"<p>Le train \u00e0 1 \u20ac arrive en Loz\u00e8re. Apr\u00e8s le Gard et l&rsquo;Aude en r\u00e9gion Languedoc Roussillon c&rsquo;est<\/p>\n","protected":false},"author":1,"featured_media":0,"comment_status":"closed","ping_status":"open","sticky":false,"template":"","format":"standard","meta":{"footnotes":""},"categories":[2],"tags":[],"class_list":["post-3","post","type-post","status-publish","format-standard","hentry","category-infos"],"_links":{"self":[{"href":"https:\/\/usagers-transports.haut-allier.eu\/index.php\/wp-json\/wp\/v2\/posts\/3","targetHints":{"allow":["GET"]}}],"collection":[{"href":"https:\/\/usagers-transports.haut-allier.eu\/index.php\/wp-json\/wp\/v2\/posts"}],"about":[{"href":"https:\/\/usagers-transports.haut-allier.eu\/index.php\/wp-json\/wp\/v2\/types\/post"}],"author":[{"embeddable":true,"href":"https:\/\/usagers-transports.haut-allier.eu\/index.php\/wp-json\/wp\/v2\/users\/1"}],"replies":[{"embeddable":true,"href":"https:\/\/usagers-transports.haut-allier.eu\/index.php\/wp-json\/wp\/v2\/comments?post=3"}],"version-history":[{"count":0,"href":"https:\/\/usagers-transports.haut-allier.eu\/index.php\/wp-json\/wp\/v2\/posts\/3\/revisions"}],"wp:attachment":[{"href":"https:\/\/usagers-transports.haut-allier.eu\/index.php\/wp-json\/wp\/v2\/media?parent=3"}],"wp:term":[{"taxonomy":"category","embeddable":true,"href":"https:\/\/usagers-transports.haut-allier.eu\/index.php\/wp-json\/wp\/v2\/categories?post=3"},{"taxonomy":"post_tag","embeddable":true,"href":"https:\/\/usagers-transports.haut-allier.eu\/index.php\/wp-json\/wp\/v2\/tags?post=3"}],"curies":[{"name":"wp","href":"https:\/\/api.w.org\/{rel}","templated":true}]}}