{"id":30,"date":"2011-12-10T11:01:00","date_gmt":"2011-12-10T10:01:00","guid":{"rendered":"http:\/\/5.45.101.177\/haut-allier\/usagers-transportse\/index.php\/2011\/12\/10\/gare-sncf-d-alleyras-les030\/"},"modified":"2011-12-10T11:01:00","modified_gmt":"2011-12-10T10:01:00","slug":"gare-sncf-d-alleyras-les030","status":"publish","type":"post","link":"https:\/\/usagers-transports.haut-allier.eu\/index.php\/2011\/12\/10\/gare-sncf-d-alleyras-les030\/","title":{"rendered":"Gare SNCF d&rsquo;Alleyras : les possibilit\u00e9s \u00e0 partir du 11 d\u00e9cembre 2011 [MAJ]"},"content":{"rendered":"<p><em>Mise \u00e0 Jour du 28 janvier :<\/em><br \/>\n<strong>Contrairement \u00e0 ce qui est affirm\u00e9 dans l&rsquo;article, le train C\u00e9venol n&rsquo;a pas \u00e9t\u00e9 mis en r\u00e9servation, suite \u00e0 la demande des associations. Un bon point. Par contre il est assimil\u00e9 \u00e0 un train GL, grandes lignes, sans r\u00e9servation, et non plus \u00e0 un TER. <\/strong>  <\/p>\n<p><em>Mise \u00e0 Jour du 10 d\u00e9cembre :<\/em><br \/>\n<strong>Bon, et bien le cafouillage dont on parle plus bas semble avoir \u00e9t\u00e9 r\u00e9solu : il y a bien la correspondance \u00e0 N\u00eemes avec le T\u00e9oz pour Marseille. On remercie les nombreuses associations d&rsquo;usagers qui ont mont\u00e9 le ton ces derniers jours dans les m\u00e9dias. Pas plus de commentaires<\/strong>  <\/p>\n<p><em>Mise \u00e0 Jour du 6 d\u00e9cembre :<\/em><br \/>\n<strong>Il semble que de multiples nouveaux travaux affectent les correspondances en bout de ligne soit \u00e0 Clermont et N\u00eemes. Par exemple le train T\u00e9oz Toulouse Marseille qui passe par N\u00eemes vers 22h30 est purement annul\u00e9 ! Donc aucune correspondance possible \u00e0 N\u00eemes. Les horaires ci&rsquo;dessous, exacts lors de la r\u00e9daction de l&rsquo;article, sont donc donn\u00e9s sous r\u00e9serve. M\u00eame la SNCF n&rsquo;a aucune info de la part de RFF dit-elle et ne peut pr\u00e9voir quoi que ce soit si on lit les r\u00e9ponses des responsables sur leur <a href=\"http:\/\/questions.sncf.com\/questions\/31271-ligne-bordeaux-marseille-2012\">forum<\/a> de soit-disant entraide ! Nous \u00e9tions trop enthousiastes, la gabegie continue bel et bien et la plupart des voyageurs potentiels prendront une fois de plus leur voiture.<\/strong>  <\/p>\n<p><em>Article original :<\/em><br \/>\nL&rsquo;ensemble des horaires du r\u00e9seau SNCF sont modifi\u00e9s \u00e0 partir du 11 d\u00e9cembre prochain suite \u00e0 des travaux sur le tout le territoire et suite \u00e0 la mise en place du cadencement destin\u00e9 \u00e0 une m\u00e9morisation simple des horaires par les voyageurs. Les d\u00e9parts &#8211; arriv\u00e9es en notre petite halte &#8211; gare d&rsquo;Alleyras sont impact\u00e9s et ils offrent de nouvelles possibilit\u00e9s :<\/p>\n<p>En semaine<\/p>\n<table>\n<tbody>\n<tr class='row_even'>\n<td>marseille<\/td>\n<td>05:58<\/td>\n<td>11:58<\/td>\n<td>15:06<\/td>\n<\/tr>\n<tr class='row_odd'>\n<td>avignon centre<\/td>\n<td><\/td>\n<td><\/td>\n<td>16:15\/16h40<\/td>\n<\/tr>\n<tr class='row_even'>\n<td>n\u00eemes<\/td>\n<td>07:21\/08:11<\/td>\n<td><\/td>\n<td>17:10\/17:33<\/td>\n<\/tr>\n<tr class='row_odd'>\n<td>ales<\/td>\n<td>08:50<\/td>\n<td><\/td>\n<td>18:20<\/td>\n<\/tr>\n<tr class='row_even'>\n<td>langogne<\/td>\n<td>10:26<\/td>\n<td><\/td>\n<td>20:13<\/td>\n<\/tr>\n<tr class='row_odd'>\n<td><strong>alleyras<\/strong><\/td>\n<td><strong>11:14<\/strong><\/td>\n<td><strong> <em>18:46 \u00ee<\/em> <\/strong><\/td>\n<td><strong>21:01<\/strong><\/td>\n<\/tr>\n<tr class='row_even'>\n<td>langeac<\/td>\n<td>11:55<\/td>\n<td>17:43\/<em>18:04 \u00ee<\/em><\/td>\n<td>21:41<\/td>\n<\/tr>\n<tr class='row_odd'>\n<td>clermont<\/td>\n<td>13:20\/13:32<\/td>\n<td><\/td>\n<td>23:03<\/td>\n<\/tr>\n<tr class='row_even'>\n<td>paris bercy<\/td>\n<td>16:57<\/td>\n<td><\/td>\n<td><\/td>\n<\/tr>\n<\/tbody>\n<\/table>\n<table>\n<tbody>\n<tr class='row_even'>\n<td>paris bercy<\/td>\n<td><\/td>\n<td><\/td>\n<td>13:00<\/td>\n<\/tr>\n<tr class='row_odd'>\n<td>clermont<\/td>\n<td>06:47<\/td>\n<td><\/td>\n<td>16:28\/16:40<\/td>\n<\/tr>\n<tr class='row_even'>\n<td>langeac<\/td>\n<td>08:14<\/td>\n<td><em>11:54 \u00ee<\/em> \/14:06<\/td>\n<td>18:04<\/td>\n<\/tr>\n<tr class='row_odd'>\n<td><strong>alleyras<\/strong><\/td>\n<td><strong>08:55<\/strong><\/td>\n<td><strong> <em>11:14 \u00ee<\/em> <\/strong><\/td>\n<td><strong>18:46<\/strong><\/td>\n<\/tr>\n<tr class='row_even'>\n<td>langogne<\/td>\n<td>09:44<\/td>\n<td>15:35<\/td>\n<td>19:35<\/td>\n<\/tr>\n<tr class='row_odd'>\n<td>ales<\/td>\n<td>11:18<\/td>\n<td>17:11<\/td>\n<td>21:20<\/td>\n<\/tr>\n<tr class='row_even'>\n<td>n\u00eemes<\/td>\n<td>11:58\/12:49<\/td>\n<td>18:13<\/td>\n<td>22:01\/22:35<\/td>\n<\/tr>\n<tr class='row_odd'>\n<td>avignon centre<\/td>\n<td>13:20\/14:16<\/td>\n<td><\/td>\n<td><\/td>\n<\/tr>\n<tr class='row_even'>\n<td>marseille<\/td>\n<td>15:50<\/td>\n<td>19:54<\/td>\n<td>23:44<\/td>\n<\/tr>\n<\/tbody>\n<\/table>\n<p>Le samedi et le dimanche<\/p>\n<table>\n<tbody>\n<tr class='row_even'>\n<td>marseille<\/td>\n<td>06:18<\/td>\n<\/tr>\n<tr class='row_odd'>\n<td>n\u00eemes<\/td>\n<td>07:25\/08:11<\/td>\n<\/tr>\n<tr class='row_even'>\n<td>ales<\/td>\n<td>08:50<\/td>\n<\/tr>\n<tr class='row_odd'>\n<td>langogne<\/td>\n<td>10:26<\/td>\n<\/tr>\n<tr class='row_even'>\n<td><strong>alleyras<\/strong><\/td>\n<td><strong>11:14<\/strong><\/td>\n<\/tr>\n<tr class='row_odd'>\n<td>langeac<\/td>\n<td>11:55<\/td>\n<\/tr>\n<tr class='row_even'>\n<td>clermont<\/td>\n<td>13:20\/13:32<\/td>\n<\/tr>\n<tr class='row_odd'>\n<td>paris bercy<\/td>\n<td>16:57<\/td>\n<\/tr>\n<\/tbody>\n<\/table>\n<table>\n<tbody>\n<tr class='row_even'>\n<td>paris bercy<\/td>\n<td>13:00<\/td>\n<\/tr>\n<tr class='row_odd'>\n<td>clermont<\/td>\n<td>16:28\/16:40<\/td>\n<\/tr>\n<tr class='row_even'>\n<td>langeac<\/td>\n<td>18:04<\/td>\n<\/tr>\n<tr class='row_odd'>\n<td><strong>alleyras<\/strong><\/td>\n<td><strong>18:46<\/strong><\/td>\n<\/tr>\n<tr class='row_even'>\n<td>langogne<\/td>\n<td>19:35<\/td>\n<\/tr>\n<tr class='row_odd'>\n<td>ales<\/td>\n<td>21:20<\/td>\n<\/tr>\n<tr class='row_even'>\n<td>n\u00eemes<\/td>\n<td>22:01\/22:35<\/td>\n<\/tr>\n<tr class='row_odd'>\n<td>marseille<\/td>\n<td>23:44<\/td>\n<\/tr>\n<\/tbody>\n<\/table>\n<p>Le tarif d&rsquo;un <strong>Alleyras Clermont<\/strong> est fixe, \u00e0 <strong>21,20 euros<\/strong> car effectu\u00e9 tout le long \u00e0 bord d&rsquo;un TER. Celui d&rsquo;un <strong>Alleyras Marseille<\/strong> varie de <strong>29,5 euros<\/strong> si l&rsquo;on prend le T\u00e9oz \u00e0 N\u00eemes \u00e0 113 euros si on suit les toujours merveilleux conseils du site Voyages SNCF qui vous invite \u00e0 prendre un Alleyras\/Clermont\/Lyon\/Marseille ou d&rsquo;autres joyeuset\u00e9s.<\/p>\n<p>En r\u00e9sum\u00e9 les temps de parcours semblent pour cette ann\u00e9e inchang\u00e9s et toujours <strong>passables<\/strong>. Les travaux effectu\u00e9s durant ces deux mois d&rsquo;automne n&rsquo;auront pas fait bouger grand chose si ce n&rsquo;est des correspondances plus courtes. <\/p>\n<p><em>Il devient quand m\u00eame possible de prendre le C\u00e9venol en milieu de journ\u00e9e dans les deux sens avec un petit \u00ab\u00a0rebroussement\u00a0\u00bb de et vers Langeac, et d\u00e9sormais il y a une correspondance pour le train du soir \u00e0 N\u00eemes vers Marseille. <strong>Les portions de trajets rebrouss\u00e9s, invers\u00e9s, not\u00e9es \u00ee et en italliques ici, permettent donc de b\u00e9n\u00e9ficier du train C\u00e9venol qui est d\u00e9sormais SUR RESERVATION<\/strong>.<\/em><\/p>\n<p><em> <strong>Ne faisons pas la fine bouche puisqu&rsquo;on peut pratiquement b\u00e9n\u00e9ficier d\u00e9sormais de 6 trains au lieu de 4 dans notre petite gare ! Reconnaissons donc \u00e0 la SNCF un bien meilleur calcul des horaires.<\/strong> <\/em><\/p>\n<p><strong>Quelques trajets \u00e0 partir d&rsquo;Alleyras qui ne vous seront jamais propos\u00e9s par le site Voyages SNCF du lundi au vendredi :<\/strong><\/p>\n<p><em> <strong>Vers et De Mende et Saint-Ch\u00e9ly d&rsquo;Apcher<\/strong> <\/em><\/p>\n<table>\n<tbody>\n<tr class='row_even'>\n<td>alleyras<\/td>\n<td>08:55<\/td>\n<td>saint-ch\u00e9ly<\/td>\n<td>06:26<\/td>\n<td>07:05<\/td>\n<td>12:20<\/td>\n<\/tr>\n<tr class='row_odd'>\n<td>labastide st laurent<\/td>\n<td>10:01\/10:08<\/td>\n<td>marvejols<\/td>\n<td>07:00<\/td>\n<td>07:35<\/td>\n<td>13:00<\/td>\n<\/tr>\n<tr class='row_even'>\n<td>mende<\/td>\n<td>11:23<\/td>\n<td>mende<\/td>\n<td>08:40<\/td>\n<td>08:25<\/td>\n<td>13:40\/14:20<\/td>\n<\/tr>\n<tr class='row_odd'>\n<td>marvejols<\/td>\n<td>12:10\/12:23<\/td>\n<td>labastide st laurent<\/td>\n<td>09:55\/10:06<\/td>\n<td>09:55\/10:06<\/td>\n<td>15:30\/15:56<\/td>\n<\/tr>\n<tr class='row_even'>\n<td><\/td>\n<td><\/td>\n<td>langeac<\/td>\n<td><\/td>\n<td><\/td>\n<td>17:43\/18:04<\/td>\n<\/tr>\n<tr class='row_odd'>\n<td>saint-ch\u00e9ly<\/td>\n<td>12:58<\/td>\n<td>alleyras<\/td>\n<td>11:13<\/td>\n<td>11:13<\/td>\n<td>18:45<\/td>\n<\/tr>\n<\/tbody>\n<\/table>\n<p><em> <strong>Vers et De Saint-Etienne Lyon<\/strong> <\/em><\/p>\n<table>\n<tbody>\n<tr class='row_even'>\n<td>alleyras<\/td>\n<td>11:14<\/td>\n<td>lyon part dieu<\/td>\n<td>12:06<\/td>\n<\/tr>\n<tr class='row_odd'>\n<td>brioude<\/td>\n<td>12:22\/13:43<\/td>\n<td>st \u00e9tienne chateaucreux<\/td>\n<td>12:52<\/td>\n<\/tr>\n<tr class='row_even'>\n<td>le puy en velay<\/td>\n<td>14:47\/16:18<\/td>\n<td>le puy en velay<\/td>\n<td>14:23<\/td>\n<\/tr>\n<tr class='row_odd'>\n<td>st \u00e9tienne chateaucreux<\/td>\n<td>17:39\/17:50<\/td>\n<td>st georges d&rsquo;aurac<\/td>\n<td>17:46\/17:56<\/td>\n<\/tr>\n<tr class='row_even'>\n<td>lyon part dieu<\/td>\n<td>18:36<\/td>\n<td>alleyras<\/td>\n<td>18:45<\/td>\n<\/tr>\n<\/tbody>\n<\/table>\n<p><em> <strong>Vers et De Rodez Toulouse<\/strong> <\/em><\/p>\n<table>\n<tbody>\n<tr class='row_even'>\n<td>alleyras<\/td>\n<td>08:55<\/td>\n<td>11:14<\/td>\n<td>toulouse<\/td>\n<td>07:21<\/td>\n<\/tr>\n<tr class='row_odd'>\n<td>labastide puylaurent<\/td>\n<td>10:01\/10:08<\/td>\n<td><\/td>\n<td>rodez<\/td>\n<td>09:48\/10:34<\/td>\n<\/tr>\n<tr class='row_even'>\n<td>arvant<\/td>\n<td><\/td>\n<td>12:32\/13:41<\/td>\n<td><\/td>\n<td><\/td>\n<\/tr>\n<tr class='row_odd'>\n<td>marvejols<\/td>\n<td>12:10\/12:21<\/td>\n<td><\/td>\n<td>s\u00e9verac le ch\u00e2teau<\/td>\n<td>11:20\/11:34<\/td>\n<\/tr>\n<tr class='row_even'>\n<td>s\u00e9verac le ch\u00e2teau<\/td>\n<td>13:06\/13:50<\/td>\n<td>17:02\/19:05<\/td>\n<td>arvant<\/td>\n<td>15:17\/17:27<\/td>\n<\/tr>\n<tr class='row_odd'>\n<td>rodez<\/td>\n<td>14:40\/16:31<\/td>\n<td>19:55\/20:55<\/td>\n<td><\/td>\n<td><\/td>\n<\/tr>\n<tr class='row_even'>\n<td>toulouse<\/td>\n<td>18:42<\/td>\n<td>23:04<\/td>\n<td>alleyras<\/td>\n<td>18:45<\/td>\n<\/tr>\n<\/tbody>\n<\/table>\n","protected":false},"excerpt":{"rendered":"<p>Mise \u00e0 Jour du 28 janvier : Contrairement \u00e0 ce qui est affirm\u00e9 dans l&rsquo;article, le train C\u00e9venol<\/p>\n","protected":false},"author":1,"featured_media":0,"comment_status":"closed","ping_status":"open","sticky":false,"template":"","format":"standard","meta":{"footnotes":""},"categories":[2],"tags":[],"class_list":["post-30","post","type-post","status-publish","format-standard","hentry","category-infos"],"_links":{"self":[{"href":"https:\/\/usagers-transports.haut-allier.eu\/index.php\/wp-json\/wp\/v2\/posts\/30","targetHints":{"allow":["GET"]}}],"collection":[{"href":"https:\/\/usagers-transports.haut-allier.eu\/index.php\/wp-json\/wp\/v2\/posts"}],"about":[{"href":"https:\/\/usagers-transports.haut-allier.eu\/index.php\/wp-json\/wp\/v2\/types\/post"}],"author":[{"embeddable":true,"href":"https:\/\/usagers-transports.haut-allier.eu\/index.php\/wp-json\/wp\/v2\/users\/1"}],"replies":[{"embeddable":true,"href":"https:\/\/usagers-transports.haut-allier.eu\/index.php\/wp-json\/wp\/v2\/comments?post=30"}],"version-history":[{"count":0,"href":"https:\/\/usagers-transports.haut-allier.eu\/index.php\/wp-json\/wp\/v2\/posts\/30\/revisions"}],"wp:attachment":[{"href":"https:\/\/usagers-transports.haut-allier.eu\/index.php\/wp-json\/wp\/v2\/media?parent=30"}],"wp:term":[{"taxonomy":"category","embeddable":true,"href":"https:\/\/usagers-transports.haut-allier.eu\/index.php\/wp-json\/wp\/v2\/categories?post=30"},{"taxonomy":"post_tag","embeddable":true,"href":"https:\/\/usagers-transports.haut-allier.eu\/index.php\/wp-json\/wp\/v2\/tags?post=30"}],"curies":[{"name":"wp","href":"https:\/\/api.w.org\/{rel}","templated":true}]}}