{"id":300,"date":"2016-05-26T19:05:35","date_gmt":"2016-05-26T17:05:35","guid":{"rendered":"http:\/\/5.45.101.177\/haut-allier\/usagers-transportse\/index.php\/2016\/05\/26\/une-gare-sncf-d-alleyras-enfin300\/"},"modified":"2026-09-01T15:53:53","modified_gmt":"2026-09-01T13:53:53","slug":"une-gare-sncf-d-alleyras-enfin300","status":"publish","type":"post","link":"https:\/\/usagers-transports.haut-allier.eu\/index.php\/2016\/05\/26\/une-gare-sncf-d-alleyras-enfin300\/","title":{"rendered":"Une gare SNCF d&rsquo;Alleyras enfin propre !"},"content":{"rendered":"De tr\u00e8s gros moyens viennent d&rsquo;\u00eatre utilis\u00e9s dans l&rsquo;objectif de rendre la gare au moins une fois nickel, en d\u00e9but de saison par la SNCF. D&rsquo;abord une \u00e9quipe envoy\u00e9e par le sous-traitant charg\u00e9 des espaces verts dans les gares du coin :  pas moins de 4 personnes avec tondeuse et rotofil. \n&nbsp;\n<img loading=\"lazy\" decoding=\"async\" class=\" aligncenter size-full wp-image-1895\" src=\"http:\/\/5.45.101.177\/haut-allier\/usagers-transportse\/wp-content\/uploads\/2016\/05\/usagers-transports-haut-allier-eu-26aout2016-gare-alleyras-00.jpg\" alt=\"usagers-transports-haut-allier-eu-26aout2016-gare-alleyras-00.jpg\" align=\"center\" width=\"800\" height=\"597\" srcset=\"https:\/\/usagers-transports.haut-allier.eu\/wp-content\/uploads\/2016\/05\/usagers-transports-haut-allier-eu-26aout2016-gare-alleyras-00.jpg 800w, https:\/\/usagers-transports.haut-allier.eu\/wp-content\/uploads\/2016\/05\/usagers-transports-haut-allier-eu-26aout2016-gare-alleyras-00-300x224.jpg 300w, https:\/\/usagers-transports.haut-allier.eu\/wp-content\/uploads\/2016\/05\/usagers-transports-haut-allier-eu-26aout2016-gare-alleyras-00-768x573.jpg 768w\" sizes=\"auto, (max-width: 800px) 100vw, 800px\" \/>\n&nbsp;\nLe tout pour faire une tonte de 50 m\u00e8tres sur 2 m\u00e8tres maximum \u00e0 droite de la halte et 20 \u00e0 30 m\u00e8tres sur 2 m\u00e8tres \u00e0 gauche. \n&nbsp;\n<strong>Et les herbes hautes que l&rsquo;on aper\u00e7oit en face, sur l&rsquo;autre quai ?<\/strong> \nAh mais non, le sous-traitant n&rsquo;a pas le droit de traverser la voie ! La direction r\u00e9gionale Gares et Connexions est stricte : Interdiction formelle !\n&nbsp;\nIl a fallu que des usagers se plaignent de cet \u00e9tat de fait qui dure depuis plusieurs ann\u00e9es \u00e0 un agent SNCF compr\u00e9hensif qui passait par l\u00e0 et qui a d\u00fb intervenir lui-m\u00eame avec une tondeuse SNCF en pr\u00e9sence de sa chef qui a fait le d\u00e9placement (forc\u00e9ment p\u00e9rilleux) pour assurer sa s\u00e9curit\u00e9.\n&nbsp;\nSi les usagers grognent contre les annulations intempestives de trains, les retards et les annulations pour travaux, les agents et leur hi\u00e9rarchie eux en font de bien beaux voyages dans les gorges sauvages de l&rsquo;Allier  ! \n&nbsp;\nEt donc r\u00e9sultat : une gare d&rsquo;un nickel foudroyant. Pour la premi\u00e8re fois. C\u00f4t\u00e9 herbes hautes sur la voie elle-m\u00eame&#8230; bon on attendra bien encore quelques ann\u00e9es qu&rsquo;ils aient trouv\u00e9 une solution.  On attendra aussi le remplacement des lampadaires datant d&rsquo;il y a deux si\u00e8cles et du t\u00e9l\u00e9phone vermoulu de secours. On attendra encore le panneau d&rsquo;affichage des trains et des retards en temps r\u00e9el. L&rsquo;investissement sera d\u00e9cid\u00e9 que la ligne sera depuis longtemps ferm\u00e9e.\n&nbsp;\n<img loading=\"lazy\" decoding=\"async\" class=\" aligncenter size-full wp-image-1896\" src=\"http:\/\/5.45.101.177\/haut-allier\/usagers-transportse\/wp-content\/uploads\/2016\/05\/usagers-transports-haut-allier-eu-26aout2016-gare-alleyras-02-2.jpg\" alt=\"usagers-transports-haut-allier-eu-26aout2016-gare-alleyras-02-2.jpg\" align=\"center\" width=\"800\" height=\"600\" srcset=\"https:\/\/usagers-transports.haut-allier.eu\/wp-content\/uploads\/2016\/05\/usagers-transports-haut-allier-eu-26aout2016-gare-alleyras-02-2.jpg 800w, https:\/\/usagers-transports.haut-allier.eu\/wp-content\/uploads\/2016\/05\/usagers-transports-haut-allier-eu-26aout2016-gare-alleyras-02-2-300x225.jpg 300w, https:\/\/usagers-transports.haut-allier.eu\/wp-content\/uploads\/2016\/05\/usagers-transports-haut-allier-eu-26aout2016-gare-alleyras-02-2-768x576.jpg 768w\" sizes=\"auto, (max-width: 800px) 100vw, 800px\" \/>\n&nbsp;\nSNCF on t&rsquo;aime !\n<p>&nbsp;<\/p>\n\n\t<figure class=\"wp-block-gallery columns-1 is-cropped wp-block-gallery-1 is-layout-flex wp-block-gallery-is-layout-flex\">\n\t\t<ul class=\"blocks-gallery-grid\">\n\t\t\t<li class=\"blocks-gallery-item\">\n\t\t\t\t<figure>\n\t\t\t\t\t\t\t\t\t\t\t<img loading=\"lazy\" decoding=\"async\" width=\"800\" height=\"600\" src=\"http:\/\/5.45.101.177\/haut-allier\/usagers-transportse\/wp-content\/uploads\/2016\/05\/usagers-transports-haut-allier-eu-26aout2016-gare-alleyras-02.jpg\"\n\t\t\t\t\t\t alt=\"usagers-transports-haut-allier-eu-26aout2016-gare-alleyras-02.jpg\"\n\t\t\t\t\t\t data-id=\"1897\"\n\t\t\t\t\t\t data-full-url=\"http:\/\/5.45.101.177\/haut-allier\/usagers-transportse\/wp-content\/uploads\/2016\/05\/usagers-transports-haut-allier-eu-26aout2016-gare-alleyras-02.jpg\"\n\t\t\t\t\t\t data-link=\"http:\/\/5.45.101.177\/haut-allier\/usagers-transportse\/attachment-usagers-transports-haut-allier-eu-26aout2016-gare-alleyras-02-jpg\/\"\n\t\t\t\t\t\t class=\"wp-image-1897\" srcset=\"https:\/\/usagers-transports.haut-allier.eu\/wp-content\/uploads\/2016\/05\/usagers-transports-haut-allier-eu-26aout2016-gare-alleyras-02.jpg 800w, https:\/\/usagers-transports.haut-allier.eu\/wp-content\/uploads\/2016\/05\/usagers-transports-haut-allier-eu-26aout2016-gare-alleyras-02-300x225.jpg 300w, https:\/\/usagers-transports.haut-allier.eu\/wp-content\/uploads\/2016\/05\/usagers-transports-haut-allier-eu-26aout2016-gare-alleyras-02-768x576.jpg 768w\" sizes=\"auto, (max-width: 800px) 100vw, 800px\" \/>\n\t\t\t\t<\/figure>\n\t\t\t<\/li>\n\t\t<\/ul>\n\t<\/figure>\n","protected":false},"excerpt":{"rendered":"<p>De tr\u00e8s gros moyens viennent d&rsquo;\u00eatre utilis\u00e9s dans l&rsquo;objectif de rendre la gare au moins une fois nickel,<\/p>\n","protected":false},"author":1,"featured_media":1894,"comment_status":"closed","ping_status":"open","sticky":false,"template":"","format":"standard","meta":{"footnotes":""},"categories":[3],"tags":[],"class_list":["post-300","post","type-post","status-publish","format-standard","has-post-thumbnail","hentry","category-en-train"],"_links":{"self":[{"href":"https:\/\/usagers-transports.haut-allier.eu\/index.php\/wp-json\/wp\/v2\/posts\/300","targetHints":{"allow":["GET"]}}],"collection":[{"href":"https:\/\/usagers-transports.haut-allier.eu\/index.php\/wp-json\/wp\/v2\/posts"}],"about":[{"href":"https:\/\/usagers-transports.haut-allier.eu\/index.php\/wp-json\/wp\/v2\/types\/post"}],"author":[{"embeddable":true,"href":"https:\/\/usagers-transports.haut-allier.eu\/index.php\/wp-json\/wp\/v2\/users\/1"}],"replies":[{"embeddable":true,"href":"https:\/\/usagers-transports.haut-allier.eu\/index.php\/wp-json\/wp\/v2\/comments?post=300"}],"version-history":[{"count":1,"href":"https:\/\/usagers-transports.haut-allier.eu\/index.php\/wp-json\/wp\/v2\/posts\/300\/revisions"}],"predecessor-version":[{"id":1898,"href":"https:\/\/usagers-transports.haut-allier.eu\/index.php\/wp-json\/wp\/v2\/posts\/300\/revisions\/1898"}],"wp:featuredmedia":[{"embeddable":true,"href":"https:\/\/usagers-transports.haut-allier.eu\/index.php\/wp-json\/wp\/v2\/media\/1894"}],"wp:attachment":[{"href":"https:\/\/usagers-transports.haut-allier.eu\/index.php\/wp-json\/wp\/v2\/media?parent=300"}],"wp:term":[{"taxonomy":"category","embeddable":true,"href":"https:\/\/usagers-transports.haut-allier.eu\/index.php\/wp-json\/wp\/v2\/categories?post=300"},{"taxonomy":"post_tag","embeddable":true,"href":"https:\/\/usagers-transports.haut-allier.eu\/index.php\/wp-json\/wp\/v2\/tags?post=300"}],"curies":[{"name":"wp","href":"https:\/\/api.w.org\/{rel}","templated":true}]}}