{"id":303,"date":"2016-05-30T13:15:46","date_gmt":"2016-05-30T11:15:46","guid":{"rendered":"http:\/\/5.45.101.177\/haut-allier\/usagers-transportse\/index.php\/2016\/05\/30\/languedoc-roussillon-midi-pyrenees303\/"},"modified":"2016-05-30T13:15:46","modified_gmt":"2016-05-30T11:15:46","slug":"languedoc-roussillon-midi-pyrenees303","status":"publish","type":"post","link":"https:\/\/usagers-transports.haut-allier.eu\/index.php\/2016\/05\/30\/languedoc-roussillon-midi-pyrenees303\/","title":{"rendered":"Languedoc Roussillon Midi Pyr\u00e9n\u00e9es investit dans l&rsquo;avenir du train jaune"},"content":{"rendered":"<p>Le Train Jaune qui traverse le parc naturel r\u00e9gional des Pyr\u00e9n\u00e9es catalanes va subir des travaux. La R\u00e9gion LRMP d\u00e9bloque 1,65 million d&rsquo;euros pour mettre en s\u00e9curit\u00e9 les remorques et motrices de ce train touristique centenaire.<br \/>\n&nbsp;<\/p>\n<p>&#8211; <strong>Sur France 3 journal de 19 heures samedi 28 mai : <a href=\"http:\/\/france3-regions.francetvinfo.fr\/languedoc-roussillon\/pyrenees-orientales\/la-region-investit-165-millions-d-euros-pour-le-train-jaune-1008561.html\">La R\u00e9gion investit 1,65 million d&rsquo;euros pour le Train Jaune<\/a> <\/strong><br \/>\n&nbsp;<\/p>\n<p><strong>Pendant que la SNCF ferme les lignes du massif central \u00e0 tour de bras, on attend depuis maintenant 5 mois les intentions politiques de Son Eminence Dieu Wauquiez pour ses trains r\u00e9gionaux d&rsquo;Auvergne Rh\u00f4ne Alpes. Fermera-t-il toutes les lignes d&rsquo;Auvergne comme il le fait pour tous les projets de parcs naturels ?<\/strong><\/p>\n","protected":false},"excerpt":{"rendered":"<p>Le Train Jaune qui traverse le parc naturel r\u00e9gional des Pyr\u00e9n\u00e9es catalanes va subir des travaux. La R\u00e9gion<\/p>\n","protected":false},"author":1,"featured_media":1902,"comment_status":"closed","ping_status":"open","sticky":false,"template":"","format":"standard","meta":{"footnotes":""},"categories":[3],"tags":[],"class_list":["post-303","post","type-post","status-publish","format-standard","has-post-thumbnail","hentry","category-en-train"],"_links":{"self":[{"href":"https:\/\/usagers-transports.haut-allier.eu\/index.php\/wp-json\/wp\/v2\/posts\/303","targetHints":{"allow":["GET"]}}],"collection":[{"href":"https:\/\/usagers-transports.haut-allier.eu\/index.php\/wp-json\/wp\/v2\/posts"}],"about":[{"href":"https:\/\/usagers-transports.haut-allier.eu\/index.php\/wp-json\/wp\/v2\/types\/post"}],"author":[{"embeddable":true,"href":"https:\/\/usagers-transports.haut-allier.eu\/index.php\/wp-json\/wp\/v2\/users\/1"}],"replies":[{"embeddable":true,"href":"https:\/\/usagers-transports.haut-allier.eu\/index.php\/wp-json\/wp\/v2\/comments?post=303"}],"version-history":[{"count":0,"href":"https:\/\/usagers-transports.haut-allier.eu\/index.php\/wp-json\/wp\/v2\/posts\/303\/revisions"}],"wp:featuredmedia":[{"embeddable":true,"href":"https:\/\/usagers-transports.haut-allier.eu\/index.php\/wp-json\/wp\/v2\/media\/1902"}],"wp:attachment":[{"href":"https:\/\/usagers-transports.haut-allier.eu\/index.php\/wp-json\/wp\/v2\/media?parent=303"}],"wp:term":[{"taxonomy":"category","embeddable":true,"href":"https:\/\/usagers-transports.haut-allier.eu\/index.php\/wp-json\/wp\/v2\/categories?post=303"},{"taxonomy":"post_tag","embeddable":true,"href":"https:\/\/usagers-transports.haut-allier.eu\/index.php\/wp-json\/wp\/v2\/tags?post=303"}],"curies":[{"name":"wp","href":"https:\/\/api.w.org\/{rel}","templated":true}]}}