{"id":304,"date":"2016-05-31T07:18:32","date_gmt":"2016-05-31T05:18:32","guid":{"rendered":"http:\/\/5.45.101.177\/haut-allier\/usagers-transportse\/index.php\/2016\/05\/31\/patrick-mignola-existe-si-si-il-a304\/"},"modified":"2026-09-01T15:53:55","modified_gmt":"2026-09-01T13:53:55","slug":"patrick-mignola-existe-si-si-il-a304","status":"publish","type":"post","link":"https:\/\/usagers-transports.haut-allier.eu\/index.php\/2016\/05\/31\/patrick-mignola-existe-si-si-il-a304\/","title":{"rendered":"Patrick Mignola existe ! Si si ! Il a r\u00e9agi sur le rapport concernant l&rsquo;\u00e9tat des lignes [MAJ]"},"content":{"rendered":"[**Une r\u00e9gion aux abonn\u00e9s absents en Auvergne*]\n\nLe d\u00e9l\u00e9gu\u00e9 aux transports de la r\u00e9gion Auvergne Rh\u00f4ne Alpes dont on se demandait s&rsquo;il existait ici en Auvergne depuis sa nomination \u00e0 la r\u00e9gion il y a presque six mois s&rsquo;exprime enfin dans le quotidien Le Progr\u00e8s au sujet d&rsquo;un rapport de la SNCF concernant l&rsquo;\u00e9tat du r\u00e9seau dans la grande r\u00e9gion.\n&nbsp;\nCe constat avait \u00e9t\u00e9 plusieurs fois fait notamment par l&rsquo;ancienne r\u00e9gion Auvergne. D&rsquo;o\u00f9 aucune nouvelle information. Monsieur Mignola se r\u00e9veille, il \u00e9tait temps. \n&nbsp;\n<strong>On attend de la nouvelle r\u00e9gion des mesures urgentes et un engagement clair pour les r\u00e9nover plut\u00f4t que des cris d&rsquo;orfraies.<\/strong>\n&nbsp;\n<strong>Voici l&rsquo;article :<\/strong>\n&nbsp;\n\n[(\nAUVERGNE RH\u00d4NE-ALPES TER : 22 lignes d\u00e9faillantes selon un rapport de SNCF R\u00e9seau\n&nbsp;\nLe 30\/05\/2016 \u00e0 18:30\n&nbsp;\n\u00abLe r\u00e9seau ferr\u00e9 perd de sa substance. Il vieillit plus vite que les capacit\u00e9s du syst\u00e8me \u00e0 financer et \u00e0 r\u00e9aliser les travaux\u00bb, souligne un rapport r\u00e9alis\u00e9 par SNCF R\u00e9seau.\n&nbsp;\nCe \u00abdiagnostic des lignes ferroviaires d\u2019irrigation du territoire Auvergne Rh\u00f4ne-Alpes\u00bb, dat\u00e9 de mars 2016, poursuit deux objectifs : lister les besoins de financement \u00e0 mobiliser pour les dix ans \u00e0 venir, mais aussi, faute de financement, indiquer la perte de performance probable pouvant mener \u00e0 une suspension de l\u2019exploitation ferroviaire.\n&nbsp;\nParmi les lignes les plus menac\u00e9es de fermeture, figurent Lyon\/Paray-le-Monial sur la portion Chauffailles-Lozanne, ou encore Saint-Etienne\/Clermont-Ferrand sur la portion Thiers-Montbrison.\n&nbsp;\n\u00abC\u2019est un rapport accablant\u00bb, commente Patrick Mignola, vice-pr\u00e9sident charg\u00e9 des Transports en Auvergne Rh\u00f4ne-Alpes qui demande \u00abtoute la v\u00e9rit\u00e9 sur les conditions d\u2019exploitation et des pr\u00e9conisations claires de la SNCF d\u2019ici \u00e0 fin juin\u00bb.\n&nbsp;\nLe vice-pr\u00e9sident \u00e0 la R\u00e9gion souhaite aussi que soit revu le contrat Plan Etat R\u00e9gion. \u00abPour ne pas fermer de lignes, il manque 300 millions pour les 5 ans \u00e0 venir\u00bb, d\u00e9taille Patrick Mignola qui ne manque pas de taper sur l\u2019ex\u00e9cutif pr\u00e9c\u00e9dent \u00abqui a tout mis sous le tapis\u00bb.\n&nbsp;\nDans son rapport, RFF\/SNCF R\u00e9seau indique aussi \u00abavoir doubl\u00e9 le niveau d\u2019investissements de renouvellement sur l\u2019ensemble du r\u00e9seau\u00bb entre 2008 et 2015.\n\n)]\n\n&nbsp;\n<strong>[MAJ du 1er juin]<\/strong>\n&nbsp;\nVoici les scans des articles du Progr\u00e8s selon les \u00e9ditions :\n&nbsp;\nDernier paragraphe VERSION RH\u00d4NE:\nIl reste que dans son rapport, RFF\/SNCF R\u00e9seau indique \u00ab avoir doubl\u00e9 le niveau d\u2019investissements de renouvellement sur l\u2019ensemble du r\u00e9seau \u00bb\nentre 2008 et 2015, tandis qu\u2019en 2016, seront investis 370 millions sur Auvergne\nRh\u00f4ne-Alpes dont 300 millions pour la maintenance. \u00ab C\u2019est 1 million par jour ! \u00bb, commente SNCF R\u00e9seau. Hier soir, l\u2019ancien ex\u00e9cutif mis en cause,\na r\u00e9agi par la voix d\u2019\u00c9liane Giraud, alors vice-pr\u00e9sidente charg\u00e9e des\nTransports. \u00ab Nous avons fait exactement le contraire de mettre la poussi\u00e8re\nsous le tapis. L\u2019\u00e9tat du r\u00e9seau est ce qu\u2019il est par des dizaines d\u2019ann\u00e9es de politique. Justement nous ne voulions pas fermer de petites lignes, mais pr\u00e9voir\nune premi\u00e8re vague de travaux dans le cadre du contrat de Plan, avant une\ndeuxi\u00e8me\u2026 \u00bb.\n\n<img loading=\"lazy\" decoding=\"async\" class=\" aligncenter size-full wp-image-1904\" src=\"http:\/\/5.45.101.177\/haut-allier\/usagers-transportse\/wp-content\/uploads\/2016\/05\/vlyon-art-20160531_22-lignes-defaillantes-selon-sncf-reseau_le-progres-69.jpg\" alt=\"vlyon-art-20160531_22-lignes-defaillantes-selon-sncf-reseau_le-progres-69.jpg\" align=\"center\" width=\"1124\" height=\"1705\" srcset=\"https:\/\/usagers-transports.haut-allier.eu\/wp-content\/uploads\/2016\/05\/vlyon-art-20160531_22-lignes-defaillantes-selon-sncf-reseau_le-progres-69.jpg 1124w, https:\/\/usagers-transports.haut-allier.eu\/wp-content\/uploads\/2016\/05\/vlyon-art-20160531_22-lignes-defaillantes-selon-sncf-reseau_le-progres-69-198x300.jpg 198w, https:\/\/usagers-transports.haut-allier.eu\/wp-content\/uploads\/2016\/05\/vlyon-art-20160531_22-lignes-defaillantes-selon-sncf-reseau_le-progres-69-675x1024.jpg 675w, https:\/\/usagers-transports.haut-allier.eu\/wp-content\/uploads\/2016\/05\/vlyon-art-20160531_22-lignes-defaillantes-selon-sncf-reseau_le-progres-69-768x1165.jpg 768w, https:\/\/usagers-transports.haut-allier.eu\/wp-content\/uploads\/2016\/05\/vlyon-art-20160531_22-lignes-defaillantes-selon-sncf-reseau_le-progres-69-1013x1536.jpg 1013w\" sizes=\"auto, (max-width: 1124px) 100vw, 1124px\" \/>\n\nDernier paragraphe VERSION HAUTE-LOIRE :\nCertains vont plus loin encore et font remarquer que les manifestations contre des fermetures de ligne rassemblent parfois plus de monde que les usagers de la ligne\nen question. Info ou intox ? Reste que dans son rapport, RFF\/SNCF R\u00e9seau indique \u00ab avoir doubl\u00e9 le niveau d\u2019investissements de renouvellement\nsur l\u2019ensemble du r\u00e9seau \u00bb entre 2008 et 2015. \u00ab En 2016, on a investi 370 millions sur Auvergne-Rh\u00f4ne-Alpes dont 300 millions pour la maintenance et 70 millions pour le d\u00e9veloppement. C\u2019est 1 million par jour ! \u00bb\n\n<img loading=\"lazy\" decoding=\"async\" class=\" aligncenter size-full wp-image-1905\" src=\"http:\/\/5.45.101.177\/haut-allier\/usagers-transportse\/wp-content\/uploads\/2016\/05\/vrhone-art-20160531_22-lignes-defaillantes-selon-sncf-reseau_le-progres-43.jpg\" alt=\"vrhone-art-20160531_22-lignes-defaillantes-selon-sncf-reseau_le-progres-43.jpg\" align=\"center\" width=\"1148\" height=\"1684\" srcset=\"https:\/\/usagers-transports.haut-allier.eu\/wp-content\/uploads\/2016\/05\/vrhone-art-20160531_22-lignes-defaillantes-selon-sncf-reseau_le-progres-43.jpg 1148w, https:\/\/usagers-transports.haut-allier.eu\/wp-content\/uploads\/2016\/05\/vrhone-art-20160531_22-lignes-defaillantes-selon-sncf-reseau_le-progres-43-205x300.jpg 205w, https:\/\/usagers-transports.haut-allier.eu\/wp-content\/uploads\/2016\/05\/vrhone-art-20160531_22-lignes-defaillantes-selon-sncf-reseau_le-progres-43-698x1024.jpg 698w, https:\/\/usagers-transports.haut-allier.eu\/wp-content\/uploads\/2016\/05\/vrhone-art-20160531_22-lignes-defaillantes-selon-sncf-reseau_le-progres-43-768x1127.jpg 768w, https:\/\/usagers-transports.haut-allier.eu\/wp-content\/uploads\/2016\/05\/vrhone-art-20160531_22-lignes-defaillantes-selon-sncf-reseau_le-progres-43-1047x1536.jpg 1047w\" sizes=\"auto, (max-width: 1148px) 100vw, 1148px\" \/>\n\n&nbsp;\n<strong>Et dans la Montagne du m\u00eame jour un article tr\u00e8s complet et accablant<\/strong>\n&nbsp;\n&#8211; <a href=\"http:\/\/www.lamontagne.fr\/auvergne\/actualite\/2016\/05\/31\/les-petites-lignes-ferroviaires-d-auvergne-dans-un-etat-critique_11936279.html\">Les petites lignes ferroviaires d&rsquo;Auvergne dans un \u00e9tat critique<\/a>\n&nbsp;\n\n\n[(\nEn Auvergne, la quasi totalit\u00e9 des petites lignes ferroviaires conna\u00eetra dans les dix ans des mesures de ralentissement de leur vitesse ou de suspension, selon un rapport de SNCF R\u00e9seau.\n&nbsp;\nDat\u00e9 du 23 mars 2016, le diagnostic de SNCF R\u00e9seau (le gestionnaire du r\u00e9seau ferroviaire fran\u00e7ais, NDLR) sur les lignes ferroviaires d\u2019irrigation en Auvergne-Rh\u00f4ne-Alpes est inqui\u00e9tant. En de nombreux points, la s\u00e9curit\u00e9 risque de ne plus \u00eatre assur\u00e9e \u00e0 br\u00e8ve \u00e9ch\u00e9ance conduisant l\u2019\u00e9tablissement public \u00e0 anticiper des am\u00e9nagements ou des fermetures.\n&nbsp;\nAvec des composants \u00ab hors d\u2019\u00e2ge \u00bb, les voies sont le principal point faible de ces lignes de faible circulation. Les rails, le ballast, les traverses sont parfois dans un tel \u00e9tat qu\u2019ils obligent \u00e0 des r\u00e9ductions de vitesse. De lourds investissements sont aussi jug\u00e9s \u00ab imp\u00e9ratifs \u00bb pour la signalisation jug\u00e9e \u00ab obsol\u00e8te \u00bb. SNCF R\u00e9seau \u00e9voque un ph\u00e9nom\u00e8ne, surtout rencontr\u00e9 en Auvergne, de \u00ab d\u00e9shuntage \u00bb. Les passages de trains ne sont pas toujours reconnus par les syst\u00e8mes de signalisation.\n&nbsp;\nLes passages de train pas toujours reconnus\n&nbsp;\nDepuis 2008, beaucoup a \u00e9t\u00e9 fait. SNCF R\u00e9seau a investi 150 M\u20ac sur ses fonds propres auxquels s\u2019ajoutent les contrats de plan Etat-R\u00e9gion et l\u2019effort particulier r\u00e9alis\u00e9 en Auvergne avec le plan Rail. Mais cela reste insuffisant. \u00ab Le r\u00e9seau vieillit plus vite que la capacit\u00e9 du syst\u00e8me \u00e0 financer et \u00e0 r\u00e9aliser des travaux \u00bb, note le rapport.\n&nbsp;\nDans les dix ans, il serait n\u00e9cessaire d\u2019investir 765 M\u20ac. C\u2019est 200 M\u20ac de plus que le financement consenti par SNCF R\u00e9seau, l\u2019\u00c9tat et les r\u00e9gions Auvergne et Rh\u00f4ne-Alpes ces dix derni\u00e8res ann\u00e9es.\nFaute de financement, le rapport liste les lignes pour lesquelles devraient \u00eatre prises des mesures de r\u00e9duction de la performance ou qui pourraient \u00eatre suspendues d\u00e8s cette ann\u00e9e \u00e0 l\u2019image des sections Thiers-Montbrison et Volvic-Mont-Dore.\n&nbsp;\nDiminuer les performances signifie clairement r\u00e9duire les vitesses de circulation provoquant ainsi des temps de trajet plus longs.\n&nbsp;\nLa menace est surtout tr\u00e8s forte en Auvergne qui poss\u00e8de 812 kilom\u00e8tres de petites lignes sur un total r\u00e9gional de 1 336.\n&nbsp;\nLe plan rail initi\u00e9 en 2008 par le conseil r\u00e9gional a mobilis\u00e9 213 M\u20ac, mais il s\u2019agissait de r\u00e9pondre \u00e0 l\u2019urgence. En r\u00e9alit\u00e9, les besoins \u00e9taient d\u00e9j\u00e0 \u00e0 l\u2019\u00e9poque estim\u00e9s \u00e0 518 M\u20ac.\n&nbsp;\nEn Auvergne, \u00ab il reste peu de lignes immunes de ralentissements potentiels dans la dur\u00e9e, y compris les lignes trait\u00e9es par le premier plan rail \u00bb, pr\u00e9cise SNCF R\u00e9seau qui entre ensuite dans le d\u00e9tail de ces lignes.\n&nbsp;\n\u2022 Voici les points les plus pr\u00e9occupants : \n&nbsp;\nAurillac-Brive. Le plan rail ne s\u2019est pas appliqu\u00e9 hors d\u2019Auvergne. SNCF R\u00e9seau cherche des solutions pour diff\u00e9rer de trois ans la suspension d\u2019exploitation fix\u00e9e \u00e0 mai 2017. \u00ab Les p\u00e9riodes automnales, pr\u00e9vient le document, seront perturb\u00e9es \u00bb.\n&nbsp;\nAurillac-Figeac. D\u2019Aurillac \u00e0 Viescamp, le risque d\u2019une limitation permanente de vitesse \u00e0 50 km\/h, en l\u2019absence de travaux, semble in\u00e9vitable \u00e0 compter de 2022.\n&nbsp;\nAurillac-Clermont. La travers\u00e9e de cinq gares (Vic, Le Lioran, Murat, Neussargues et Massiac) est \u00ab critique \u00bb. De m\u00eame que l\u2019\u00e9tat de sept tunnels dont celui du Lioran \u00ab \u00e0 traiter rapidement, voire en urgence \u00bb.\n&nbsp;\nB\u00e9ziers-Neussargues. La gare de Saint-Flour n\u00e9cessite des travaux importants pour 1,5M\u20ac. \u00ab \u00c0 d\u00e9faut, un ralentissement sera \u00e0 envisager en 2017, voire une suspension d\u2019exploitation quelques ann\u00e9es apr\u00e8s \u00bb.\n&nbsp;\nClermont-Volvic. L\u2019\u00e9tat du rail entre Volvic et Durtol est v\u00e9tuste. Son remplacement devient urgent. Faute de quoi, l\u2019avenir du tron\u00e7on n\u2019est pas assur\u00e9. Un arr\u00eat de la circulation est envisag\u00e9 en 2022. La section Durtol-Clermont est p\u00e9renne.\n&nbsp;\nLaqueuille-Le Mont Dore.Des travaux urgents en gare de la Bourboule sont imp\u00e9ratifs pour \u00ab assurer la p\u00e9rennit\u00e9 de la ligne \u00e0 tr\u00e8s court terme \u00bb.\n&nbsp;\nClermont-Thiers. La ligne est globalement modernis\u00e9e. Pas d\u2019urgence \u00e0 traiter avant 2020.\n&nbsp;\nIssoire-Brioude. La section entre Arvant et Brioude est obsol\u00e8te et \u00e0 renouveler \u00e0 l\u2019horizon 2020-2025. Point faible : la gare de Brioude dont les voies doivent \u00eatre modernis\u00e9es \u00ab sous peine d\u2019arr\u00eat des circulations au plus tard en 2018 \u00bb.\n&nbsp;\nBrioude-Langogne. Un remplacement massif de traverses entre Saint-Georges d\u2019Aurac et Langeac a \u00e9t\u00e9 r\u00e9alis\u00e9e. La prochaine maintenance est pr\u00e9vue en 2017, faute de quoi un ralentissement \u00e0 40 km\/h est \u00e0 pr\u00e9voir en 2018.\n&nbsp;\nSaint-Georges d\u2019Aurac-Le Puy. Des ralentissements appara\u00eetront si les rails et traverses ne peuvent \u00eatre am\u00e9lior\u00e9s.\n&nbsp;\nLe Puy-Firminy. Trait\u00e9e en 2014, la ligne ne pr\u00e9sente pas de gros chantiers.\n&nbsp;\nMontlu\u00e7on-Gannat. Les voies entre Montlu\u00e7on et Lapeyrouse ont \u00e9t\u00e9 modernis\u00e9es. En revanche, la gare de Lapeyrouse est dans un \u00ab \u00e9tat extr\u00eamement critique \u00bb et celle de Commentry \u00ab n\u00e9cessite un traitement urgent \u00bb.\n&nbsp;\nSaint-Germain-des-Foss\u00e9s-Riom. Pas de signe de v\u00e9tust\u00e9, pas de travaux de voie dans les dix ans.\n&nbsp;\nFort de ce constat, un bras de fer va maintenant s\u2019engager dans le cadre du contrat de plan Etat-R\u00e9gion. Laurent Wauquiez souhaite le ren\u00e9gocier. \u00ab Mais attention, pr\u00e9vient un expert, m\u00eame si on avait tous les financements n\u00e9cessaires, on n\u2019y arriverait pas. SNCF R\u00e9seau n\u2019a pas les moyens humains et il n\u2019existe pas en France assez d\u2019entreprises sous-traitantes et form\u00e9es \u00e0 ce type de travaux pour r\u00e9nover tout ce qui devrait l\u2019\u00eatre \u00bb. \n&nbsp;\n<img loading=\"lazy\" decoding=\"async\" class=\" aligncenter size-full wp-image-1906\" src=\"http:\/\/5.45.101.177\/haut-allier\/usagers-transportse\/wp-content\/uploads\/2016\/05\/trains.jpg\" alt=\"trains.jpg\" align=\"center\" width=\"974\" height=\"865\" srcset=\"https:\/\/usagers-transports.haut-allier.eu\/wp-content\/uploads\/2016\/05\/trains.jpg 974w, https:\/\/usagers-transports.haut-allier.eu\/wp-content\/uploads\/2016\/05\/trains-300x266.jpg 300w, https:\/\/usagers-transports.haut-allier.eu\/wp-content\/uploads\/2016\/05\/trains-768x682.jpg 768w\" sizes=\"auto, (max-width: 974px) 100vw, 974px\" \/>\n&nbsp;\n<em>Richard Benguigui<\/em>\n&nbsp;\n(*) Jointe, la direction r\u00e9gionale de la SNCF Rh\u00f4ne-Alpes-Auvergne n\u2019a pas souhait\u00e9 s\u2019exprimer.\n)]\n\n<strong>Autrement dit l&rsquo;\u00e9tat du r\u00e9seau auvergnat est en d\u00e9cr\u00e9pitude avanc\u00e9e malgr\u00e9 les millions investis tous les ans.<\/strong>\n&nbsp;\n\n\n[**<strong>R\u00e9action d&rsquo;un lecteur assidu  qui veut rester anonyme : <\/strong>*]\n\n&nbsp;\n<em>\u00ab\u00a0Ce type r\u00e9agit comme \u00ab\u00a0pur\u00a0\u00bb gestionnaire et raconte n&rsquo;importe quoi \u00ab Pour ne pas fermer de lignes, il manque 300 millions pour les 5 ans \u00e0 venir \u00bb, d\u00e9taille Patrick Mignola qui ne manque pas de taper sur l\u2019ex\u00e9cutif pr\u00e9c\u00e9dent \u00ab qui a tout mis sous le tapis \u00bb. Faudrait qu&rsquo;il se renseigne avant ! Heureusement que Souchon et Queyrane ont sauv\u00e9 la mise alors qu&rsquo;aucunement les r\u00e9gions n&rsquo;auraient du financer quoi que ce soit ! Il faudra qu&rsquo;il apprenne son boulot et qu&rsquo;il ouvre les yeux face aux montants notoirement surestim\u00e9s pr\u00e9sent\u00e9s par SNCF, chantage \u00e0 l&rsquo;appui. Et il faudrait aussi qu&rsquo;il apprenne que si l&rsquo;on doit demander des expertises \u00e7a n&rsquo;est pas au loup qu&rsquo;il faut s&rsquo;adresser ! Quel nul&#8230;\u00a0\u00bb<\/em>\n&nbsp;<p>&nbsp;<\/p>\n\n\t<figure class=\"wp-block-gallery columns-2 is-cropped wp-block-gallery-1 is-layout-flex wp-block-gallery-is-layout-flex\">\n\t\t<ul class=\"blocks-gallery-grid\">\n\t\t\t<li class=\"blocks-gallery-item\">\n\t\t\t\t<figure>\n\t\t\t\t\t\t\t\t\t\t\t<img loading=\"lazy\" decoding=\"async\" width=\"500\" height=\"733\" src=\"http:\/\/5.45.101.177\/haut-allier\/usagers-transportse\/wp-content\/uploads\/2016\/06\/vrhone-art-20160531_22-lignes-defaillantes-selon-sncf-reseau_le-progres-43-W.jpg\"\n\t\t\t\t\t\t alt=\"vrhone-art-20160531_22-lignes-defaillantes-selon-sncf-reseau_le-progres-43-W.jpg\"\n\t\t\t\t\t\t data-id=\"1907\"\n\t\t\t\t\t\t data-full-url=\"http:\/\/5.45.101.177\/haut-allier\/usagers-transportse\/wp-content\/uploads\/2016\/06\/vrhone-art-20160531_22-lignes-defaillantes-selon-sncf-reseau_le-progres-43-W.jpg\"\n\t\t\t\t\t\t data-link=\"http:\/\/5.45.101.177\/haut-allier\/usagers-transportse\/attachment-vrhone-art-20160531_22-lignes-defaillantes-selon-sncf-reseau_le-progres-43-w-jpg\/\"\n\t\t\t\t\t\t class=\"wp-image-1907\" srcset=\"https:\/\/usagers-transports.haut-allier.eu\/wp-content\/uploads\/2016\/06\/vrhone-art-20160531_22-lignes-defaillantes-selon-sncf-reseau_le-progres-43-W.jpg 500w, https:\/\/usagers-transports.haut-allier.eu\/wp-content\/uploads\/2016\/06\/vrhone-art-20160531_22-lignes-defaillantes-selon-sncf-reseau_le-progres-43-W-205x300.jpg 205w\" sizes=\"auto, (max-width: 500px) 100vw, 500px\" \/>\n\t\t\t\t<\/figure>\n\t\t\t<\/li>\n\t\t\t<li class=\"blocks-gallery-item\">\n\t\t\t\t<figure>\n\t\t\t\t\t\t\t\t\t\t\t<img loading=\"lazy\" decoding=\"async\" width=\"500\" height=\"758\" src=\"http:\/\/5.45.101.177\/haut-allier\/usagers-transportse\/wp-content\/uploads\/2016\/06\/vlyon-art-20160531_22-lignes-defaillantes-selon-sncf-reseau_le-progres-69w.jpg\"\n\t\t\t\t\t\t alt=\"vlyon-art-20160531_22-lignes-defaillantes-selon-sncf-reseau_le-progres-69w.jpg\"\n\t\t\t\t\t\t data-id=\"1908\"\n\t\t\t\t\t\t data-full-url=\"http:\/\/5.45.101.177\/haut-allier\/usagers-transportse\/wp-content\/uploads\/2016\/06\/vlyon-art-20160531_22-lignes-defaillantes-selon-sncf-reseau_le-progres-69w.jpg\"\n\t\t\t\t\t\t data-link=\"http:\/\/5.45.101.177\/haut-allier\/usagers-transportse\/attachment-vlyon-art-20160531_22-lignes-defaillantes-selon-sncf-reseau_le-progres-69w-jpg\/\"\n\t\t\t\t\t\t class=\"wp-image-1908\" srcset=\"https:\/\/usagers-transports.haut-allier.eu\/wp-content\/uploads\/2016\/06\/vlyon-art-20160531_22-lignes-defaillantes-selon-sncf-reseau_le-progres-69w.jpg 500w, https:\/\/usagers-transports.haut-allier.eu\/wp-content\/uploads\/2016\/06\/vlyon-art-20160531_22-lignes-defaillantes-selon-sncf-reseau_le-progres-69w-198x300.jpg 198w\" sizes=\"auto, (max-width: 500px) 100vw, 500px\" \/>\n\t\t\t\t<\/figure>\n\t\t\t<\/li>\n\t\t<\/ul>\n\t<\/figure>\n","protected":false},"excerpt":{"rendered":"<p>[**Une r\u00e9gion aux abonn\u00e9s absents en Auvergne*] Le d\u00e9l\u00e9gu\u00e9 aux transports de la r\u00e9gion Auvergne Rh\u00f4ne Alpes dont<\/p>\n","protected":false},"author":1,"featured_media":1903,"comment_status":"closed","ping_status":"open","sticky":false,"template":"","format":"standard","meta":{"footnotes":""},"categories":[3],"tags":[],"class_list":["post-304","post","type-post","status-publish","format-standard","has-post-thumbnail","hentry","category-en-train"],"_links":{"self":[{"href":"https:\/\/usagers-transports.haut-allier.eu\/index.php\/wp-json\/wp\/v2\/posts\/304","targetHints":{"allow":["GET"]}}],"collection":[{"href":"https:\/\/usagers-transports.haut-allier.eu\/index.php\/wp-json\/wp\/v2\/posts"}],"about":[{"href":"https:\/\/usagers-transports.haut-allier.eu\/index.php\/wp-json\/wp\/v2\/types\/post"}],"author":[{"embeddable":true,"href":"https:\/\/usagers-transports.haut-allier.eu\/index.php\/wp-json\/wp\/v2\/users\/1"}],"replies":[{"embeddable":true,"href":"https:\/\/usagers-transports.haut-allier.eu\/index.php\/wp-json\/wp\/v2\/comments?post=304"}],"version-history":[{"count":1,"href":"https:\/\/usagers-transports.haut-allier.eu\/index.php\/wp-json\/wp\/v2\/posts\/304\/revisions"}],"predecessor-version":[{"id":1909,"href":"https:\/\/usagers-transports.haut-allier.eu\/index.php\/wp-json\/wp\/v2\/posts\/304\/revisions\/1909"}],"wp:featuredmedia":[{"embeddable":true,"href":"https:\/\/usagers-transports.haut-allier.eu\/index.php\/wp-json\/wp\/v2\/media\/1903"}],"wp:attachment":[{"href":"https:\/\/usagers-transports.haut-allier.eu\/index.php\/wp-json\/wp\/v2\/media?parent=304"}],"wp:term":[{"taxonomy":"category","embeddable":true,"href":"https:\/\/usagers-transports.haut-allier.eu\/index.php\/wp-json\/wp\/v2\/categories?post=304"},{"taxonomy":"post_tag","embeddable":true,"href":"https:\/\/usagers-transports.haut-allier.eu\/index.php\/wp-json\/wp\/v2\/tags?post=304"}],"curies":[{"name":"wp","href":"https:\/\/api.w.org\/{rel}","templated":true}]}}