{"id":305,"date":"2016-06-09T07:54:55","date_gmt":"2016-06-09T05:54:55","guid":{"rendered":"http:\/\/5.45.101.177\/haut-allier\/usagers-transportse\/index.php\/2016\/06\/09\/malgre-la-greve-le-11-juin-un305\/"},"modified":"2016-06-09T07:54:55","modified_gmt":"2016-06-09T05:54:55","slug":"malgre-la-greve-le-11-juin-un305","status":"publish","type":"post","link":"https:\/\/usagers-transports.haut-allier.eu\/index.php\/2016\/06\/09\/malgre-la-greve-le-11-juin-un305\/","title":{"rendered":"Malgr\u00e9 la gr\u00e8ve le 11 juin un vieux train automoteur attendu dans les gorges sauvages de l&rsquo;Allier [MAJ]"},"content":{"rendered":"<p>[MAJ du 10 juin 20h00 :]<br \/>\n&nbsp;<br \/>\n<strong>Le voyage serait annul\u00e9. Des gr\u00e9vistes bloquant les aiguilles de Courbesac. <\/strong><br \/>\n&nbsp;<br \/>\n[Article du 9 juin :]<br \/>\n&nbsp;<br \/>\nL&rsquo;association <a href=\"http:\/\/ap2800.nuxit.net\/voyages.html\">X 2800<\/a> organise un voyage sur r\u00e9servation samedi 11 juin de N\u00eemes \u00e0 Langeac et retour \u00e0 bord d&rsquo;un train automoteur diesel bleu.<br \/>\n&nbsp;<br \/>\nVoici l&rsquo;affiche :<br \/>\n&nbsp;<br \/>\n<img loading=\"lazy\" decoding=\"async\" class=\" aligncenter size-full wp-image-1911\" src=\"http:\/\/5.45.101.177\/haut-allier\/usagers-transportse\/wp-content\/uploads\/2016\/06\/affiche-langeac-v5_1-ap2800.jpg\" alt=\"affiche-langeac-v5_1-ap2800.jpg\" align=\"center\" width=\"460\" height=\"560\" srcset=\"https:\/\/usagers-transports.haut-allier.eu\/wp-content\/uploads\/2016\/06\/affiche-langeac-v5_1-ap2800.jpg 460w, https:\/\/usagers-transports.haut-allier.eu\/wp-content\/uploads\/2016\/06\/affiche-langeac-v5_1-ap2800-246x300.jpg 246w\" sizes=\"auto, (max-width: 460px) 100vw, 460px\" \/><br \/>\n&nbsp;<br \/>\nIl est fort dommage qu&rsquo;aucun arr\u00eat ne soit pr\u00e9vu \u00e0 Alleyras.<br \/>\n&nbsp;<br \/>\nToutes les pr\u00e9cisions sur leur <a href=\"http:\/\/ap2800.nuxit.net\/voyages.html\">site<\/a>.<\/p>\n","protected":false},"excerpt":{"rendered":"<p>[MAJ du 10 juin 20h00 :] &nbsp; Le voyage serait annul\u00e9. Des gr\u00e9vistes bloquant les aiguilles de Courbesac.<\/p>\n","protected":false},"author":1,"featured_media":1910,"comment_status":"closed","ping_status":"open","sticky":false,"template":"","format":"standard","meta":{"footnotes":""},"categories":[3],"tags":[],"class_list":["post-305","post","type-post","status-publish","format-standard","has-post-thumbnail","hentry","category-en-train"],"_links":{"self":[{"href":"https:\/\/usagers-transports.haut-allier.eu\/index.php\/wp-json\/wp\/v2\/posts\/305","targetHints":{"allow":["GET"]}}],"collection":[{"href":"https:\/\/usagers-transports.haut-allier.eu\/index.php\/wp-json\/wp\/v2\/posts"}],"about":[{"href":"https:\/\/usagers-transports.haut-allier.eu\/index.php\/wp-json\/wp\/v2\/types\/post"}],"author":[{"embeddable":true,"href":"https:\/\/usagers-transports.haut-allier.eu\/index.php\/wp-json\/wp\/v2\/users\/1"}],"replies":[{"embeddable":true,"href":"https:\/\/usagers-transports.haut-allier.eu\/index.php\/wp-json\/wp\/v2\/comments?post=305"}],"version-history":[{"count":0,"href":"https:\/\/usagers-transports.haut-allier.eu\/index.php\/wp-json\/wp\/v2\/posts\/305\/revisions"}],"wp:featuredmedia":[{"embeddable":true,"href":"https:\/\/usagers-transports.haut-allier.eu\/index.php\/wp-json\/wp\/v2\/media\/1910"}],"wp:attachment":[{"href":"https:\/\/usagers-transports.haut-allier.eu\/index.php\/wp-json\/wp\/v2\/media?parent=305"}],"wp:term":[{"taxonomy":"category","embeddable":true,"href":"https:\/\/usagers-transports.haut-allier.eu\/index.php\/wp-json\/wp\/v2\/categories?post=305"},{"taxonomy":"post_tag","embeddable":true,"href":"https:\/\/usagers-transports.haut-allier.eu\/index.php\/wp-json\/wp\/v2\/tags?post=305"}],"curies":[{"name":"wp","href":"https:\/\/api.w.org\/{rel}","templated":true}]}}