{"id":306,"date":"2016-08-04T07:43:00","date_gmt":"2016-08-04T05:43:00","guid":{"rendered":"http:\/\/5.45.101.177\/haut-allier\/usagers-transportse\/index.php\/2016\/08\/04\/correspondances-bus-train-en-haute306\/"},"modified":"2026-09-01T15:53:56","modified_gmt":"2026-09-01T13:53:56","slug":"correspondances-bus-train-en-haute306","status":"publish","type":"post","link":"https:\/\/usagers-transports.haut-allier.eu\/index.php\/2016\/08\/04\/correspondances-bus-train-en-haute306\/","title":{"rendered":"Correspondances bus train en Haute-Loire : le total laisser aller du d\u00e9partement [MAJ: Sa r\u00e9ponse]"},"content":{"rendered":"<strong>[MAJ : R\u00e9ponse re\u00e7ue ce 4 ao\u00fbt]<\/strong>\n&nbsp;\nNous recevons la r\u00e9ponse du d\u00e9partement ce jour. Ci-dessous. Sur le transport \u00e0 la demande : effectivement apr\u00e8s recherche il existe un transport \u00e0 la demande pour les march\u00e9s de Costaros deux lundis par mois, les semaines paires, d\u00e9part  vers 9 heures et retour \u00e0 11 Heures, en t\u00e9l\u00e9phonant au 04 71 57 88 00 le vendredi pr\u00e9c\u00e9dent. Cela nous avait \u00e9chapp\u00e9 puisqu&rsquo;aucun affichage \u00e9vident \u00e0 Alleyras ne l&rsquo;indique. Sur la liaison bus Alleyras Le Puy : la Communaut\u00e9 de Communes du Pays de Cayres Pradelles organise un <a href=\"http:\/\/www.ccpcp.fr\/services-aux-personnes\/transport-a-la-carte\/\"><strong>transport \u00e0 la demande<\/strong><\/a> (qui remplace l&rsquo;ancienne liaison du d\u00e9partement) le premier mercredi de chaque mois selon le tableau ci-dessous :\n&nbsp;\n\n\n\n\n<table>\n<tbody>\n<tr class='row_even'>\n<td>Points d\u2019arr\u00eats <\/td>\n<td>Horaires de<\/td>\n<td>fonctionnement<\/td><\/tr>\n<tr class='row_odd'>\n<td><\/td>\n<td>Horaires aller <\/td>\n<td>Horaires retour<\/td><\/tr>\n<tr class='row_even'>\n<td>Alleyras <\/td>\n<td>13h30<\/td>\n<td>18h10<\/td><\/tr>\n<tr class='row_odd'>\n<td>Pont d\u2019Alleyras<\/td>\n<td>13h35<\/td>\n<td>18h05<\/td><\/tr>\n<tr class='row_even'>\n<td>St Jean Lachalm<\/td>\n<td>13h45<\/td>\n<td>17h55<\/td><\/tr>\n<tr class='row_odd'>\n<td>Le Puy en Velay (Michelet)<\/td>\n<td>14h10<\/td>\n<td>17h30<\/td><\/tr>\n<\/tbody>\n<\/table>\n\n\n\n\n&nbsp;\n\n<img loading=\"lazy\" decoding=\"async\" class=\" aligncenter size-full wp-image-1913\" src=\"http:\/\/5.45.101.177\/haut-allier\/usagers-transportse\/wp-content\/uploads\/2016\/08\/IMG_20160804_103324.jpg\" alt=\"IMG_20160804_103324.jpg\" align=\"center\" width=\"1200\" height=\"1600\" srcset=\"https:\/\/usagers-transports.haut-allier.eu\/wp-content\/uploads\/2016\/08\/IMG_20160804_103324.jpg 1200w, https:\/\/usagers-transports.haut-allier.eu\/wp-content\/uploads\/2016\/08\/IMG_20160804_103324-225x300.jpg 225w, https:\/\/usagers-transports.haut-allier.eu\/wp-content\/uploads\/2016\/08\/IMG_20160804_103324-768x1024.jpg 768w, https:\/\/usagers-transports.haut-allier.eu\/wp-content\/uploads\/2016\/08\/IMG_20160804_103324-1152x1536.jpg 1152w\" sizes=\"auto, (max-width: 1200px) 100vw, 1200px\" \/>\n\n&nbsp;\nDont acte pour le transport \u00e0 la demande dont l&rsquo;existence est, c&rsquo;est le moins qu&rsquo;on puisse dire, tr\u00e8s confidentielle.\n&nbsp;\n<strong>Quant \u00e0 la ligne de bus Saugues le Puy qui pourrait \u00eatre en correspondance avec les trains de la ligne des C\u00e9vennes, on appr\u00e9ciera le service aux voyageurs autre que les scolaires : Aucun. Le CD43 le confirme si ce n&rsquo;\u00e9tait pas clair. On se demande \u00e0 quoi servent les abribus sur le parcours.<\/strong>\n&nbsp;\nCette r\u00e9ponse \u00e9tant faite on attend maintenant celle de notre courrier et <a href=\"http:\/\/usagers-transports.haut-allier.eu\/?deplacements-routiers-alleyras-et,299\"><strong>article du 26 mai 2016<\/strong><\/a> concernant l&rsquo;effacement d&rsquo;Alleyras au niveau signalisation routi\u00e8re.\n&nbsp;\n\n<strong>[Article du 15 juin]<\/strong>\n&nbsp;\nLe d\u00e9partement de Haute-Loire brille par son r\u00e9seau de transports par bus particuli\u00e8rement pauvre et surtout \u00e0 l&rsquo;ouest du d\u00e9partement, dans le Haut Allier pour \u00eatre pr\u00e9cis. Exemples : un seul bus aller retour Le Puy Saugues le lundi pour les scolaires et le mercredi pour tous ! , 2 bus aller retour par mois ! sur Le Puy Alleyras jusqu&rsquo;\u00e0 il y a peu et d\u00e9sormais tout simplement plus rien et aucune solution : aucun transport \u00e0 la demande. Ce d\u00e9partement asphyxie la vie du Haut-Allier !\n&nbsp;\n<img loading=\"lazy\" decoding=\"async\" class=\" aligncenter size-full wp-image-1914\" src=\"http:\/\/5.45.101.177\/haut-allier\/usagers-transportse\/wp-content\/uploads\/2016\/08\/AFFICHE_carte_Mise_en_page_1_-_carte-lignes-transports-2015-pdf_-_2016-06-15_06-59-12.png\" alt=\"AFFICHE_carte_Mise_en_page_1_-_carte-lignes-transports-2015-pdf_-_2016-06-15_06-59-12.png\" align=\"center\" width=\"437\" height=\"310\" srcset=\"https:\/\/usagers-transports.haut-allier.eu\/wp-content\/uploads\/2016\/08\/AFFICHE_carte_Mise_en_page_1_-_carte-lignes-transports-2015-pdf_-_2016-06-15_06-59-12.png 437w, https:\/\/usagers-transports.haut-allier.eu\/wp-content\/uploads\/2016\/08\/AFFICHE_carte_Mise_en_page_1_-_carte-lignes-transports-2015-pdf_-_2016-06-15_06-59-12-300x213.png 300w\" sizes=\"auto, (max-width: 437px) 100vw, 437px\" \/>\n&nbsp;\n<strong>Total laisser aller<\/strong>\n&nbsp;\nL&rsquo;abandon de cette partie du territoire par le conseil d\u00e9partemental se refl\u00e8te aussi dans les correspondances trains autocars pas du tout ni calcul\u00e9es ni assur\u00e9es, tout est laiss\u00e9 au bon vouloir des op\u00e9rateurs priv\u00e9s qui assurent les lignes. Exemple \u00e0 Monistrol d&rsquo;Allier o\u00f9 il est impossible d&rsquo;effectuer un Alleyras Monistrol d&rsquo;Allier en TER puis un Monistrol Saugues ou Monistrol le Puy dans la journ\u00e9e alors qu&rsquo;aucun bus ne dessert d\u00e9sormais directement Alleyras comme dit pr\u00e9c\u00e9demment.    \n&nbsp;\nAlleyras &#8211; Monistrol d&rsquo;Allier par TER : <strong>11h06 &#8211; 11h21<\/strong>\n&nbsp;\nMonistrol d&rsquo;Allier &#8211; Alleyras par TER : <strong>18h32 &#8211; 18h48<\/strong>\n&nbsp;\net la fiche des horaires de bus :\n&nbsp;\n<img loading=\"lazy\" decoding=\"async\" class=\" aligncenter size-full wp-image-1915\" src=\"http:\/\/5.45.101.177\/haut-allier\/usagers-transportse\/wp-content\/uploads\/2016\/08\/Depliant_3_volets_Mise_en_page_1_-_l04-pdf_-_2016-06-15_07-18-10.png\" alt=\"Depliant_3_volets_Mise_en_page_1_-_l04-pdf_-_2016-06-15_07-18-10.png\" align=\"center\" width=\"394\" height=\"269\" srcset=\"https:\/\/usagers-transports.haut-allier.eu\/wp-content\/uploads\/2016\/08\/Depliant_3_volets_Mise_en_page_1_-_l04-pdf_-_2016-06-15_07-18-10.png 394w, https:\/\/usagers-transports.haut-allier.eu\/wp-content\/uploads\/2016\/08\/Depliant_3_volets_Mise_en_page_1_-_l04-pdf_-_2016-06-15_07-18-10-300x205.png 300w\" sizes=\"auto, (max-width: 394px) 100vw, 394px\" \/>\n<img loading=\"lazy\" decoding=\"async\" class=\" aligncenter size-full wp-image-1916\" src=\"http:\/\/5.45.101.177\/haut-allier\/usagers-transportse\/wp-content\/uploads\/2016\/08\/Depliant_3_volets_Mise_en_page_1_-_l04-pdf_-_2016-06-15_07-17-39.png\" alt=\"Depliant_3_volets_Mise_en_page_1_-_l04-pdf_-_2016-06-15_07-17-39.png\" align=\"center\" width=\"568\" height=\"270\" srcset=\"https:\/\/usagers-transports.haut-allier.eu\/wp-content\/uploads\/2016\/08\/Depliant_3_volets_Mise_en_page_1_-_l04-pdf_-_2016-06-15_07-17-39.png 568w, https:\/\/usagers-transports.haut-allier.eu\/wp-content\/uploads\/2016\/08\/Depliant_3_volets_Mise_en_page_1_-_l04-pdf_-_2016-06-15_07-17-39-300x143.png 300w\" sizes=\"auto, (max-width: 568px) 100vw, 568px\" \/>\n&nbsp;\nAucune correspondance ni aller retour dans la journ\u00e9e n&rsquo;est possible donc le mercredi avec de tels horaires. Et ce <strong>\u00e0 quelques minutes pr\u00e8s<\/strong> le train ou le bus est rat\u00e9. \n&nbsp;\n<strong>Le ras le bol du collectif<\/strong>\n&nbsp;\nComme on peut le supposer cela doit \u00eatre vraiment hyper compliqu\u00e9 pour les services du conseil d\u00e9partemental d&rsquo;\u00e9tablir un cahier de charges pour ses transporteurs priv\u00e9s \u00e0 qui il confie sa mission de transport des populations, dans l&rsquo;objectif d&rsquo;assurer au minimum les correspondances pour celles du Haut Allier, pour tous ces ploucs. Nous venons d&rsquo;\u00e9crire une nouvelle fois \u00e0 son pr\u00e9sident pour lui demander une refonte URGENTE de la grille <strong>afin que les gens et visiteurs d&rsquo;Alleyras pour qui rien n&rsquo;est pr\u00e9vu ainsi que les voyageurs TER venant de N\u00eemes et Clermont puissent rejoindre Le Puy et Saugues ! Au moins le mercredi. Pauvre de nous.<\/strong>\n&nbsp;\nVoici la lettre envoy\u00e9e ce jour :\n&nbsp;\n<a href=\"http:\/\/5.45.101.177\/haut-allier\/usagers-transportse\/wp-content\/uploads\/2016\/08\/usagers-transports-haut-allier-cg43-15062016-correspondances-bus-train-monistrol.pdf\">usagers-transports-haut-allier-cg43-15062016-correspondances-bus-train-monistrol.pdf<\/a>\n&nbsp;\n<strong>La solution du Compostel Bus de Migratours<\/strong> \n&nbsp;\nLa <a href=\"http:\/\/www.bus-chemin-compostelle.com\/fr\/horaires-du-bus-aller-et-retour-conques-le-puy_p280\"><strong>proposition<\/strong><\/a>, priv\u00e9e, c&rsquo;est un aller retour Le Puy vers Conques (Aveyron) au quotidien trop t\u00f4t le matin <strong>mais utilisable le soir de Saugues vers Monistrol arriv\u00e9e 16h35 (2 heures d&rsquo;attente) <\/strong> . De mi avril \u00e0 mi octobre seulement. <p>&nbsp;<\/p>\n\n\t<figure class=\"wp-block-gallery columns-1 is-cropped wp-block-gallery-1 is-layout-flex wp-block-gallery-is-layout-flex\">\n\t\t<ul class=\"blocks-gallery-grid\">\n\t\t\t<li class=\"blocks-gallery-item\">\n\t\t\t\t<figure>\n\t\t\t\t\t\t\t\t\t\t\t<img loading=\"lazy\" decoding=\"async\" width=\"700\" height=\"933\" src=\"http:\/\/5.45.101.177\/haut-allier\/usagers-transportse\/wp-content\/uploads\/2016\/08\/IMG_20160804_103324-w.jpg\"\n\t\t\t\t\t\t alt=\"IMG_20160804_103324-w.jpg\"\n\t\t\t\t\t\t data-id=\"1918\"\n\t\t\t\t\t\t data-full-url=\"http:\/\/5.45.101.177\/haut-allier\/usagers-transportse\/wp-content\/uploads\/2016\/08\/IMG_20160804_103324-w.jpg\"\n\t\t\t\t\t\t data-link=\"http:\/\/5.45.101.177\/haut-allier\/usagers-transportse\/attachment-img_20160804_103324-w-jpg\/\"\n\t\t\t\t\t\t class=\"wp-image-1918\" srcset=\"https:\/\/usagers-transports.haut-allier.eu\/wp-content\/uploads\/2016\/08\/IMG_20160804_103324-w.jpg 700w, https:\/\/usagers-transports.haut-allier.eu\/wp-content\/uploads\/2016\/08\/IMG_20160804_103324-w-225x300.jpg 225w\" sizes=\"auto, (max-width: 700px) 100vw, 700px\" \/>\n\t\t\t\t<\/figure>\n\t\t\t<\/li>\n\t\t<\/ul>\n\t<\/figure>\n","protected":false},"excerpt":{"rendered":"<p>[MAJ : R\u00e9ponse re\u00e7ue ce 4 ao\u00fbt] &nbsp; Nous recevons la r\u00e9ponse du d\u00e9partement ce jour. Ci-dessous. Sur<\/p>\n","protected":false},"author":1,"featured_media":1912,"comment_status":"closed","ping_status":"open","sticky":false,"template":"","format":"standard","meta":{"footnotes":""},"categories":[4],"tags":[],"class_list":["post-306","post","type-post","status-publish","format-standard","has-post-thumbnail","hentry","category-en-bus"],"_links":{"self":[{"href":"https:\/\/usagers-transports.haut-allier.eu\/index.php\/wp-json\/wp\/v2\/posts\/306","targetHints":{"allow":["GET"]}}],"collection":[{"href":"https:\/\/usagers-transports.haut-allier.eu\/index.php\/wp-json\/wp\/v2\/posts"}],"about":[{"href":"https:\/\/usagers-transports.haut-allier.eu\/index.php\/wp-json\/wp\/v2\/types\/post"}],"author":[{"embeddable":true,"href":"https:\/\/usagers-transports.haut-allier.eu\/index.php\/wp-json\/wp\/v2\/users\/1"}],"replies":[{"embeddable":true,"href":"https:\/\/usagers-transports.haut-allier.eu\/index.php\/wp-json\/wp\/v2\/comments?post=306"}],"version-history":[{"count":1,"href":"https:\/\/usagers-transports.haut-allier.eu\/index.php\/wp-json\/wp\/v2\/posts\/306\/revisions"}],"predecessor-version":[{"id":1919,"href":"https:\/\/usagers-transports.haut-allier.eu\/index.php\/wp-json\/wp\/v2\/posts\/306\/revisions\/1919"}],"wp:featuredmedia":[{"embeddable":true,"href":"https:\/\/usagers-transports.haut-allier.eu\/index.php\/wp-json\/wp\/v2\/media\/1912"}],"wp:attachment":[{"href":"https:\/\/usagers-transports.haut-allier.eu\/index.php\/wp-json\/wp\/v2\/media?parent=306"}],"wp:term":[{"taxonomy":"category","embeddable":true,"href":"https:\/\/usagers-transports.haut-allier.eu\/index.php\/wp-json\/wp\/v2\/categories?post=306"},{"taxonomy":"post_tag","embeddable":true,"href":"https:\/\/usagers-transports.haut-allier.eu\/index.php\/wp-json\/wp\/v2\/tags?post=306"}],"curies":[{"name":"wp","href":"https:\/\/api.w.org\/{rel}","templated":true}]}}