{"id":307,"date":"2016-06-15T19:15:34","date_gmt":"2016-06-15T17:15:34","guid":{"rendered":"http:\/\/5.45.101.177\/haut-allier\/usagers-transportse\/index.php\/2016\/06\/15\/gares-tgv-inutiles-a-montpellier307\/"},"modified":"2016-06-15T19:15:34","modified_gmt":"2016-06-15T17:15:34","slug":"gares-tgv-inutiles-a-montpellier307","status":"publish","type":"post","link":"https:\/\/usagers-transports.haut-allier.eu\/index.php\/2016\/06\/15\/gares-tgv-inutiles-a-montpellier307\/","title":{"rendered":"Gares TGV inutiles \u00e0 Montpellier et N\u00eemes : le ministre acc\u00e9l\u00e8re les travaux et le pr\u00e9fet donne le permis !"},"content":{"rendered":"<p>Pendant qu&rsquo;on nous amuse en Languedoc Roussillon Midi Pyr\u00e9n\u00e9es avec 36 r\u00e9unions appel\u00e9es <em>Etats G\u00e9n\u00e9raux du Rail<\/em> la SNCF et le gouvernement font CE QU&rsquo;ILS VEULENT.<br \/>\n&nbsp;<br \/>\nTous les participants aux diff\u00e9rentes r\u00e9unions, politiques de l&rsquo;ex\u00e9cutif r\u00e9gional y compris, ont affirm\u00e9 leur opposition \u00e0 ces deux projets co\u00fbteux, plus de 200 millions d&rsquo;euros,  et surtout totalement inutiles, qui vont ass\u00e9cher les caisses de RFF R\u00e9seau et obliger la r\u00e9gion LRMP \u00e0 d\u00e9penser 25% de son montant final, alors que cet argent aurait mieux fait d&rsquo;\u00eatre utilis\u00e9 pour le TRAIN DES USAGERS au QUOTIDIEN, les TER et Intercit\u00e9s.<br \/>\n&nbsp;<br \/>\nMais dans ce pays le gouvernement veut \u00e0 tous prix passer en force, n&rsquo;\u00e9coute personne et impose ses choix imb\u00e9ciles : aujourd&rsquo;hui \u00e0 une question du d\u00e9put\u00e9 gardois Christophe Cavard le ministre des transports Alain Vidalies vient de r\u00e9pondre en confirmant \u00e0 l&rsquo;assembl\u00e9e nationale qu&rsquo;il avait demand\u00e9 l&rsquo;ACCELERATION des travaux&#8230;<br \/>\n&nbsp;<br \/>\n<img loading=\"lazy\" decoding=\"async\" class=\" aligncenter size-full wp-image-1921\" src=\"http:\/\/5.45.101.177\/haut-allier\/usagers-transportse\/wp-content\/uploads\/2016\/06\/vlcsnap-2016-06-15-18h47m30s21.png\" alt=\"vlcsnap-2016-06-15-18h47m30s21.png\" align=\"center\" width=\"768\" height=\"432\" srcset=\"https:\/\/usagers-transports.haut-allier.eu\/wp-content\/uploads\/2016\/06\/vlcsnap-2016-06-15-18h47m30s21.png 768w, https:\/\/usagers-transports.haut-allier.eu\/wp-content\/uploads\/2016\/06\/vlcsnap-2016-06-15-18h47m30s21-300x169.png 300w\" sizes=\"auto, (max-width: 768px) 100vw, 768px\" \/><br \/>\n&nbsp;<br \/>\n&#8230;et le pr\u00e9fet de l&rsquo;H\u00e9rault avait la veille accord\u00e9 le permis de construire, alors que le chantier \u00e9tait d\u00e9j\u00e0 tr\u00e8s engag\u00e9 comme le montre ces images. C&rsquo;est pas beau \u00e7a ?<br \/>\n&nbsp;<br \/>\n<img loading=\"lazy\" decoding=\"async\" class=\" aligncenter size-full wp-image-1922\" src=\"http:\/\/5.45.101.177\/haut-allier\/usagers-transportse\/wp-content\/uploads\/2016\/06\/vlcsnap-2016-06-15-18h47m57s33.png\" alt=\"vlcsnap-2016-06-15-18h47m57s33.png\" align=\"center\" width=\"768\" height=\"432\" srcset=\"https:\/\/usagers-transports.haut-allier.eu\/wp-content\/uploads\/2016\/06\/vlcsnap-2016-06-15-18h47m57s33.png 768w, https:\/\/usagers-transports.haut-allier.eu\/wp-content\/uploads\/2016\/06\/vlcsnap-2016-06-15-18h47m57s33-300x169.png 300w\" sizes=\"auto, (max-width: 768px) 100vw, 768px\" \/><br \/>\n&nbsp;<br \/>\n<strong>Notre collectif demande la d\u00e9mission URGENTE qui sera salutaire pour le pays du pr\u00e9sident de la SNCF Monsieur P\u00e9py qui enfume le monde politique depuis bien trop longtemps maintenant.<\/strong><br \/>\n&nbsp;<br \/>\nAllez un extrait du Canard Encha\u00een\u00e9 du jour avec justement une page enti\u00e8re sur le bonhomme :<br \/>\n&nbsp;<br \/>\n<img loading=\"lazy\" decoding=\"async\" class=\" aligncenter size-full wp-image-1923\" src=\"http:\/\/5.45.101.177\/haut-allier\/usagers-transportse\/wp-content\/uploads\/2016\/06\/G_Pepy_Canard_Enchaine_15_06_2016.jpg\" alt=\"G_Pepy_Canard_Enchaine_15_06_2016.jpg\" align=\"center\" width=\"700\" height=\"935\" srcset=\"https:\/\/usagers-transports.haut-allier.eu\/wp-content\/uploads\/2016\/06\/G_Pepy_Canard_Enchaine_15_06_2016.jpg 700w, https:\/\/usagers-transports.haut-allier.eu\/wp-content\/uploads\/2016\/06\/G_Pepy_Canard_Enchaine_15_06_2016-225x300.jpg 225w\" sizes=\"auto, (max-width: 700px) 100vw, 700px\" \/><br \/>\n&nbsp;<br \/>\nVoici le texte du reportage de France 3 Languedoc Roussillon dans le journal de midi du 15 juin :<br \/>\n&nbsp;<\/p>\n<p>[(<br \/>\n<em>Les projets controvers\u00e9s des nouvelles gares TGV de la Mog\u00e8re \u00e0 Montpellier et de Manduel \u00e0 N\u00eemes\u00a0: le ministre des transports Alain Vidalies confirme l&rsquo;engagement de l&rsquo;\u00e9tat. Interpell\u00e9 hier \u00e0 l&rsquo;assembl\u00e9e nationale par le d\u00e9put\u00e9 gardois Christophe Cavard le ministre a r\u00e9affirm\u00e9 la volont\u00e9 de l&rsquo;\u00e9tat de tenir les engagements pris en avril 2012. Il a m\u00eame demand\u00e9 d&rsquo;acc\u00e9l\u00e9rer le dossier. Le chantier de la gare de la Mog\u00e8re, lui, a commenc\u00e9 mais ce projet suscite toujours de vives oppositions. Retour sur cette pol\u00e9mique.<\/em><br \/>\n&nbsp;<br \/>\n<em>C&rsquo;est l&rsquo;histoire d&rsquo;un projet contest\u00e9 et d&rsquo;une construction act\u00e9e en 2012 qui n&rsquo;en finit pas de diviser. La future gare devrait d\u00e9sengorger Saint-Roch et faire gagner 20 minutes sur le trajet Montpellier Paris. Elle est jug\u00e9e au contraire inutile et m\u00eame dangereuse par les \u00e9cologistes. Au c\u0153ur des inqui\u00e9tudes ce cours d&rsquo;eau le Necats qui sort parfois largement de son lit. Les images de la gare de Cannes inond\u00e9e en octobre 2015 ont frapp\u00e9 les esprits. Pourtant 48 heures avant le pr\u00e9fet vient de lancer les travaux en signant le permis de construire du site. Le projet de la gare de Mog\u00e8re est sur les rails. 10 000 m2 de b\u00e2timents, une a\u00e9rogare sur\u00e9lev\u00e9e par rapport aux voies. Elle est m\u00eame prot\u00e9g\u00e9e par des buses d&rsquo;\u00e9vacuation. Son co\u00fbt, lui, n&rsquo;aura cess\u00e9 de gonfler\u00a0: 135 millions d&rsquo;euros selon la premi\u00e8re estimation, 142,7 millions d&rsquo;euros d\u00e9sormais financ\u00e9s pour un tiers par l&rsquo;\u00e9tat, un autre tiers par SNCF R\u00e9seau et 24\u00a0% par la r\u00e9gion. Son inauguration est d\u00e9j\u00e0 pr\u00e9vue fin 2017.<\/em><br \/>\n)]<\/p>\n","protected":false},"excerpt":{"rendered":"<p>Pendant qu&rsquo;on nous amuse en Languedoc Roussillon Midi Pyr\u00e9n\u00e9es avec 36 r\u00e9unions appel\u00e9es Etats G\u00e9n\u00e9raux du Rail la<\/p>\n","protected":false},"author":1,"featured_media":1920,"comment_status":"closed","ping_status":"open","sticky":false,"template":"","format":"standard","meta":{"footnotes":""},"categories":[3],"tags":[],"class_list":["post-307","post","type-post","status-publish","format-standard","has-post-thumbnail","hentry","category-en-train"],"_links":{"self":[{"href":"https:\/\/usagers-transports.haut-allier.eu\/index.php\/wp-json\/wp\/v2\/posts\/307","targetHints":{"allow":["GET"]}}],"collection":[{"href":"https:\/\/usagers-transports.haut-allier.eu\/index.php\/wp-json\/wp\/v2\/posts"}],"about":[{"href":"https:\/\/usagers-transports.haut-allier.eu\/index.php\/wp-json\/wp\/v2\/types\/post"}],"author":[{"embeddable":true,"href":"https:\/\/usagers-transports.haut-allier.eu\/index.php\/wp-json\/wp\/v2\/users\/1"}],"replies":[{"embeddable":true,"href":"https:\/\/usagers-transports.haut-allier.eu\/index.php\/wp-json\/wp\/v2\/comments?post=307"}],"version-history":[{"count":0,"href":"https:\/\/usagers-transports.haut-allier.eu\/index.php\/wp-json\/wp\/v2\/posts\/307\/revisions"}],"wp:featuredmedia":[{"embeddable":true,"href":"https:\/\/usagers-transports.haut-allier.eu\/index.php\/wp-json\/wp\/v2\/media\/1920"}],"wp:attachment":[{"href":"https:\/\/usagers-transports.haut-allier.eu\/index.php\/wp-json\/wp\/v2\/media?parent=307"}],"wp:term":[{"taxonomy":"category","embeddable":true,"href":"https:\/\/usagers-transports.haut-allier.eu\/index.php\/wp-json\/wp\/v2\/categories?post=307"},{"taxonomy":"post_tag","embeddable":true,"href":"https:\/\/usagers-transports.haut-allier.eu\/index.php\/wp-json\/wp\/v2\/tags?post=307"}],"curies":[{"name":"wp","href":"https:\/\/api.w.org\/{rel}","templated":true}]}}