{"id":308,"date":"2016-06-27T04:04:00","date_gmt":"2016-06-27T02:04:00","guid":{"rendered":"http:\/\/5.45.101.177\/haut-allier\/usagers-transportse\/index.php\/2016\/06\/27\/du-sabotage-de-la-ligne-du-train308\/"},"modified":"2016-06-27T04:04:00","modified_gmt":"2016-06-27T02:04:00","slug":"du-sabotage-de-la-ligne-du-train308","status":"publish","type":"post","link":"https:\/\/usagers-transports.haut-allier.eu\/index.php\/2016\/06\/27\/du-sabotage-de-la-ligne-du-train308\/","title":{"rendered":"Du sabotage de la ligne du train C\u00e9venol par SNCF Auvergne (et LRMP) (SUITE)"},"content":{"rendered":"<p><strong>[mise \u00e0 jour du 27 juin]<\/strong><br \/>\n&nbsp;<br \/>\nCa continue malgr\u00e9 nos courriers : ce dernier week-end on s&rsquo;en donne \u00e0 coeur joie \u00e0 la SNCF avec <strong>4 suppressions de trains<\/strong> !<br \/>\n&nbsp;<br \/>\n&#8211; Le dimanche 26\/06\/2016 le TER 873990 N\u00eemes > Clermont-Ferrand du matin a \u00e9t\u00e9 supprim\u00e9.<br \/>\n&#8211; Idem en soir\u00e9e en sens inverse : TER 873995 Clermont-Ferrand > N\u00eemes. Raison : comme le week-end pr\u00e9c\u00e9dent pour absence de conducteur !!<br \/>\n&#8211; En sus, samedi 25\/06\/2016, les deux \u00ab\u00a0C\u00e9venol\u00a0\u00bb IC n\u00b015952 et n\u00b015957 ont \u00e9t\u00e9 supprim\u00e9s entre Al\u00e8s et La Bastide&#8230;<br \/>\n&nbsp;<\/p>\n<p>Pour quelle raison ? Le Directeur r\u00e9gional SNCF \u00e0 Toulouse se fiche des AOT (R\u00e9gions) et des \u00e9lus, comme ses pr\u00e9d\u00e9cesseurs et homologue en Auvergne \/ Rh\u00f4ne-Alpes, car on ne peut vraiment pas dire que les retours d&rsquo;exp\u00e9rience soient pris en compte \u00e0 la SNCF d&rsquo;une semaine \u00e0 l&rsquo;autre.<br \/>\n&nbsp;<br \/>\nCe genre de \u00ab\u00a0petit jeu\u00a0\u00bb, d\u00e9sastreux pour la fr\u00e9quentation de la Ligne des C\u00e9vennes, n&rsquo;est pas fini et il est permis de penser que ces choix d\u00e9lib\u00e9r\u00e9s, puisque r\u00e9p\u00e9titifs, sont volontaires.<br \/>\n&nbsp;<br \/>\n<strong>Voici l&rsquo;effet en direct constat\u00e9 chez un usager qui nous \u00e9crit :<\/strong><br \/>\n&nbsp;<\/p>\n<p>[(<br \/>\n<em>Ce matin en me rendant \u00e0 la gare de langeac pour v\u00e9rifier mon voyage Langeac &#8211; Paris je m&rsquo;aper\u00e7ois \u00e0 nouveau que le train Nimes &#8211; Clermont Ferrand en partance \u00e0 11h48mn est \u00e0 nouveau supprim\u00e9 et remplac\u00e9 par un car de langeac \u00e0 Clermont&#8230;sans certutude que la correspondance soit assur\u00e9 pour Paris<br \/>\n&nbsp;<br \/>\nPendant combien de temps la SNCF va t elle se moquer du monde ?<br \/>\n&nbsp;<br \/>\nCela fait 2 dimanche de suites que cel\u00e0 dure&#8230;.. apr\u00e8s le 19 juin voici le 26 juin&#8230;<br \/>\n&nbsp;<br \/>\nDe plus les travaux du 1 aout au 12 aout en pleine saison estivale vont encore perturber les voyages des usagers habituels ainsi que les estivants !!!<br \/>\n&nbsp;<br \/>\nEncore quelques ann\u00e9es et la haute Loire deviendra un d\u00e9sert.<\/em><br \/>\n&nbsp;<br \/>\n)]<\/p>\n<p>Effectivement \u00e0 ce rythme ce sera rapide, SNCF Auvergne, la R\u00e9gion de Monsieur W et le d\u00e9partement de Haute-Loire s&rsquo;en chargent.<br \/>\n&nbsp;<br \/>\nNous venons d&rsquo;envoyer un nouveau courrier \u00e0 la SNCF.<br \/>\n&nbsp;<br \/>\n<a href=\"http:\/\/5.45.101.177\/haut-allier\/usagers-transportse\/wp-content\/uploads\/2016\/06\/lettre-sncf-chastel-josette-jacques-rascol-27-juin-2016-sabotage-ligne-cevenol-suite.pdf\">lettre-sncf-chastel-josette-jacques-rascol-27-juin-2016-sabotage-ligne-cevenol-suite.pdf<\/a><br \/>\n&nbsp;<br \/>\n&nbsp;<\/p>\n<p><strong>[article du 18 juin]<\/strong><br \/>\n&nbsp;<br \/>\nProfitant du grand d\u00e9sint\u00e9r\u00eat et de l&rsquo;incomp\u00e9tence de la nouvelle grande r\u00e9gion ARA pour ses lignes ferroviaires et particuli\u00e8rement dans le massif central la direction r\u00e9gionale SNCF Auvergne laisse aller les choses pour ne pas assurer l&rsquo;int\u00e9gralit\u00e9 du service qu&rsquo;elle doit rendre aux populations et qui lui sont impos\u00e9s par les diff\u00e9rents conventionnements et qu&rsquo;elle a sign\u00e9 avec les r\u00e9gions, et l&rsquo;\u00e9tat.<br \/>\n&nbsp;<br \/>\nT\u00e9moin aujourd&rsquo;hui et demain lorsqu&rsquo;on va visiter le site TER Auvergne ou Voyages SNCF la plupart des d\u00e9parts depuis  Clermont-Ferrand en TER ou Intercit\u00e9s et notamment bizarrement pour le train C\u00e9venol sont annul\u00e9s \u00ab\u00a0pour indisponibilit\u00e9 de mat\u00e9riel\u00a0\u00bb.<br \/>\n&nbsp;<br \/>\n<img loading=\"lazy\" decoding=\"async\" class=\" aligncenter size-full wp-image-1926\" src=\"http:\/\/5.45.101.177\/haut-allier\/usagers-transportse\/wp-content\/uploads\/2016\/06\/Rechercher_un_itineraire_-_2016-06-18_08-26-26.png\" alt=\"Rechercher_un_itineraire_-_2016-06-18_08-26-26.png\" align=\"center\" width=\"667\" height=\"275\" srcset=\"https:\/\/usagers-transports.haut-allier.eu\/wp-content\/uploads\/2016\/06\/Rechercher_un_itineraire_-_2016-06-18_08-26-26.png 667w, https:\/\/usagers-transports.haut-allier.eu\/wp-content\/uploads\/2016\/06\/Rechercher_un_itineraire_-_2016-06-18_08-26-26-300x124.png 300w\" sizes=\"auto, (max-width: 667px) 100vw, 667px\" \/><br \/>\n&nbsp;<br \/>\nIl s&rsquo;agit en fait selon nos sources d&rsquo;un probl\u00e8me d&rsquo;absence \u00ab\u00a0inopin\u00e9e\u00a0\u00bb d&rsquo;agents, comme elle le dit elle m\u00eame pour le lendemain dimanche si on cherche un aller N\u00eemes Clermont.<br \/>\n&nbsp;<br \/>\nEn cette p\u00e9riode o\u00f9 la SNCF se sent pousser des ailes en Auvergne pour accomplir enfin ses mortels desseins de fermetures de lignes, si on ajoute plus de 15 jours de service ZERO pour cause de gr\u00e8ve, de suppressions inopin\u00e9es \u00e0 N\u00eemes les dimanches soirs, et autres incidents, la coupe est d\u00e9sormais bien pleine pour les usagers.<br \/>\n&nbsp;<br \/>\nNous venons de demander ce jour \u00e0 SNCF Auvergne de r\u00e9tablir d&rsquo;urgence son service.<br \/>\n&nbsp;<br \/>\n<a href=\"http:\/\/5.45.101.177\/haut-allier\/usagers-transportse\/wp-content\/uploads\/2016\/06\/lettre-sncf-chastel-josette-eric-cinotti-18-juin-2016-sabotage-cevenol.pdf\">lettre-sncf-chastel-josette-eric-cinotti-18-juin-2016-sabotage-cevenol.pdf<\/a><br \/>\n&nbsp;<br \/>\nPour information le train Intercit\u00e9s TET C\u00e9venol, ainsi que les TER r\u00e9gionaux auront brill\u00e9 ce printemps par leur absence :<br \/>\n&#8211; les 17, 18, 25 et 26 mai,<br \/>\n&#8211; les 1, 2, 3, 4, 5, 6, 7, 8, 9, 10, 11, 12, 13, 14 et 15 juin.<br \/>\n&nbsp;<\/p>\n<p><strong>R\u00e9action d&rsquo;un internaute dimanche 19 juin :<\/strong><br \/>\n&nbsp;<\/p>\n<p>[(<br \/>\n<em>Je prends presque chaque semaine le train paris &#8211; Langeac aller et retour et je viens de m&rsquo;apercevoir que mon train Langeac &#8211; Clermont de 11h 47 est supprim\u00e9 !!!!!<br \/>\n&nbsp;<br \/>\nSans aucune explication<br \/>\n&nbsp;<br \/>\nJ&rsquo;ai repris ma carte fr\u00e9quence pour 6 mois : co\u00fbt 442 euros&#8230;.et cette nouvelle p\u00e9riode commence tr\u00e8s mal !!!<br \/>\n&nbsp;<br \/>\nJe commence \u00e0 me demander si je ne vais pas refuser de payer mes voyages<br \/>\n&nbsp;<br \/>\nApr\u00e8s la gr\u00e8ve des agents de la SNCF je crois que les usagers devront s&rsquo;organiser pour refuser soit le paiement des trajets soit de refuser les contr\u00f4les de ces m\u00eames agents !!!<\/em><br \/>\n&nbsp;)]<\/p>\n","protected":false},"excerpt":{"rendered":"<p>[mise \u00e0 jour du 27 juin] &nbsp; Ca continue malgr\u00e9 nos courriers : ce dernier week-end on s&rsquo;en<\/p>\n","protected":false},"author":1,"featured_media":1924,"comment_status":"closed","ping_status":"open","sticky":false,"template":"","format":"standard","meta":{"footnotes":""},"categories":[3],"tags":[],"class_list":["post-308","post","type-post","status-publish","format-standard","has-post-thumbnail","hentry","category-en-train"],"_links":{"self":[{"href":"https:\/\/usagers-transports.haut-allier.eu\/index.php\/wp-json\/wp\/v2\/posts\/308","targetHints":{"allow":["GET"]}}],"collection":[{"href":"https:\/\/usagers-transports.haut-allier.eu\/index.php\/wp-json\/wp\/v2\/posts"}],"about":[{"href":"https:\/\/usagers-transports.haut-allier.eu\/index.php\/wp-json\/wp\/v2\/types\/post"}],"author":[{"embeddable":true,"href":"https:\/\/usagers-transports.haut-allier.eu\/index.php\/wp-json\/wp\/v2\/users\/1"}],"replies":[{"embeddable":true,"href":"https:\/\/usagers-transports.haut-allier.eu\/index.php\/wp-json\/wp\/v2\/comments?post=308"}],"version-history":[{"count":0,"href":"https:\/\/usagers-transports.haut-allier.eu\/index.php\/wp-json\/wp\/v2\/posts\/308\/revisions"}],"wp:featuredmedia":[{"embeddable":true,"href":"https:\/\/usagers-transports.haut-allier.eu\/index.php\/wp-json\/wp\/v2\/media\/1924"}],"wp:attachment":[{"href":"https:\/\/usagers-transports.haut-allier.eu\/index.php\/wp-json\/wp\/v2\/media?parent=308"}],"wp:term":[{"taxonomy":"category","embeddable":true,"href":"https:\/\/usagers-transports.haut-allier.eu\/index.php\/wp-json\/wp\/v2\/categories?post=308"},{"taxonomy":"post_tag","embeddable":true,"href":"https:\/\/usagers-transports.haut-allier.eu\/index.php\/wp-json\/wp\/v2\/tags?post=308"}],"curies":[{"name":"wp","href":"https:\/\/api.w.org\/{rel}","templated":true}]}}