{"id":309,"date":"2016-06-22T10:55:19","date_gmt":"2016-06-22T08:55:19","guid":{"rendered":"http:\/\/5.45.101.177\/haut-allier\/usagers-transportse\/index.php\/2016\/06\/22\/cecile-duflot-eelv-demarre-sa309\/"},"modified":"2016-06-22T10:55:19","modified_gmt":"2016-06-22T08:55:19","slug":"cecile-duflot-eelv-demarre-sa309","status":"publish","type":"post","link":"https:\/\/usagers-transports.haut-allier.eu\/index.php\/2016\/06\/22\/cecile-duflot-eelv-demarre-sa309\/","title":{"rendered":"C\u00e9cile Duflot (EELV) d\u00e9marre sa campagne \u00e0 bord du train C\u00e9venol"},"content":{"rendered":"<p>Tant mieux pour la ligne des C\u00e9vennes mais bon&#8230; L&rsquo;ancienne ministre du logement avait donn\u00e9 rendez-vous \u00e0 la presse devant la gare de N\u00eemes mardi 21 juin un peu avant son grand voyage de soutien au train jusqu&rsquo;\u00e0 Paris.<br \/>\n&nbsp;<br \/>\nDans un contexte politique o\u00f9 ses anciens partenaires socialistes sont pr\u00eats \u00ab\u00a0\u00e0 la flinguer politiquement\u00a0\u00bb selon le SMS r\u00e9cent d&rsquo;un proche de Hollande apr\u00e8s son voeu de faire \u00e9quipe commune avec le Front de Gauche pour la future pr\u00e9sidentielle. Un PS pr\u00eat de plus \u00e0 pr\u00e9f\u00e9rer Nicolas Hulot.<br \/>\n&nbsp;<br \/>\nSi nous d\u00e9clarons que toute initiative de soutien \u00e0 la ligne Clermont N\u00eemes est bonne, notre collectif, invit\u00e9, n&rsquo;a pas d\u00e9sir\u00e9 s&rsquo;afficher dans ce contexte politicien.<br \/>\n &nbsp;<br \/>\nDe plus, lorsqu&rsquo;on s&rsquo;aper\u00e7oit en r\u00e9gion Languedoc Roussillon Midi Pyr\u00e9n\u00e9es (bient\u00f4t Occitanie ?) que les Etats g\u00e9n\u00e9raux du Rail men\u00e9s tambours battants depuis deux mois avec 36 r\u00e9unions populaires, ne sont en fait qu&rsquo;une op\u00e9ration pour amuser la galerie puisque la pr\u00e9sidente Carole Delga affirmait r\u00e9cemment qu&rsquo;elle \u00e9tait favorable aux deux gares TGV inutiles de N\u00eemes et Montpellier, on ne peut \u00eatre amen\u00e9 qu&rsquo;\u00e0 constater que les op\u00e9rations des Verts au sein de l&rsquo;ex\u00e9cutif socialiste r\u00e9gional ne sont suivis d&rsquo;aucun effet.<br \/>\n&nbsp;<br \/>\n<strong>Et donc la presse en folie du matin :<\/strong><br \/>\n&nbsp;<br \/>\n&#8211; France 3 Pays gardois, journal de 19h20 du 21 juin, le script :<br \/>\n[(<br \/>\nAncienne ministre, leader \u00e9cologiste, C\u00e9cile Duflot a pris son b\u00e2ton de p\u00e8lerin pour d\u00e9fendre les petites lignes ferroviaires, c\u00e9venoles en t\u00eate. Plusieurs collectifs appuient sa d\u00e9marche. Parmi eux, les opposants aux investissements massifs en faveur des trains ou des lignes \u00e0 grande vitesse comme N\u00eemes-Montpellier, sans parler des gares TGV.<br \/>\n&nbsp;<br \/>\nC\u00e9cile Duflot, d\u00e9put\u00e9e EELV de Paris :<br \/>\n<em>\u00ab\u00a0On a tellement favoris\u00e9 le TGV qu\u2019on a fait exploser le prix des billets, qu\u2019on a fait diminuer le recours au train parce que toutes les C\u00e9vennes, une grande partie du Massif Central sont \u00e9videmment pas accessibles en TGV donc on est oblig\u00e9 de trouver d\u2019autres solutions alors que c\u2019est beaucoup moins co\u00fbteux. Simplement, si on le fait pas aujourd&rsquo;hui on va perdre ces lignes, on va perdre ce capital ferroviaire. Donc d\u00e9fendre ces lignes de train, en fait c\u2019est pr\u00e9server l\u2019avenir. C\u2019est vraiment r\u00e9pondre aux enjeux \u00e9cologiques et aux enjeux de solidarit\u00e9 territoriale.\u00a0\u00bb<\/em><br \/>\n&nbsp;<br \/>\nD\u00e9fendre la ligne Al\u00e8s-Bess\u00e8ges ou celle de la rive droite du Rh\u00f4ne, c\u2019est le cr\u00e9do de ces collectifs et des usagers des transports. Et beaucoup l\u2019ont fait savoir dans les \u00e9tats g\u00e9n\u00e9raux du rail lanc\u00e9s par la nouvelle r\u00e9gion.<br \/>\n&nbsp;<br \/>\nChristian Dupraz, conseiller r\u00e9gional \u00e9cologiste d\u00e9l\u00e9gu\u00e9 aux \u00e9tats g\u00e9n\u00e9raux du rail :<br \/>\n<em>\u00ab\u00a0On a 60% d\u2019augmentation d\u2019utilisation des trains depuis 10 ans sur la r\u00e9gion. Donc quand les trains marchent, quand ils sont \u00e0 l\u2019heure, ils sont extr\u00eamement fr\u00e9quent\u00e9s. Le probl\u00e8me c\u2019est leur fiabilit\u00e9, leur cadencement. Donc si on veut tuer le train, il suffit de le d\u00e9sorganiser. Si on veut que les gens prennent le train, il faut que \u00e7a marche.\u00a0\u00bb<\/em><br \/>\n&nbsp;<br \/>\nC\u00e9cile Duflot a quitt\u00e9 N\u00eemes en tout d\u00e9but d\u2019apr\u00e8s-midi par le C\u00e9venol direction Paris via Clermont Ferrand. Sur le trajet, \u00e9lus et associations ont pr\u00e9vu de monter \u00e0 bord pour faire un bout de chemin avec elle.<br \/>\n)]<br \/>\n&nbsp;<\/p>\n<p>&#8211; <a href=\" http:\/\/www.lamontagne.fr\/auvergne\/actualite\/2016\/06\/21\/cecile-duflot-veut-sauver-le-cevenol_11969945.html\">La Montagne<\/a>.<br \/>\n&#8211; <a href=\"https:\/\/www.objectifgard.com\/2016\/06\/21\/gard-cecile-duflot-a-nimes-soutient-le-cevenol-et-les-lignes-meprisees\/\">Objectif Gard<\/a><br \/>\n&#8211; <a href=\"https:\/\/www.francebleu.fr\/infos\/transports\/cecile-duflot-la-rescousse-du-train-le-cevenol-1466523685\">France Bleu Gard Loz\u00e8re<\/a><br \/>\n&#8211; <a href=\"http:\/\/www.tvsud.fr\/actualites\/SOC\/\">TV Sud N\u00eemes<\/a><br \/>\n&#8211;<a href=\"http:\/\/www.midilibre.fr\/2016\/06\/21\/nimes-cecile-duflot-soutient-la-ligne-du-train-le-cevenol,1353145.php\"> Midi Libre<\/a><\/p>\n","protected":false},"excerpt":{"rendered":"<p>Tant mieux pour la ligne des C\u00e9vennes mais bon&#8230; L&rsquo;ancienne ministre du logement avait donn\u00e9 rendez-vous \u00e0 la<\/p>\n","protected":false},"author":1,"featured_media":1928,"comment_status":"closed","ping_status":"open","sticky":false,"template":"","format":"standard","meta":{"footnotes":""},"categories":[3],"tags":[],"class_list":["post-309","post","type-post","status-publish","format-standard","has-post-thumbnail","hentry","category-en-train"],"_links":{"self":[{"href":"https:\/\/usagers-transports.haut-allier.eu\/index.php\/wp-json\/wp\/v2\/posts\/309","targetHints":{"allow":["GET"]}}],"collection":[{"href":"https:\/\/usagers-transports.haut-allier.eu\/index.php\/wp-json\/wp\/v2\/posts"}],"about":[{"href":"https:\/\/usagers-transports.haut-allier.eu\/index.php\/wp-json\/wp\/v2\/types\/post"}],"author":[{"embeddable":true,"href":"https:\/\/usagers-transports.haut-allier.eu\/index.php\/wp-json\/wp\/v2\/users\/1"}],"replies":[{"embeddable":true,"href":"https:\/\/usagers-transports.haut-allier.eu\/index.php\/wp-json\/wp\/v2\/comments?post=309"}],"version-history":[{"count":0,"href":"https:\/\/usagers-transports.haut-allier.eu\/index.php\/wp-json\/wp\/v2\/posts\/309\/revisions"}],"wp:featuredmedia":[{"embeddable":true,"href":"https:\/\/usagers-transports.haut-allier.eu\/index.php\/wp-json\/wp\/v2\/media\/1928"}],"wp:attachment":[{"href":"https:\/\/usagers-transports.haut-allier.eu\/index.php\/wp-json\/wp\/v2\/media?parent=309"}],"wp:term":[{"taxonomy":"category","embeddable":true,"href":"https:\/\/usagers-transports.haut-allier.eu\/index.php\/wp-json\/wp\/v2\/categories?post=309"},{"taxonomy":"post_tag","embeddable":true,"href":"https:\/\/usagers-transports.haut-allier.eu\/index.php\/wp-json\/wp\/v2\/tags?post=309"}],"curies":[{"name":"wp","href":"https:\/\/api.w.org\/{rel}","templated":true}]}}