{"id":310,"date":"2016-06-28T07:42:01","date_gmt":"2016-06-28T05:42:01","guid":{"rendered":"http:\/\/5.45.101.177\/haut-allier\/usagers-transportse\/index.php\/2016\/06\/28\/region-ara-pas-presse-wauquiez310\/"},"modified":"2016-06-28T07:42:01","modified_gmt":"2016-06-28T05:42:01","slug":"region-ara-pas-presse-wauquiez310","status":"publish","type":"post","link":"https:\/\/usagers-transports.haut-allier.eu\/index.php\/2016\/06\/28\/region-ara-pas-presse-wauquiez310\/","title":{"rendered":"R\u00e9gion ARA : pas press\u00e9 Wauquiez annonce \u00ab\u00a0un plan ferroviaire pour septembre\u00a0\u00bb"},"content":{"rendered":"<p>Ils auront mis 9 mois \u00e0 r\u00e9agir, 9 mois d&rsquo;inaction totale pour leur r\u00e9seau ferroviaire, si ce n&rsquo;est quelques d\u00e9clarations outranci\u00e8res. La Montagne du 24 juin nous apprend qu&rsquo;ils d\u00e9cident de bouger <em>en septembre<\/em>, vacances obligent, et que \u00e7a va faire mal, tr\u00e8s mal. Traduisez : \u00e7a va couper de plus belle d\u00e8s qu&rsquo;on sortira des grands axes rhonalpins.<br \/>\n&nbsp;<br \/>\nAlors que cette m\u00eame r\u00e9gion ARA vient d&rsquo;annoncer le financement \u00e0 hauteur de 140 millions d&rsquo;euros d&rsquo;une inutile deuxi\u00e8me autoroute reliant Saint-Etienne \u00e0 Lyon <em>\u00ab\u00a0parce qu&rsquo;elle sera plus directe\u00a0\u00bb<\/em> alors que ce financement n&rsquo;est pas de ses comp\u00e9tences obligatoires.<br \/>\n&nbsp;<br \/>\nAlors que les associations et collectifs d&rsquo;usagers ne sont pas pas les bienvenus, et surtout ne sont pas \u00e9cout\u00e9s ni par le charg\u00e9 des transports ni par le roitelet W.<br \/>\n&nbsp;<br \/>\nPendant ce temps SNCF ferme les lignes du massif central \u00e0 tour de bras. L&rsquo;ancienne r\u00e9gion Auvergne avait, elle, consacr\u00e9 un budget tr\u00e8s important tous les ans, dans l&rsquo;entretien de son r\u00e9seau ferroviaire, alors que l\u00e0 aussi cela outrepassait ses comp\u00e9tences.<br \/>\n&nbsp;<br \/>\nLa grande r\u00e9gion de Mr W met tout son budget sur les autoroutes, les anciennes r\u00e9gions Auvergne et Rh\u00f4ne Alpes misaient sur le renouveau du ferroviaire. Question de choix politique et de d\u00e9magogie. De populisme ?<br \/>\n&nbsp;<br \/>\nA lire cet extrait du quotidien clermontois :<br \/>\n&nbsp;<br \/>\n<a href=\"http:\/\/5.45.101.177\/haut-allier\/usagers-transportse\/wp-content\/uploads\/2016\/06\/MT_2016_06_24_Un_plan_ferroviaire_pour_septembre.pdf\">MT_2016_06_24_Un_plan_ferroviaire_pour_septembre.pdf<\/a><br \/>\n&nbsp;<\/p>\n","protected":false},"excerpt":{"rendered":"<p>Ils auront mis 9 mois \u00e0 r\u00e9agir, 9 mois d&rsquo;inaction totale pour leur r\u00e9seau ferroviaire, si ce n&rsquo;est<\/p>\n","protected":false},"author":1,"featured_media":1929,"comment_status":"closed","ping_status":"open","sticky":false,"template":"","format":"standard","meta":{"footnotes":""},"categories":[3],"tags":[],"class_list":["post-310","post","type-post","status-publish","format-standard","has-post-thumbnail","hentry","category-en-train"],"_links":{"self":[{"href":"https:\/\/usagers-transports.haut-allier.eu\/index.php\/wp-json\/wp\/v2\/posts\/310","targetHints":{"allow":["GET"]}}],"collection":[{"href":"https:\/\/usagers-transports.haut-allier.eu\/index.php\/wp-json\/wp\/v2\/posts"}],"about":[{"href":"https:\/\/usagers-transports.haut-allier.eu\/index.php\/wp-json\/wp\/v2\/types\/post"}],"author":[{"embeddable":true,"href":"https:\/\/usagers-transports.haut-allier.eu\/index.php\/wp-json\/wp\/v2\/users\/1"}],"replies":[{"embeddable":true,"href":"https:\/\/usagers-transports.haut-allier.eu\/index.php\/wp-json\/wp\/v2\/comments?post=310"}],"version-history":[{"count":0,"href":"https:\/\/usagers-transports.haut-allier.eu\/index.php\/wp-json\/wp\/v2\/posts\/310\/revisions"}],"wp:featuredmedia":[{"embeddable":true,"href":"https:\/\/usagers-transports.haut-allier.eu\/index.php\/wp-json\/wp\/v2\/media\/1929"}],"wp:attachment":[{"href":"https:\/\/usagers-transports.haut-allier.eu\/index.php\/wp-json\/wp\/v2\/media?parent=310"}],"wp:term":[{"taxonomy":"category","embeddable":true,"href":"https:\/\/usagers-transports.haut-allier.eu\/index.php\/wp-json\/wp\/v2\/categories?post=310"},{"taxonomy":"post_tag","embeddable":true,"href":"https:\/\/usagers-transports.haut-allier.eu\/index.php\/wp-json\/wp\/v2\/tags?post=310"}],"curies":[{"name":"wp","href":"https:\/\/api.w.org\/{rel}","templated":true}]}}