{"id":311,"date":"2016-06-30T06:21:25","date_gmt":"2016-06-30T04:21:25","guid":{"rendered":"http:\/\/5.45.101.177\/haut-allier\/usagers-transportse\/index.php\/2016\/06\/30\/cet-ete-2016-le-train-cevenol311\/"},"modified":"2016-06-30T06:21:25","modified_gmt":"2016-06-30T04:21:25","slug":"cet-ete-2016-le-train-cevenol311","status":"publish","type":"post","link":"https:\/\/usagers-transports.haut-allier.eu\/index.php\/2016\/06\/30\/cet-ete-2016-le-train-cevenol311\/","title":{"rendered":"Cet \u00e9t\u00e9 2016 le train C\u00e9venol retrouve enfin du tonus !"},"content":{"rendered":"<p>Du 29 juin au 4 septembre SNCF Interct\u00e9s fait un effort sur le train C\u00e9venol puisque celui-ci circulera avec 4 voitures Corail Carmilhon r\u00e9nov\u00e9es tract\u00e9es par un engin BB67400.<br \/>\n&nbsp;<br \/>\nDes d\u00e9pliants et brochures seront disponibles dans le train et les principales gares du parcours.<br \/>\n&nbsp;<br \/>\nSaluons donc la nouvelle volont\u00e9 de la soci\u00e9t\u00e9 de vouloir faire la promotion de cette ligne et d&rsquo;en assurer le service dans de bonnes conditions.<br \/>\n&nbsp;<br \/>\nNotons toutefois que des travaux assur\u00e9s en plein \u00e9t\u00e9 (!) du 1er au 12 ao\u00fbt obligeront la suppression du train dans les gorges de l&rsquo;Allier et le remplacement par les merveilleux bus.<br \/>\n&nbsp;<br \/>\n<img loading=\"lazy\" decoding=\"async\" class=\" aligncenter size-full wp-image-1932\" src=\"http:\/\/5.45.101.177\/haut-allier\/usagers-transportse\/wp-content\/uploads\/2016\/06\/FlashInfoLeCevenol280616-w.jpg\" alt=\"FlashInfoLeCevenol280616-w.jpg\" align=\"center\" width=\"600\" height=\"800\" srcset=\"https:\/\/usagers-transports.haut-allier.eu\/wp-content\/uploads\/2016\/06\/FlashInfoLeCevenol280616-w.jpg 600w, https:\/\/usagers-transports.haut-allier.eu\/wp-content\/uploads\/2016\/06\/FlashInfoLeCevenol280616-w-225x300.jpg 225w\" sizes=\"auto, (max-width: 600px) 100vw, 600px\" \/><br \/>\n&nbsp;<br \/>\nApr\u00e8s la r\u00e9novation des 13 rames de l&rsquo;Intercit\u00e9s Clermont-Ferrand Paris au printemps d&rsquo;ici juillet 2017 ce seront les 20 rames Intercit\u00e9s <a href=\"http:\/\/madeinmarseille.net\/17364-train-intercite-bordeaux\/\"><strong>Marseille Bordeaux<\/strong><\/a> qui seront enti\u00e8rement remplac\u00e9es.<br \/>\n&nbsp;<br \/>\n[MISE A JOUR DU 1ER JUILLET]<br \/>\n&nbsp;<br \/>\n<strong>Ca commence bien !<\/strong><br \/>\n&nbsp;<br \/>\nCe 1er juillet deuxi\u00e8me jour de circulation des nouvelles rames et le CEVENOL SUPPRIME entre N\u00eemes et Clermont-Ferrand, un week-end de d\u00e9but de vacances ! Correspondance pour Paris ce soir \u00e0 Clermont foutue ! Hier pareil retard de 40 minutes de ce m\u00eame train et correspondance pour Paris rat\u00e9e. G\u00e9niale SNCF&#8230; Droit dans le mur. <\/p>\n","protected":false},"excerpt":{"rendered":"<p>Du 29 juin au 4 septembre SNCF Interct\u00e9s fait un effort sur le train C\u00e9venol puisque celui-ci circulera<\/p>\n","protected":false},"author":1,"featured_media":1931,"comment_status":"closed","ping_status":"open","sticky":false,"template":"","format":"standard","meta":{"footnotes":""},"categories":[3],"tags":[],"class_list":["post-311","post","type-post","status-publish","format-standard","has-post-thumbnail","hentry","category-en-train"],"_links":{"self":[{"href":"https:\/\/usagers-transports.haut-allier.eu\/index.php\/wp-json\/wp\/v2\/posts\/311","targetHints":{"allow":["GET"]}}],"collection":[{"href":"https:\/\/usagers-transports.haut-allier.eu\/index.php\/wp-json\/wp\/v2\/posts"}],"about":[{"href":"https:\/\/usagers-transports.haut-allier.eu\/index.php\/wp-json\/wp\/v2\/types\/post"}],"author":[{"embeddable":true,"href":"https:\/\/usagers-transports.haut-allier.eu\/index.php\/wp-json\/wp\/v2\/users\/1"}],"replies":[{"embeddable":true,"href":"https:\/\/usagers-transports.haut-allier.eu\/index.php\/wp-json\/wp\/v2\/comments?post=311"}],"version-history":[{"count":0,"href":"https:\/\/usagers-transports.haut-allier.eu\/index.php\/wp-json\/wp\/v2\/posts\/311\/revisions"}],"wp:featuredmedia":[{"embeddable":true,"href":"https:\/\/usagers-transports.haut-allier.eu\/index.php\/wp-json\/wp\/v2\/media\/1931"}],"wp:attachment":[{"href":"https:\/\/usagers-transports.haut-allier.eu\/index.php\/wp-json\/wp\/v2\/media?parent=311"}],"wp:term":[{"taxonomy":"category","embeddable":true,"href":"https:\/\/usagers-transports.haut-allier.eu\/index.php\/wp-json\/wp\/v2\/categories?post=311"},{"taxonomy":"post_tag","embeddable":true,"href":"https:\/\/usagers-transports.haut-allier.eu\/index.php\/wp-json\/wp\/v2\/tags?post=311"}],"curies":[{"name":"wp","href":"https:\/\/api.w.org\/{rel}","templated":true}]}}