{"id":312,"date":"2016-06-30T14:58:25","date_gmt":"2016-06-30T12:58:25","guid":{"rendered":"http:\/\/5.45.101.177\/haut-allier\/usagers-transportse\/index.php\/2016\/06\/30\/gare-tgv-inutile-de-manduel-la312\/"},"modified":"2016-06-30T14:58:25","modified_gmt":"2016-06-30T12:58:25","slug":"gare-tgv-inutile-de-manduel-la312","status":"publish","type":"post","link":"https:\/\/usagers-transports.haut-allier.eu\/index.php\/2016\/06\/30\/gare-tgv-inutile-de-manduel-la312\/","title":{"rendered":"Gare TGV inutile de Manduel : la r\u00e9gion Occitanie est contre ! Tout contre"},"content":{"rendered":"<p>On voit \u00e0 quel point les politiciens m\u00eame r\u00e9gionaux tiennent compte des d\u00e9lib\u00e9rations et des avis des usagers citoyens qui se sont tous exprim\u00e9s en majorit\u00e9 contre ces gares lors des 36 r\u00e9unions publiques des <em>Etats g\u00e9n\u00e9raux du rail et de l&rsquo;intermodalit\u00e9<\/em> organis\u00e9s par la r\u00e9gion Occitanie \u00e0 grand ramdam.  Lisez plut\u00f4t l&rsquo;article de Midi Libre du jour. C&rsquo;est un oui g\u00e9n\u00e9ral de leur part \u00e0 certaines conditions. Conditions qui alourdiront la note bien \u00e9videmment.<br \/>\n&nbsp;<br \/>\n<img loading=\"lazy\" decoding=\"async\" class=\" aligncenter size-full wp-image-1934\" src=\"http:\/\/5.45.101.177\/haut-allier\/usagers-transportse\/wp-content\/uploads\/2016\/06\/Gard_les_partenaires_de_la_gare_TGV_de_Manduel_a_la_meme_table_-_2016-06-30_14-44-23-scaled.jpg\" alt=\"Gard_les_partenaires_de_la_gare_TGV_de_Manduel_a_la_meme_table_-_2016-06-30_14-44-23.jpg\" align=\"center\" width=\"593\" height=\"2560\" srcset=\"https:\/\/usagers-transports.haut-allier.eu\/wp-content\/uploads\/2016\/06\/Gard_les_partenaires_de_la_gare_TGV_de_Manduel_a_la_meme_table_-_2016-06-30_14-44-23-scaled.jpg 593w, https:\/\/usagers-transports.haut-allier.eu\/wp-content\/uploads\/2016\/06\/Gard_les_partenaires_de_la_gare_TGV_de_Manduel_a_la_meme_table_-_2016-06-30_14-44-23-237x1024.jpg 237w, https:\/\/usagers-transports.haut-allier.eu\/wp-content\/uploads\/2016\/06\/Gard_les_partenaires_de_la_gare_TGV_de_Manduel_a_la_meme_table_-_2016-06-30_14-44-23-356x1536.jpg 356w\" sizes=\"auto, (max-width: 593px) 100vw, 593px\" \/><\/p>\n","protected":false},"excerpt":{"rendered":"<p>On voit \u00e0 quel point les politiciens m\u00eame r\u00e9gionaux tiennent compte des d\u00e9lib\u00e9rations et des avis des usagers<\/p>\n","protected":false},"author":1,"featured_media":1933,"comment_status":"closed","ping_status":"open","sticky":false,"template":"","format":"standard","meta":{"footnotes":""},"categories":[3],"tags":[],"class_list":["post-312","post","type-post","status-publish","format-standard","has-post-thumbnail","hentry","category-en-train"],"_links":{"self":[{"href":"https:\/\/usagers-transports.haut-allier.eu\/index.php\/wp-json\/wp\/v2\/posts\/312","targetHints":{"allow":["GET"]}}],"collection":[{"href":"https:\/\/usagers-transports.haut-allier.eu\/index.php\/wp-json\/wp\/v2\/posts"}],"about":[{"href":"https:\/\/usagers-transports.haut-allier.eu\/index.php\/wp-json\/wp\/v2\/types\/post"}],"author":[{"embeddable":true,"href":"https:\/\/usagers-transports.haut-allier.eu\/index.php\/wp-json\/wp\/v2\/users\/1"}],"replies":[{"embeddable":true,"href":"https:\/\/usagers-transports.haut-allier.eu\/index.php\/wp-json\/wp\/v2\/comments?post=312"}],"version-history":[{"count":0,"href":"https:\/\/usagers-transports.haut-allier.eu\/index.php\/wp-json\/wp\/v2\/posts\/312\/revisions"}],"wp:featuredmedia":[{"embeddable":true,"href":"https:\/\/usagers-transports.haut-allier.eu\/index.php\/wp-json\/wp\/v2\/media\/1933"}],"wp:attachment":[{"href":"https:\/\/usagers-transports.haut-allier.eu\/index.php\/wp-json\/wp\/v2\/media?parent=312"}],"wp:term":[{"taxonomy":"category","embeddable":true,"href":"https:\/\/usagers-transports.haut-allier.eu\/index.php\/wp-json\/wp\/v2\/categories?post=312"},{"taxonomy":"post_tag","embeddable":true,"href":"https:\/\/usagers-transports.haut-allier.eu\/index.php\/wp-json\/wp\/v2\/tags?post=312"}],"curies":[{"name":"wp","href":"https:\/\/api.w.org\/{rel}","templated":true}]}}