{"id":314,"date":"2016-07-11T12:45:58","date_gmt":"2016-07-11T10:45:58","guid":{"rendered":"http:\/\/5.45.101.177\/haut-allier\/usagers-transportse\/index.php\/2016\/07\/11\/suppression-des-trains-sur-la314\/"},"modified":"2016-07-11T12:45:58","modified_gmt":"2016-07-11T10:45:58","slug":"suppression-des-trains-sur-la314","status":"publish","type":"post","link":"https:\/\/usagers-transports.haut-allier.eu\/index.php\/2016\/07\/11\/suppression-des-trains-sur-la314\/","title":{"rendered":"Suppression des trains sur la ligne du C\u00e9venol : r\u00e9ponse de la SNCF"},"content":{"rendered":"<p>Suite \u00e0 notre <a href=\"http:\/\/usagers-transports.haut-allier.eu\/?du-sabotage-de-la-ligne-du-train,308\">article<\/a> nous venons de recevoir la r\u00e9ponse de la direction TER SNCF de Toulouse toute en \u00e9vasion&#8230; La voil\u00e0.<br \/>\n&nbsp;<br \/>\n<img loading=\"lazy\" decoding=\"async\" class=\" aligncenter size-full wp-image-1936\" src=\"http:\/\/5.45.101.177\/haut-allier\/usagers-transportse\/wp-content\/uploads\/2016\/07\/IMG_20160711_122414-w.jpg\" alt=\"IMG_20160711_122414-w.jpg\" align=\"center\" width=\"600\" height=\"886\" srcset=\"https:\/\/usagers-transports.haut-allier.eu\/wp-content\/uploads\/2016\/07\/IMG_20160711_122414-w.jpg 600w, https:\/\/usagers-transports.haut-allier.eu\/wp-content\/uploads\/2016\/07\/IMG_20160711_122414-w-203x300.jpg 203w\" sizes=\"auto, (max-width: 600px) 100vw, 600px\" \/><br \/>\n&nbsp;<br \/>\n<img loading=\"lazy\" decoding=\"async\" class=\" aligncenter size-full wp-image-1937\" src=\"http:\/\/5.45.101.177\/haut-allier\/usagers-transportse\/wp-content\/uploads\/2016\/07\/IMG_20160711_122509-w.jpg\" alt=\"IMG_20160711_122509-w.jpg\" align=\"center\" width=\"600\" height=\"800\" srcset=\"https:\/\/usagers-transports.haut-allier.eu\/wp-content\/uploads\/2016\/07\/IMG_20160711_122509-w.jpg 600w, https:\/\/usagers-transports.haut-allier.eu\/wp-content\/uploads\/2016\/07\/IMG_20160711_122509-w-225x300.jpg 225w\" sizes=\"auto, (max-width: 600px) 100vw, 600px\" \/><br \/>\n&nbsp;<br \/>\nSans commentaires.<\/p>\n","protected":false},"excerpt":{"rendered":"<p>Suite \u00e0 notre article nous venons de recevoir la r\u00e9ponse de la direction TER SNCF de Toulouse toute<\/p>\n","protected":false},"author":1,"featured_media":1936,"comment_status":"closed","ping_status":"open","sticky":false,"template":"","format":"standard","meta":{"footnotes":""},"categories":[3],"tags":[],"class_list":["post-314","post","type-post","status-publish","format-standard","has-post-thumbnail","hentry","category-en-train"],"_links":{"self":[{"href":"https:\/\/usagers-transports.haut-allier.eu\/index.php\/wp-json\/wp\/v2\/posts\/314","targetHints":{"allow":["GET"]}}],"collection":[{"href":"https:\/\/usagers-transports.haut-allier.eu\/index.php\/wp-json\/wp\/v2\/posts"}],"about":[{"href":"https:\/\/usagers-transports.haut-allier.eu\/index.php\/wp-json\/wp\/v2\/types\/post"}],"author":[{"embeddable":true,"href":"https:\/\/usagers-transports.haut-allier.eu\/index.php\/wp-json\/wp\/v2\/users\/1"}],"replies":[{"embeddable":true,"href":"https:\/\/usagers-transports.haut-allier.eu\/index.php\/wp-json\/wp\/v2\/comments?post=314"}],"version-history":[{"count":0,"href":"https:\/\/usagers-transports.haut-allier.eu\/index.php\/wp-json\/wp\/v2\/posts\/314\/revisions"}],"wp:featuredmedia":[{"embeddable":true,"href":"https:\/\/usagers-transports.haut-allier.eu\/index.php\/wp-json\/wp\/v2\/media\/1936"}],"wp:attachment":[{"href":"https:\/\/usagers-transports.haut-allier.eu\/index.php\/wp-json\/wp\/v2\/media?parent=314"}],"wp:term":[{"taxonomy":"category","embeddable":true,"href":"https:\/\/usagers-transports.haut-allier.eu\/index.php\/wp-json\/wp\/v2\/categories?post=314"},{"taxonomy":"post_tag","embeddable":true,"href":"https:\/\/usagers-transports.haut-allier.eu\/index.php\/wp-json\/wp\/v2\/tags?post=314"}],"curies":[{"name":"wp","href":"https:\/\/api.w.org\/{rel}","templated":true}]}}