{"id":315,"date":"2016-07-11T15:24:45","date_gmt":"2016-07-11T13:24:45","guid":{"rendered":"http:\/\/5.45.101.177\/haut-allier\/usagers-transportse\/index.php\/2016\/07\/11\/sncf-torpille-les-usagers-qui315\/"},"modified":"2016-07-11T15:24:45","modified_gmt":"2016-07-11T13:24:45","slug":"sncf-torpille-les-usagers-qui315","status":"publish","type":"post","link":"https:\/\/usagers-transports.haut-allier.eu\/index.php\/2016\/07\/11\/sncf-torpille-les-usagers-qui315\/","title":{"rendered":"SNCF torpille les usagers qui d\u00e9noncent ses dysfonctionnements y compris Que Choisir"},"content":{"rendered":"<p>Peu apr\u00e8s une attaque en r\u00e8gle de la SNCF contre les sites Internet associatifs <a href=\"http:\/\/untrainderetard.com\">untrainderetard.com<\/a> et <a href=\"http:\/\/raildar.fr\">raildar.fr<\/a> qui permettaient de savoir o\u00f9 \u00e9taient les trains en temps r\u00e9el et aux associations d&rsquo;usagers de traiter les statistiques de retards et suppressions des trains, c&rsquo;est au tour de l&rsquo;association de consommateurs UFC &#8211; Que Choisir de voir torpill\u00e9e par la SNCF son \u00ab\u00a0appli\u00a0\u00bb Anti-Retards pour smartphones \u00e0 base des signalements en temps r\u00e9el effectu\u00e9s par les usagers ! Nous vous en avions parl\u00e9 <a href=\"http:\/\/usagers-transports.haut-allier.eu\/?retards-des-ter-que-choisir,219\"><strong>ici-m\u00eame<\/strong><\/a> l&rsquo;an dernier.<br \/>\n&nbsp;<br \/>\nCi-dessous le message envoy\u00e9 ce jour par l&rsquo;UFC &#8211; Que Choisir  aux utilisateurs de l&rsquo;application qui met au grand jour les innombrables manquements de la SNCF vis \u00e0 vis de l&rsquo;exploitation des trains.<br \/>\n&nbsp;<br \/>\n<img loading=\"lazy\" decoding=\"async\" class=\" aligncenter size-full wp-image-1939\" src=\"http:\/\/5.45.101.177\/haut-allier\/usagers-transportse\/wp-content\/uploads\/2016\/07\/quechoiseee.jpg\" alt=\"quechoiseee.jpg\" align=\"center\" width=\"606\" height=\"852\" srcset=\"https:\/\/usagers-transports.haut-allier.eu\/wp-content\/uploads\/2016\/07\/quechoiseee.jpg 606w, https:\/\/usagers-transports.haut-allier.eu\/wp-content\/uploads\/2016\/07\/quechoiseee-213x300.jpg 213w\" sizes=\"auto, (max-width: 606px) 100vw, 606px\" \/><br \/>\n&nbsp;<br \/>\nLes m\u00e9thodes draconiennes de la SNCF pour cacher, avec acharnement, la r\u00e9alit\u00e9 de la gabegie qui r\u00e8gne sur ses lignes sont inadmissibles. Ce service PUBLIC, qui fonctionne (fonctionne ?) \u00e0 base d&rsquo;argent PUBLIC doit la transparence \u00e0 ses \u00ab\u00a0clients\u00a0\u00bb- usagers. Guillaume P\u00e9py et la Loi de l&rsquo;Opacit\u00e9 maximale, \u00e7a suffit !<\/p>\n","protected":false},"excerpt":{"rendered":"<p>Peu apr\u00e8s une attaque en r\u00e8gle de la SNCF contre les sites Internet associatifs untrainderetard.com et raildar.fr qui<\/p>\n","protected":false},"author":1,"featured_media":1938,"comment_status":"closed","ping_status":"open","sticky":false,"template":"","format":"standard","meta":{"footnotes":""},"categories":[3],"tags":[],"class_list":["post-315","post","type-post","status-publish","format-standard","has-post-thumbnail","hentry","category-en-train"],"_links":{"self":[{"href":"https:\/\/usagers-transports.haut-allier.eu\/index.php\/wp-json\/wp\/v2\/posts\/315","targetHints":{"allow":["GET"]}}],"collection":[{"href":"https:\/\/usagers-transports.haut-allier.eu\/index.php\/wp-json\/wp\/v2\/posts"}],"about":[{"href":"https:\/\/usagers-transports.haut-allier.eu\/index.php\/wp-json\/wp\/v2\/types\/post"}],"author":[{"embeddable":true,"href":"https:\/\/usagers-transports.haut-allier.eu\/index.php\/wp-json\/wp\/v2\/users\/1"}],"replies":[{"embeddable":true,"href":"https:\/\/usagers-transports.haut-allier.eu\/index.php\/wp-json\/wp\/v2\/comments?post=315"}],"version-history":[{"count":0,"href":"https:\/\/usagers-transports.haut-allier.eu\/index.php\/wp-json\/wp\/v2\/posts\/315\/revisions"}],"wp:featuredmedia":[{"embeddable":true,"href":"https:\/\/usagers-transports.haut-allier.eu\/index.php\/wp-json\/wp\/v2\/media\/1938"}],"wp:attachment":[{"href":"https:\/\/usagers-transports.haut-allier.eu\/index.php\/wp-json\/wp\/v2\/media?parent=315"}],"wp:term":[{"taxonomy":"category","embeddable":true,"href":"https:\/\/usagers-transports.haut-allier.eu\/index.php\/wp-json\/wp\/v2\/categories?post=315"},{"taxonomy":"post_tag","embeddable":true,"href":"https:\/\/usagers-transports.haut-allier.eu\/index.php\/wp-json\/wp\/v2\/tags?post=315"}],"curies":[{"name":"wp","href":"https:\/\/api.w.org\/{rel}","templated":true}]}}