{"id":317,"date":"2016-07-18T21:23:42","date_gmt":"2016-07-18T19:23:42","guid":{"rendered":"http:\/\/5.45.101.177\/haut-allier\/usagers-transportse\/index.php\/2016\/07\/18\/geste-la-sncf-accorde-35-sur-les317\/"},"modified":"2016-07-18T21:23:42","modified_gmt":"2016-07-18T19:23:42","slug":"geste-la-sncf-accorde-35-sur-les317","status":"publish","type":"post","link":"https:\/\/usagers-transports.haut-allier.eu\/index.php\/2016\/07\/18\/geste-la-sncf-accorde-35-sur-les317\/","title":{"rendered":"Geste : la SNCF accorde 35% sur les abonnements aux usagers victimes des gr\u00e8ves de juin"},"content":{"rendered":"<p>La SNCF fait un geste en direction des voyageurs p\u00e9nalis\u00e9s par les gr\u00e8ves des cheminots au mois de juin (23 jours !). Elle offre une r\u00e9duction de 35\u00a0% sur les abonnements mensuels \u00e0 compter d&rsquo;aujourd&rsquo;hui et jusqu&rsquo;au 31 octobre. Apparemment uniquement pour les voyageurs du Languedoc Roussillon \u00e0 la demande de nos amis de l&rsquo;Association des Usagers du Gard et des d\u00e9partements limitrophes qui a \u00e9labor\u00e9 un tableau sur les modalit\u00e9s d&rsquo;indemnisation :<br \/>\n&nbsp;<br \/>\n<a href=\"http:\/\/5.45.101.177\/haut-allier\/usagers-transportse\/wp-content\/uploads\/2016\/07\/2016-07-12-Modalites-indemnisation.pdf\">2016-07-12-Modalites-indemnisation.pdf<\/a><br \/>\n&nbsp;<br \/>\nLes usagers des autres r\u00e9gions b\u00e9n\u00e9ficieraient de 20% de r\u00e9duction. En Bourgogne France Comt\u00e9 c&rsquo;est 25% et \u00e0 Paris c&rsquo;est 20 euros rembours\u00e9s sur le pass Navigo.<br \/>\n&nbsp;<br \/>\nEn Languedoc Roussillon la remise sera appliqu\u00e9e au moment de l\u2019achat d\u2019un nouvel abonnement mensuel. Plus d\u2019infos aupr\u00e8s des agents  de la SNCF dans les gares ou par t\u00e9l\u00e9phone 0800.88.60.91, l\u2019appel est gratuit.<\/p>\n","protected":false},"excerpt":{"rendered":"<p>La SNCF fait un geste en direction des voyageurs p\u00e9nalis\u00e9s par les gr\u00e8ves des cheminots au mois de<\/p>\n","protected":false},"author":1,"featured_media":1942,"comment_status":"closed","ping_status":"open","sticky":false,"template":"","format":"standard","meta":{"footnotes":""},"categories":[3],"tags":[],"class_list":["post-317","post","type-post","status-publish","format-standard","has-post-thumbnail","hentry","category-en-train"],"_links":{"self":[{"href":"https:\/\/usagers-transports.haut-allier.eu\/index.php\/wp-json\/wp\/v2\/posts\/317","targetHints":{"allow":["GET"]}}],"collection":[{"href":"https:\/\/usagers-transports.haut-allier.eu\/index.php\/wp-json\/wp\/v2\/posts"}],"about":[{"href":"https:\/\/usagers-transports.haut-allier.eu\/index.php\/wp-json\/wp\/v2\/types\/post"}],"author":[{"embeddable":true,"href":"https:\/\/usagers-transports.haut-allier.eu\/index.php\/wp-json\/wp\/v2\/users\/1"}],"replies":[{"embeddable":true,"href":"https:\/\/usagers-transports.haut-allier.eu\/index.php\/wp-json\/wp\/v2\/comments?post=317"}],"version-history":[{"count":0,"href":"https:\/\/usagers-transports.haut-allier.eu\/index.php\/wp-json\/wp\/v2\/posts\/317\/revisions"}],"wp:featuredmedia":[{"embeddable":true,"href":"https:\/\/usagers-transports.haut-allier.eu\/index.php\/wp-json\/wp\/v2\/media\/1942"}],"wp:attachment":[{"href":"https:\/\/usagers-transports.haut-allier.eu\/index.php\/wp-json\/wp\/v2\/media?parent=317"}],"wp:term":[{"taxonomy":"category","embeddable":true,"href":"https:\/\/usagers-transports.haut-allier.eu\/index.php\/wp-json\/wp\/v2\/categories?post=317"},{"taxonomy":"post_tag","embeddable":true,"href":"https:\/\/usagers-transports.haut-allier.eu\/index.php\/wp-json\/wp\/v2\/tags?post=317"}],"curies":[{"name":"wp","href":"https:\/\/api.w.org\/{rel}","templated":true}]}}