{"id":318,"date":"2016-07-21T17:03:00","date_gmt":"2016-07-21T15:03:00","guid":{"rendered":"http:\/\/5.45.101.177\/haut-allier\/usagers-transportse\/index.php\/2016\/07\/21\/ligne-du-train-cevenol-wauquiez318\/"},"modified":"2026-09-01T15:53:57","modified_gmt":"2026-09-01T13:53:57","slug":"ligne-du-train-cevenol-wauquiez318","status":"publish","type":"post","link":"https:\/\/usagers-transports.haut-allier.eu\/index.php\/2016\/07\/21\/ligne-du-train-cevenol-wauquiez318\/","title":{"rendered":"Ligne du train C\u00e9venol : Wauquiez soul\u00e8ve une paupi\u00e8re"},"content":{"rendered":"Le pr\u00e9sident de la r\u00e9gion Auvergne Rh\u00f4ne Alpes, en charge de l&rsquo;organisation des trains r\u00e9gionaux TER, se r\u00e9veille un tantinet. Enfin, si peu&#8230;\n&nbsp;\nA une question du d\u00e9put\u00e9 de Loz\u00e8re Pierre Morel \u00e0 l&rsquo;Huissier concernant la d\u00e9gradation des liaisons Clermont Ferrand N\u00eemes en ce d\u00e9but d&rsquo;ann\u00e9e 2016, LW a daign\u00e9 lui r\u00e9pondre le 20 juin dernier, il y a un mois.\n&nbsp;\nVoici sa lettre qui n&rsquo;apporte pas d&rsquo;\u00e9clairage vraiment nouveau, mais qui en dit long sur ce qu&rsquo;envisage de faire la r\u00e9gion ARA sur la partie ferroviaire soeur Clermont B\u00e9ziers, la ligne de l&rsquo;Aubrac :  <em>\u00ab\u00a0Comme vous j&rsquo;ai conscience des d\u00e9sagr\u00e9ments et des risques de circulation en autocar dans ce secteur&#8230;\u00a0\u00bb<\/em>, autrement dit dans celui de la vall\u00e9e du Haut-Allier et des C\u00e9vennes, pour bien le diff\u00e9rencier de celle de l&rsquo;Aubrac qui \u00ab\u00a0b\u00e9n\u00e9ficie\u00a0\u00bb de la concurrence directe d&rsquo;une autoroute A75 sur laquelle il ne verra sans doute l\u00e0 aucun probl\u00e8me pour voir des autobus de substitution y circuler. C&rsquo;est ce que notre esprit, tordu, peut en conclure.  \n&nbsp;\n<a href=\"http:\/\/5.45.101.177\/haut-allier\/usagers-transportse\/wp-content\/uploads\/2016\/07\/Reponse-LaurentWAUQUIEZ2016-06-20.pdf\">Reponse-LaurentWAUQUIEZ2016-06-20.pdf<\/a>\n&nbsp;\nQuant au vice-pr\u00e9sident charg\u00e9 des transports Patrick Mignola. Pas de nouvelles sur le sujet depuis maintenant 7 mois. Mais sans doute l&rsquo;expression du chef r\u00e9pondant \u00e0 un d\u00e9put\u00e9 du m\u00eame bord politique prime-t-elle sur la sienne.<p>&nbsp;<\/p>\n\n\t<figure class=\"wp-block-gallery columns-1 is-cropped wp-block-gallery-1 is-layout-flex wp-block-gallery-is-layout-flex\">\n\t\t<ul class=\"blocks-gallery-grid\">\n\t\t\t<li class=\"blocks-gallery-item\">\n\t\t\t\t<figure>\n\t\t\t\t\t\t\t\t\t\t\t<img loading=\"lazy\" decoding=\"async\" width=\"615\" height=\"976\" src=\"http:\/\/5.45.101.177\/haut-allier\/usagers-transportse\/wp-content\/uploads\/2016\/07\/Reponse-LaurentWAUQUIEZ2016-06-20.jpg\"\n\t\t\t\t\t\t alt=\"Reponse-LaurentWAUQUIEZ2016-06-20.jpg\"\n\t\t\t\t\t\t data-id=\"1946\"\n\t\t\t\t\t\t data-full-url=\"http:\/\/5.45.101.177\/haut-allier\/usagers-transportse\/wp-content\/uploads\/2016\/07\/Reponse-LaurentWAUQUIEZ2016-06-20.jpg\"\n\t\t\t\t\t\t data-link=\"http:\/\/5.45.101.177\/haut-allier\/usagers-transportse\/attachment-reponse-laurentwauquiez2016-06-20-jpg\/\"\n\t\t\t\t\t\t class=\"wp-image-1946\" srcset=\"https:\/\/usagers-transports.haut-allier.eu\/wp-content\/uploads\/2016\/07\/Reponse-LaurentWAUQUIEZ2016-06-20.jpg 615w, https:\/\/usagers-transports.haut-allier.eu\/wp-content\/uploads\/2016\/07\/Reponse-LaurentWAUQUIEZ2016-06-20-189x300.jpg 189w\" sizes=\"auto, (max-width: 615px) 100vw, 615px\" \/>\n\t\t\t\t<\/figure>\n\t\t\t<\/li>\n\t\t<\/ul>\n\t<\/figure>\n","protected":false},"excerpt":{"rendered":"<p>Le pr\u00e9sident de la r\u00e9gion Auvergne Rh\u00f4ne Alpes, en charge de l&rsquo;organisation des trains r\u00e9gionaux TER, se r\u00e9veille<\/p>\n","protected":false},"author":1,"featured_media":1944,"comment_status":"closed","ping_status":"open","sticky":false,"template":"","format":"standard","meta":{"footnotes":""},"categories":[3],"tags":[],"class_list":["post-318","post","type-post","status-publish","format-standard","has-post-thumbnail","hentry","category-en-train"],"_links":{"self":[{"href":"https:\/\/usagers-transports.haut-allier.eu\/index.php\/wp-json\/wp\/v2\/posts\/318","targetHints":{"allow":["GET"]}}],"collection":[{"href":"https:\/\/usagers-transports.haut-allier.eu\/index.php\/wp-json\/wp\/v2\/posts"}],"about":[{"href":"https:\/\/usagers-transports.haut-allier.eu\/index.php\/wp-json\/wp\/v2\/types\/post"}],"author":[{"embeddable":true,"href":"https:\/\/usagers-transports.haut-allier.eu\/index.php\/wp-json\/wp\/v2\/users\/1"}],"replies":[{"embeddable":true,"href":"https:\/\/usagers-transports.haut-allier.eu\/index.php\/wp-json\/wp\/v2\/comments?post=318"}],"version-history":[{"count":1,"href":"https:\/\/usagers-transports.haut-allier.eu\/index.php\/wp-json\/wp\/v2\/posts\/318\/revisions"}],"predecessor-version":[{"id":1947,"href":"https:\/\/usagers-transports.haut-allier.eu\/index.php\/wp-json\/wp\/v2\/posts\/318\/revisions\/1947"}],"wp:featuredmedia":[{"embeddable":true,"href":"https:\/\/usagers-transports.haut-allier.eu\/index.php\/wp-json\/wp\/v2\/media\/1944"}],"wp:attachment":[{"href":"https:\/\/usagers-transports.haut-allier.eu\/index.php\/wp-json\/wp\/v2\/media?parent=318"}],"wp:term":[{"taxonomy":"category","embeddable":true,"href":"https:\/\/usagers-transports.haut-allier.eu\/index.php\/wp-json\/wp\/v2\/categories?post=318"},{"taxonomy":"post_tag","embeddable":true,"href":"https:\/\/usagers-transports.haut-allier.eu\/index.php\/wp-json\/wp\/v2\/tags?post=318"}],"curies":[{"name":"wp","href":"https:\/\/api.w.org\/{rel}","templated":true}]}}