{"id":32,"date":"2012-12-16T20:15:04","date_gmt":"2012-12-16T19:15:04","guid":{"rendered":"http:\/\/5.45.101.177\/haut-allier\/usagers-transportse\/index.php\/2012\/12\/16\/temoignages-sur-le-train032\/"},"modified":"2012-12-16T20:15:04","modified_gmt":"2012-12-16T19:15:04","slug":"temoignages-sur-le-train032","status":"publish","type":"post","link":"https:\/\/usagers-transports.haut-allier.eu\/index.php\/2012\/12\/16\/temoignages-sur-le-train032\/","title":{"rendered":"T\u00e9moignages sur le train"},"content":{"rendered":"<p><strong>Vous avez assist\u00e9 \u00e0 un incident ou \u00e0 un \u00e9v\u00e8nement anormal, votre train a subi une panne ou un retard important ; vous pouvez nous laisser votre t\u00e9moignage. Nous avons besoin de vos retours d&rsquo;exp\u00e9rience. Cliquez ci-dessous sur R\u00e9pondre et pr\u00e9cisez bien la ligne concern\u00e9e ainsi que la date de l&rsquo;incident.<\/strong><\/p>\n","protected":false},"excerpt":{"rendered":"<p>Vous avez assist\u00e9 \u00e0 un incident ou \u00e0 un \u00e9v\u00e8nement anormal, votre train a subi une panne ou<\/p>\n","protected":false},"author":1,"featured_media":0,"comment_status":"closed","ping_status":"open","sticky":false,"template":"","format":"standard","meta":{"footnotes":""},"categories":[3],"tags":[],"class_list":["post-32","post","type-post","status-publish","format-standard","hentry","category-en-train"],"_links":{"self":[{"href":"https:\/\/usagers-transports.haut-allier.eu\/index.php\/wp-json\/wp\/v2\/posts\/32","targetHints":{"allow":["GET"]}}],"collection":[{"href":"https:\/\/usagers-transports.haut-allier.eu\/index.php\/wp-json\/wp\/v2\/posts"}],"about":[{"href":"https:\/\/usagers-transports.haut-allier.eu\/index.php\/wp-json\/wp\/v2\/types\/post"}],"author":[{"embeddable":true,"href":"https:\/\/usagers-transports.haut-allier.eu\/index.php\/wp-json\/wp\/v2\/users\/1"}],"replies":[{"embeddable":true,"href":"https:\/\/usagers-transports.haut-allier.eu\/index.php\/wp-json\/wp\/v2\/comments?post=32"}],"version-history":[{"count":0,"href":"https:\/\/usagers-transports.haut-allier.eu\/index.php\/wp-json\/wp\/v2\/posts\/32\/revisions"}],"wp:attachment":[{"href":"https:\/\/usagers-transports.haut-allier.eu\/index.php\/wp-json\/wp\/v2\/media?parent=32"}],"wp:term":[{"taxonomy":"category","embeddable":true,"href":"https:\/\/usagers-transports.haut-allier.eu\/index.php\/wp-json\/wp\/v2\/categories?post=32"},{"taxonomy":"post_tag","embeddable":true,"href":"https:\/\/usagers-transports.haut-allier.eu\/index.php\/wp-json\/wp\/v2\/tags?post=32"}],"curies":[{"name":"wp","href":"https:\/\/api.w.org\/{rel}","templated":true}]}}