{"id":320,"date":"2016-07-22T20:12:14","date_gmt":"2016-07-22T18:12:14","guid":{"rendered":"http:\/\/5.45.101.177\/haut-allier\/usagers-transportse\/index.php\/2016\/07\/22\/train-aubrac-la-sncf-suspend-la320\/"},"modified":"2016-07-22T20:12:14","modified_gmt":"2016-07-22T18:12:14","slug":"train-aubrac-la-sncf-suspend-la320","status":"publish","type":"post","link":"https:\/\/usagers-transports.haut-allier.eu\/index.php\/2016\/07\/22\/train-aubrac-la-sncf-suspend-la320\/","title":{"rendered":"Train Aubrac : la SNCF suspend la ligne un mois en plein \u00e9t\u00e9 !"},"content":{"rendered":"<p>En voil\u00e0 une id\u00e9e de la SNCF quelle est bonne : <\/p>\n<p><strong> <em>\u00ab\u00a0Le trafic ferroviaire sera interrompu sur la ligne B\u00e9ziers \u2013 Clermont-Ferrand, entre le 25 juillet et le 19 ao\u00fbt 2016.<br \/>\n&nbsp;<br \/>\nDes travaux importants seront r\u00e9alis\u00e9s durant ces 4 semaines en diff\u00e9rents endroits de la ligne.<br \/>\n&nbsp;<br \/>\nDes autocars de substitution sont mis en place pendant la dur\u00e9e des travaux.\u00a0\u00bb<\/em> <\/strong><br \/>\n&nbsp;<\/p>\n<p><strong>Des travaux&#8230; quels travaux ? de d\u00e9mant\u00e8lement ? de des\u00e9lectrification ?<\/strong><br \/>\n&nbsp;<br \/>\nOn serait tent\u00e9 de le penser au vu des d\u00e9clarations successives des ministres, sous-ministres ainsi qu&rsquo;\u00e0 la constatation du soutien INEXISTANT ou INAUDIBLE des \u00e9lus des villes et agglom\u00e9rations concern\u00e9es par le trajet (B\u00e9ziers, B\u00e9darieux, Millau, Marvejols, Aumont Aubrac, Saint-Ch\u00e9ly, Saint-Flour, Issoire et Clermont-Ferrand).<br \/>\n&nbsp;<br \/>\nMais non, il s&rsquo;agit bien selon la SNCF de travaux sur 8 ouvrages d&rsquo;art, de s\u00e9curisation de parois rocheuses dans le secteur de Saint-Rome de Cernon \/ Tournemire Roquefort ainsi que des travaux d&rsquo;entretien de la voie et de ses abords, de la pose de casiers remplis de pierres, de la mise en place de gardes corps, et de la cr\u00e9ation et entretien d&rsquo;ouvrages hydrauliques.<br \/>\n&nbsp;<br \/>\nOuf !  Et la SNCF pr\u00e9cise que 50 agents sont mobilis\u00e9s ainsi que des entreprises ext\u00e9rieures.<br \/>\n&nbsp;<br \/>\n<strong>Voici la fiche horaire pendant les travaux :<\/strong><br \/>\n&nbsp;<br \/>\n<a href=\"http:\/\/5.45.101.177\/haut-allier\/usagers-transportse\/wp-content\/uploads\/2016\/07\/Fiche_horaire_Beziers_Clermont_du_25_juil_au_19_aout.pdf\">Fiche_horaire_Beziers_Clermont_du_25_juil_au_19_aout.pdf<\/a><\/p>\n","protected":false},"excerpt":{"rendered":"<p>En voil\u00e0 une id\u00e9e de la SNCF quelle est bonne : \u00ab\u00a0Le trafic ferroviaire sera interrompu sur la<\/p>\n","protected":false},"author":1,"featured_media":1951,"comment_status":"closed","ping_status":"open","sticky":false,"template":"","format":"standard","meta":{"footnotes":""},"categories":[3],"tags":[],"class_list":["post-320","post","type-post","status-publish","format-standard","has-post-thumbnail","hentry","category-en-train"],"_links":{"self":[{"href":"https:\/\/usagers-transports.haut-allier.eu\/index.php\/wp-json\/wp\/v2\/posts\/320","targetHints":{"allow":["GET"]}}],"collection":[{"href":"https:\/\/usagers-transports.haut-allier.eu\/index.php\/wp-json\/wp\/v2\/posts"}],"about":[{"href":"https:\/\/usagers-transports.haut-allier.eu\/index.php\/wp-json\/wp\/v2\/types\/post"}],"author":[{"embeddable":true,"href":"https:\/\/usagers-transports.haut-allier.eu\/index.php\/wp-json\/wp\/v2\/users\/1"}],"replies":[{"embeddable":true,"href":"https:\/\/usagers-transports.haut-allier.eu\/index.php\/wp-json\/wp\/v2\/comments?post=320"}],"version-history":[{"count":0,"href":"https:\/\/usagers-transports.haut-allier.eu\/index.php\/wp-json\/wp\/v2\/posts\/320\/revisions"}],"wp:featuredmedia":[{"embeddable":true,"href":"https:\/\/usagers-transports.haut-allier.eu\/index.php\/wp-json\/wp\/v2\/media\/1951"}],"wp:attachment":[{"href":"https:\/\/usagers-transports.haut-allier.eu\/index.php\/wp-json\/wp\/v2\/media?parent=320"}],"wp:term":[{"taxonomy":"category","embeddable":true,"href":"https:\/\/usagers-transports.haut-allier.eu\/index.php\/wp-json\/wp\/v2\/categories?post=320"},{"taxonomy":"post_tag","embeddable":true,"href":"https:\/\/usagers-transports.haut-allier.eu\/index.php\/wp-json\/wp\/v2\/tags?post=320"}],"curies":[{"name":"wp","href":"https:\/\/api.w.org\/{rel}","templated":true}]}}