{"id":321,"date":"2016-07-28T06:09:00","date_gmt":"2016-07-28T04:09:00","guid":{"rendered":"http:\/\/5.45.101.177\/haut-allier\/usagers-transportse\/index.php\/2016\/07\/28\/ligne-du-cevenol-aucun-train-dans321\/"},"modified":"2026-09-01T15:53:58","modified_gmt":"2026-09-01T13:53:58","slug":"ligne-du-cevenol-aucun-train-dans321","status":"publish","type":"post","link":"https:\/\/usagers-transports.haut-allier.eu\/index.php\/2016\/07\/28\/ligne-du-cevenol-aucun-train-dans321\/","title":{"rendered":"Ligne du C\u00e9venol : aucun train dans le haut Allier du 1er au 12 ao\u00fbt 2016 [MAJ : le C\u00e9venol s&rsquo;y arr\u00eatera]"},"content":{"rendered":"<strong>[MAJ du 28 juillet]<\/strong>\nEn fait la SNCF vient de pr\u00e9voir l&rsquo;arr\u00eat de l&rsquo;Intercit\u00e9s \u00e0 Chapeauroux et Alleyras dans les deux sens. Ce qui n&rsquo;est pas signal\u00e9 sur les fiches horaires !\n&nbsp;\nPour r\u00e9sumer, du 1er au 11 ao\u00fbt le train s&rsquo;arr\u00eatera :\n&nbsp;\n\n<table>\n<tbody>\n<tr class='row_even'>\n<td>N\u00eemes<\/td>\n<td>14:13<\/td>\n<td>Clermont-Ferrand<\/td>\n<td>12:36<\/td><\/tr>\n<tr class='row_odd'>\n<td>Chapeauroux<\/td>\n<td><strong>16:43<\/strong><\/td>\n<td>Monistrol d&rsquo;Allier<\/td>\n<td><strong>14:45<\/strong><\/td><\/tr>\n<tr class='row_even'>\n<td>Alleyras<\/td>\n<td><strong>17:05<\/strong><\/td>\n<td>Alleyras<\/td>\n<td><strong>15:00<\/strong><\/td><\/tr>\n<tr class='row_odd'>\n<td>Monistrol d&rsquo;Allier<\/td>\n<td><strong>17:21<\/strong><\/td>\n<td>Chapeauroux<\/td>\n<td><strong>15:21<\/strong><\/td><\/tr>\n<tr class='row_even'>\n<td>Clermont-Ferrand<\/td>\n<td>19:22<\/td>\n<td>N\u00eemes<\/td>\n<td>17:58<\/td><\/tr>\n<\/tbody>\n<\/table>\n\n\n\n\n&nbsp;\n<strong>Notons que les trajets apparaissent bien sur le site TER Auvergne ou Languedoc Roussillon ET sur le site Voyages SNCF, mais ce dernier occulte maintenant les trajets en TER + navette&#8230;<\/strong>\n&nbsp;\n\n&nbsp;\n<strong>[Article du 24 juillet]<\/strong>\nNouvelle preuve que la SNCF fait tout son possible pour d\u00e9tourner les quelques voyageurs de la ligne Clermont Ferrand N\u00eemes : elle vient d&rsquo;annoncer des travaux qui coupent toute circulation entre Labastide Saint-Laurent les Bains et Clermont en pleine saison, du 1er au 12 ao\u00fbt !\n&nbsp;\n<strong>Ajoutons une nouvelle entourloupe de la SNCF : sur le site d&rsquo;achat de billets Voyages-SNCF si vous demandez un voyage N\u00eemes Clermont pour un jour de cette p\u00e9riode seul vous est propos\u00e9 le trajet par le TER du matin \u00e0 8h12. Le train Le C\u00e9venol \u00e0 12h18 est occult\u00e9 et donc emp\u00eache tout achat alors que le trajet est bien propos\u00e9 sur le <strong>site TER Auvergne<\/strong> ! T\u00e9moin ces captures d&rsquo;\u00e9cran demandant un N\u00eemes Clermont pour le jeudi 4 ao\u00fbt.<\/strong> \n&nbsp;\n<img loading=\"lazy\" decoding=\"async\" class=\" aligncenter size-full wp-image-1954\" src=\"http:\/\/5.45.101.177\/haut-allier\/usagers-transportse\/wp-content\/uploads\/2016\/07\/captSelectionnezvotrealler.png\" alt=\"captSelectionnezvotrealler.png\" align=\"center\" width=\"982\" height=\"325\" srcset=\"https:\/\/usagers-transports.haut-allier.eu\/wp-content\/uploads\/2016\/07\/captSelectionnezvotrealler.png 982w, https:\/\/usagers-transports.haut-allier.eu\/wp-content\/uploads\/2016\/07\/captSelectionnezvotrealler-300x99.png 300w, https:\/\/usagers-transports.haut-allier.eu\/wp-content\/uploads\/2016\/07\/captSelectionnezvotrealler-768x254.png 768w\" sizes=\"auto, (max-width: 982px) 100vw, 982px\" \/>\n&nbsp;\n<em>Et sur le site TER Auvergne :<\/em>\n<img loading=\"lazy\" decoding=\"async\" class=\" aligncenter size-full wp-image-1955\" src=\"http:\/\/5.45.101.177\/haut-allier\/usagers-transportse\/wp-content\/uploads\/2016\/07\/ccRechercherunitineraire.png\" alt=\"ccRechercherunitineraire.png\" align=\"center\" width=\"673\" height=\"337\" srcset=\"https:\/\/usagers-transports.haut-allier.eu\/wp-content\/uploads\/2016\/07\/ccRechercherunitineraire.png 673w, https:\/\/usagers-transports.haut-allier.eu\/wp-content\/uploads\/2016\/07\/ccRechercherunitineraire-300x150.png 300w\" sizes=\"auto, (max-width: 673px) 100vw, 673px\" \/>\n&nbsp;\nUn bus de substitution est propos\u00e9 sur tout le parcours du haut Allier et chose nouvelle, <strong>une navette (bus) permet de desservir nos gares<\/strong> de Chapeauroux, Alleyras et Monistrol.\n&nbsp;\nAlors&#8230; d\u00e9but ao\u00fbt : bon courage et n&rsquo;oubliez vos <a href=\"http:\/\/usagers-transports.haut-allier.eu\/?succes-pour-les-rassemblements-de,297\"><strong>VomiBag<\/strong><\/a> !\n&nbsp;\n<a href=\"http:\/\/5.45.101.177\/haut-allier\/usagers-transportse\/wp-content\/uploads\/2016\/07\/Affiche_CLE_-_NI_du_01_au_12-08_V06-07_tcm52-47593_tcm52-91681.pdf\">Affiche_CLE_-_NI_du_01_au_12-08_V06-07_tcm52-47593_tcm52-91681.pdf<\/a>\n&nbsp;<p>&nbsp;<\/p>\n\n\t<figure class=\"wp-block-gallery columns-1 is-cropped wp-block-gallery-1 is-layout-flex wp-block-gallery-is-layout-flex\">\n\t\t<ul class=\"blocks-gallery-grid\">\n\t\t\t<li class=\"blocks-gallery-item\">\n\t\t\t\t<figure>\n\t\t\t\t\t\t\t\t\t\t\t<img loading=\"lazy\" decoding=\"async\" width=\"694\" height=\"982\" src=\"http:\/\/5.45.101.177\/haut-allier\/usagers-transportse\/wp-content\/uploads\/2016\/07\/Affiche_CLE_-_NI_du_01_au_12-08_V06-07_tcm52-47593_tcm52-91681.jpg\"\n\t\t\t\t\t\t alt=\"Affiche_CLE_-_NI_du_01_au_12-08_V06-07_tcm52-47593_tcm52-91681.jpg\"\n\t\t\t\t\t\t data-id=\"1957\"\n\t\t\t\t\t\t data-full-url=\"http:\/\/5.45.101.177\/haut-allier\/usagers-transportse\/wp-content\/uploads\/2016\/07\/Affiche_CLE_-_NI_du_01_au_12-08_V06-07_tcm52-47593_tcm52-91681.jpg\"\n\t\t\t\t\t\t data-link=\"http:\/\/5.45.101.177\/haut-allier\/usagers-transportse\/attachment-affiche_cle_-_ni_du_01_au_12-08_v06-07_tcm52-47593_tcm52-91681-jpg\/\"\n\t\t\t\t\t\t class=\"wp-image-1957\" srcset=\"https:\/\/usagers-transports.haut-allier.eu\/wp-content\/uploads\/2016\/07\/Affiche_CLE_-_NI_du_01_au_12-08_V06-07_tcm52-47593_tcm52-91681.jpg 694w, https:\/\/usagers-transports.haut-allier.eu\/wp-content\/uploads\/2016\/07\/Affiche_CLE_-_NI_du_01_au_12-08_V06-07_tcm52-47593_tcm52-91681-212x300.jpg 212w\" sizes=\"auto, (max-width: 694px) 100vw, 694px\" \/>\n\t\t\t\t<\/figure>\n\t\t\t<\/li>\n\t\t<\/ul>\n\t<\/figure>\n","protected":false},"excerpt":{"rendered":"<p>[MAJ du 28 juillet] En fait la SNCF vient de pr\u00e9voir l&rsquo;arr\u00eat de l&rsquo;Intercit\u00e9s \u00e0 Chapeauroux et Alleyras<\/p>\n","protected":false},"author":1,"featured_media":1953,"comment_status":"closed","ping_status":"open","sticky":false,"template":"","format":"standard","meta":{"footnotes":""},"categories":[3],"tags":[],"class_list":["post-321","post","type-post","status-publish","format-standard","has-post-thumbnail","hentry","category-en-train"],"_links":{"self":[{"href":"https:\/\/usagers-transports.haut-allier.eu\/index.php\/wp-json\/wp\/v2\/posts\/321","targetHints":{"allow":["GET"]}}],"collection":[{"href":"https:\/\/usagers-transports.haut-allier.eu\/index.php\/wp-json\/wp\/v2\/posts"}],"about":[{"href":"https:\/\/usagers-transports.haut-allier.eu\/index.php\/wp-json\/wp\/v2\/types\/post"}],"author":[{"embeddable":true,"href":"https:\/\/usagers-transports.haut-allier.eu\/index.php\/wp-json\/wp\/v2\/users\/1"}],"replies":[{"embeddable":true,"href":"https:\/\/usagers-transports.haut-allier.eu\/index.php\/wp-json\/wp\/v2\/comments?post=321"}],"version-history":[{"count":1,"href":"https:\/\/usagers-transports.haut-allier.eu\/index.php\/wp-json\/wp\/v2\/posts\/321\/revisions"}],"predecessor-version":[{"id":1958,"href":"https:\/\/usagers-transports.haut-allier.eu\/index.php\/wp-json\/wp\/v2\/posts\/321\/revisions\/1958"}],"wp:featuredmedia":[{"embeddable":true,"href":"https:\/\/usagers-transports.haut-allier.eu\/index.php\/wp-json\/wp\/v2\/media\/1953"}],"wp:attachment":[{"href":"https:\/\/usagers-transports.haut-allier.eu\/index.php\/wp-json\/wp\/v2\/media?parent=321"}],"wp:term":[{"taxonomy":"category","embeddable":true,"href":"https:\/\/usagers-transports.haut-allier.eu\/index.php\/wp-json\/wp\/v2\/categories?post=321"},{"taxonomy":"post_tag","embeddable":true,"href":"https:\/\/usagers-transports.haut-allier.eu\/index.php\/wp-json\/wp\/v2\/tags?post=321"}],"curies":[{"name":"wp","href":"https:\/\/api.w.org\/{rel}","templated":true}]}}