{"id":323,"date":"2016-07-28T07:55:18","date_gmt":"2016-07-28T05:55:18","guid":{"rendered":"http:\/\/5.45.101.177\/haut-allier\/usagers-transportse\/index.php\/2016\/07\/28\/le-gouvernement-annonce-qu-il-ne323\/"},"modified":"2016-07-28T07:55:18","modified_gmt":"2016-07-28T05:55:18","slug":"le-gouvernement-annonce-qu-il-ne323","status":"publish","type":"post","link":"https:\/\/usagers-transports.haut-allier.eu\/index.php\/2016\/07\/28\/le-gouvernement-annonce-qu-il-ne323\/","title":{"rendered":"Le gouvernement annonce qu&rsquo;il ne financera plus les trains TET C\u00e9venol et Aubrac !"},"content":{"rendered":"<p><strong>Selon le Midi Libre du 27 juillet, le gouvernement a annonc\u00e9, \u00e9videmment en plein \u00e9t\u00e9, qu&rsquo;il ne financerait plus la ligne ferroviaire Aubrac et il ne fait plus partie ainsi que le C\u00e9venol de la convention d&rsquo;\u00e9quilibre du territoire.<\/strong><br \/>\n&nbsp;<br \/>\nC&rsquo;est l&rsquo;information qu&rsquo;a donn\u00e9 Fr\u00e9d\u00e9ric Laur, d\u00e9l\u00e9gu\u00e9 CGT cheminot de l&rsquo;Aveyron et de la Loz\u00e8re. En clair, \u00ab\u00a0d&rsquo;ici \u00e0 octobre 2016, l&rsquo;\u00c9tat esp\u00e8re refiler le b\u00e9b\u00e9 aux r\u00e9gions\u00a0\u00bb. Donc si la r\u00e9gion ne le reprend pas, le train B\u00e9ziers-Saint-Ch\u00e9ly-d&rsquo;Apcher dispara\u00eetra et \u00e0 terme, avec lui, la gare de Millau.<br \/>\n&nbsp;<br \/>\nDans un communiqu\u00e9 interne \u00e0 la SNCF, le secr\u00e9taire d&rsquo;\u00c9tat aux transports, Alain Vidalies, fait \u00ab\u00a0un point d&rsquo;\u00e9tape sur la mise en \u0153uvre de la feuille de route pour un nouvel avenir des \u201ctrains d&rsquo;\u00e9quilibre du territoire\u201d\u00a0\u00bb. Sauf que de ces trains, l&rsquo;Aubrac, qui relie Clermont-Ferrand \u00e0 B\u00e9ziers, et le C\u00e9venol, qui relie N\u00eemes \u00e0 Clermont, ont disparu.<br \/>\n&nbsp;<\/p>\n<p>[(<br \/>\n<strong> \u00ab\u00a0C&rsquo;est tout le Massif central qui devient un d\u00e9sert ferroviaire\u00a0\u00bb<\/strong><br \/>\n&nbsp;<br \/>\n\u00ab\u00a0Le 6 octobre, on a \u00e9t\u00e9 re\u00e7u au minist\u00e8re de S\u00e9gol\u00e8ne Royal pour demander le remplacement de 2 000 traverses sur la ligne. Ils nous ont dit \u201coui, oui\u201d, mais depuis, rien\u00a0\u00bb, continue Fr\u00e9d\u00e9ric Laur. Ce qui n&#8217;emp\u00eache pas la ligne d&rsquo;\u00eatre en travaux, cet \u00e9t\u00e9. \u00ab\u00a0Elle sera ferm\u00e9e un mois, ils font des travaux d&#8217;embellissement d&rsquo;ouvrages d&rsquo;art, ironise le cheminot. Mais le pire, c&rsquo;est que je pense que personne ne s&rsquo;en aper\u00e7oit plus.\u00a0\u00bbIl est vrai qu&rsquo;\u00e0 force d&rsquo;avoir d\u00e9mantel\u00e9 la ligne, ralenti les temps en gare, rendu absurdes les transferts de correspondance, plus personne ne prend ce train. D&rsquo;autant qu&rsquo;il ne figure plus sur les ordinateurs car il a trop de correspondances. Ses trajets ne sont donc m\u00eame plus propos\u00e9s.<br \/>\n&nbsp;<br \/>\n\u00ab\u00a0C&rsquo;est tout le Massif central qui devient un d\u00e9sert ferroviaire\u00a0\u00bb, explique le d\u00e9l\u00e9gu\u00e9 syndical. La SNCF parle d&rsquo;un d\u00e9ficit de 400 M\u20ac, mais rien n&rsquo;a \u00e9t\u00e9 fait pour rendre ces trains rentables. Pire, ils ont \u00e9t\u00e9 saucissonn\u00e9s. Ils ont rajout\u00e9 une heure de parcours, ne les vendent plus en machine et les travaux se font l&rsquo;\u00e9t\u00e9, avec un \u00e0 deux mois de fermeture. Il est clair que ces trains ne les int\u00e9ressent plus. On les fusille tranquillement.\u00a0\u00bb<br \/>\n350 passagers par jour dans les ann\u00e9es 1990<br \/>\n&nbsp;<br \/>\nDe fait, \u00e0 ses c\u00f4t\u00e9s, Yves Beral, membre du Comit\u00e9 pluraliste de d\u00e9fense et de promotion de la ligue B\u00e9ziers-Neussargues-Paris, se rappelle que dans les ann\u00e9es 1990, l&rsquo;Aubrac comprenait cinq voitures Corail, avec 350 passagers par jour. \u00ab\u00a0Aujourd&rsquo;hui, on ne le distingue m\u00eame plus d&rsquo;un simple TER. Ceux qui \u00e9taient avec nous il y a 5, 6 ans (le Parti socialiste, NDLR) finissent de nous achever.\u00a0\u00bb<br \/>\n&nbsp;<br \/>\nEt Fr\u00e9d\u00e9ric Laur de reprendre : \u00ab\u00a0Le r\u00f4le de l&rsquo;\u00c9tat, c&rsquo;est de nous relier \u00e0 la capitale. Le r\u00f4le de la R\u00e9gion, c&rsquo;est de nous relier \u00e0 la capitale r\u00e9gionale. L&rsquo;\u00e9quilibre du territoire, c&rsquo;est le r\u00f4le de l&rsquo;\u00e9tat. J&rsquo;ai 35 ans et je vois qu&rsquo;\u00e0 Millau on nous enl\u00e8ve tout. On nous dit que c&rsquo;est un luxe, pour nous, d&rsquo;avoir le train, que c&rsquo;est un luxe d&rsquo;avoir une maternit\u00e9. Mais ils vont mettre des sous sur le Paris-Clermont-Ferrand pour qu&rsquo;il aille plus vite. Et nous, on est des citoyens de seconde zone ? En tout cas, certainement pas des contribuables de seconde zone.\u00a0\u00bb<br \/>\n&nbsp;<br \/>\n<img loading=\"lazy\" decoding=\"async\" class=\" aligncenter size-full wp-image-1961\" src=\"http:\/\/5.45.101.177\/haut-allier\/usagers-transportse\/wp-content\/uploads\/2016\/07\/Et_si_Millau_n_entendait_plus_siffler_le_train.png\" alt=\"Et_si_Millau_n_entendait_plus_siffler_le_train.png\" align=\"center\" width=\"682\" height=\"2274\" srcset=\"https:\/\/usagers-transports.haut-allier.eu\/wp-content\/uploads\/2016\/07\/Et_si_Millau_n_entendait_plus_siffler_le_train.png 682w, https:\/\/usagers-transports.haut-allier.eu\/wp-content\/uploads\/2016\/07\/Et_si_Millau_n_entendait_plus_siffler_le_train-90x300.png 90w, https:\/\/usagers-transports.haut-allier.eu\/wp-content\/uploads\/2016\/07\/Et_si_Millau_n_entendait_plus_siffler_le_train-307x1024.png 307w, https:\/\/usagers-transports.haut-allier.eu\/wp-content\/uploads\/2016\/07\/Et_si_Millau_n_entendait_plus_siffler_le_train-461x1536.png 461w, https:\/\/usagers-transports.haut-allier.eu\/wp-content\/uploads\/2016\/07\/Et_si_Millau_n_entendait_plus_siffler_le_train-614x2048.png 614w\" sizes=\"auto, (max-width: 682px) 100vw, 682px\" \/><\/p>\n<p>)]<\/p>\n<p>&nbsp;<\/p>\n<p><strong>Autre \u00e9difiant article sur Midi Libre du 27 juillet : <\/strong> <a href=\"http:\/\/www.midilibre.fr\/2016\/07\/27\/trains-le-bras-de-fer-entre-l-etat-et-la-region,1372404.php\">Suppression de trois lignes de trains &#8211; le bras de fer entre l\u2019\u00c9tat et la R\u00e9gion.<\/a>  dans lequel on apprend que la r\u00e9gion Occitanie et les \u00e9cologistes aux transports sont bien seuls dans les n\u00e9gociations contre le gouvernement (du m\u00eame bord politique), la SNCF, et l&rsquo;\u00e9tat (aveugle).<br \/>\n&nbsp;<br \/>\n<img loading=\"lazy\" decoding=\"async\" class=\" aligncenter size-full wp-image-1962\" src=\"http:\/\/5.45.101.177\/haut-allier\/usagers-transportse\/wp-content\/uploads\/2016\/07\/trains_-_le_bras_de_fer_entre_l_etat_et_la_region_ml_.jpg\" alt=\"trains_-_le_bras_de_fer_entre_l_etat_et_la_region_ml_.jpg\" align=\"center\" width=\"666\" height=\"796\" srcset=\"https:\/\/usagers-transports.haut-allier.eu\/wp-content\/uploads\/2016\/07\/trains_-_le_bras_de_fer_entre_l_etat_et_la_region_ml_.jpg 666w, https:\/\/usagers-transports.haut-allier.eu\/wp-content\/uploads\/2016\/07\/trains_-_le_bras_de_fer_entre_l_etat_et_la_region_ml_-251x300.jpg 251w\" sizes=\"auto, (max-width: 666px) 100vw, 666px\" \/><br \/>\n&nbsp;<\/p>\n<p><strong>Encore un article dans la Marseillaise du 23 juillet : <\/strong><br \/>\n&nbsp;<br \/>\n<img loading=\"lazy\" decoding=\"async\" class=\" aligncenter size-full wp-image-1963\" src=\"http:\/\/5.45.101.177\/haut-allier\/usagers-transportse\/wp-content\/uploads\/2016\/07\/l_etat_abandonne_les_trains_d_equilibre_du_territoire_la_region_tres_impactee_la_marseillaise_.jpg\" alt=\"l_etat_abandonne_les_trains_d_equilibre_du_territoire_la_region_tres_impactee_la_marseillaise_.jpg\" align=\"center\" width=\"692\" height=\"1243\" srcset=\"https:\/\/usagers-transports.haut-allier.eu\/wp-content\/uploads\/2016\/07\/l_etat_abandonne_les_trains_d_equilibre_du_territoire_la_region_tres_impactee_la_marseillaise_.jpg 692w, https:\/\/usagers-transports.haut-allier.eu\/wp-content\/uploads\/2016\/07\/l_etat_abandonne_les_trains_d_equilibre_du_territoire_la_region_tres_impactee_la_marseillaise_-167x300.jpg 167w, https:\/\/usagers-transports.haut-allier.eu\/wp-content\/uploads\/2016\/07\/l_etat_abandonne_les_trains_d_equilibre_du_territoire_la_region_tres_impactee_la_marseillaise_-570x1024.jpg 570w\" sizes=\"auto, (max-width: 692px) 100vw, 692px\" \/><\/p>\n<p>&nbsp;<\/p>\n","protected":false},"excerpt":{"rendered":"<p>Selon le Midi Libre du 27 juillet, le gouvernement a annonc\u00e9, \u00e9videmment en plein \u00e9t\u00e9, qu&rsquo;il ne financerait<\/p>\n","protected":false},"author":1,"featured_media":1960,"comment_status":"closed","ping_status":"open","sticky":false,"template":"","format":"standard","meta":{"footnotes":""},"categories":[3],"tags":[],"class_list":["post-323","post","type-post","status-publish","format-standard","has-post-thumbnail","hentry","category-en-train"],"_links":{"self":[{"href":"https:\/\/usagers-transports.haut-allier.eu\/index.php\/wp-json\/wp\/v2\/posts\/323","targetHints":{"allow":["GET"]}}],"collection":[{"href":"https:\/\/usagers-transports.haut-allier.eu\/index.php\/wp-json\/wp\/v2\/posts"}],"about":[{"href":"https:\/\/usagers-transports.haut-allier.eu\/index.php\/wp-json\/wp\/v2\/types\/post"}],"author":[{"embeddable":true,"href":"https:\/\/usagers-transports.haut-allier.eu\/index.php\/wp-json\/wp\/v2\/users\/1"}],"replies":[{"embeddable":true,"href":"https:\/\/usagers-transports.haut-allier.eu\/index.php\/wp-json\/wp\/v2\/comments?post=323"}],"version-history":[{"count":0,"href":"https:\/\/usagers-transports.haut-allier.eu\/index.php\/wp-json\/wp\/v2\/posts\/323\/revisions"}],"wp:featuredmedia":[{"embeddable":true,"href":"https:\/\/usagers-transports.haut-allier.eu\/index.php\/wp-json\/wp\/v2\/media\/1960"}],"wp:attachment":[{"href":"https:\/\/usagers-transports.haut-allier.eu\/index.php\/wp-json\/wp\/v2\/media?parent=323"}],"wp:term":[{"taxonomy":"category","embeddable":true,"href":"https:\/\/usagers-transports.haut-allier.eu\/index.php\/wp-json\/wp\/v2\/categories?post=323"},{"taxonomy":"post_tag","embeddable":true,"href":"https:\/\/usagers-transports.haut-allier.eu\/index.php\/wp-json\/wp\/v2\/tags?post=323"}],"curies":[{"name":"wp","href":"https:\/\/api.w.org\/{rel}","templated":true}]}}