{"id":324,"date":"2016-08-02T10:52:54","date_gmt":"2016-08-02T08:52:54","guid":{"rendered":"http:\/\/5.45.101.177\/haut-allier\/usagers-transportse\/index.php\/2016\/08\/02\/les-elus-qui-laissent-tomber-le324\/"},"modified":"2016-08-02T10:52:54","modified_gmt":"2016-08-02T08:52:54","slug":"les-elus-qui-laissent-tomber-le324","status":"publish","type":"post","link":"https:\/\/usagers-transports.haut-allier.eu\/index.php\/2016\/08\/02\/les-elus-qui-laissent-tomber-le324\/","title":{"rendered":"Les \u00e9lus qui laissent tomber le train y auront droit : en C\u00e9vennes"},"content":{"rendered":"<p>Gros chahut pour le parlementaire William Dumas, d\u00e9put\u00e9 de la 5 \u00e8me circonscription du Gard, accus\u00e9 d&rsquo;inaction sur les dossiers sensibles des services publics dont les dessertes ferroviaires par nos amis du Comit\u00e9 de D\u00e9fense des services publics et des Usagers des Hautes C\u00e9vennes.<br \/>\n&nbsp;<br \/>\nMidi Libre du 23 juillet dernier relate la visite :<br \/>\n&nbsp;<br \/>\n<img loading=\"lazy\" decoding=\"async\" class=\" aligncenter size-full wp-image-1965\" src=\"http:\/\/5.45.101.177\/haut-allier\/usagers-transportse\/wp-content\/uploads\/2016\/08\/gros_chahut_pour_le_parlementaire_william_dumas_ml_.jpg\" alt=\"gros_chahut_pour_le_parlementaire_william_dumas_ml_.jpg\" align=\"center\" width=\"696\" height=\"357\" srcset=\"https:\/\/usagers-transports.haut-allier.eu\/wp-content\/uploads\/2016\/08\/gros_chahut_pour_le_parlementaire_william_dumas_ml_.jpg 696w, https:\/\/usagers-transports.haut-allier.eu\/wp-content\/uploads\/2016\/08\/gros_chahut_pour_le_parlementaire_william_dumas_ml_-300x154.jpg 300w\" sizes=\"auto, (max-width: 696px) 100vw, 696px\" \/><br \/>\n&nbsp;<br \/>\n<strong>C&rsquo;est ce qui pend au nez des \u00e9lus qui ne font pas leur boulot et ils sont nombreux sur la ligne des C\u00e9vennes \u00e0 commencer par ceux des grandes villes et agglom\u00e9rations. Voir notre <a href=\"http:\/\/usagers-transports.haut-allier.eu\/?ligne-du-train-cevenol-les-usagers,316\">r\u00e9cente lettre ouverte<\/a> aux \u00e9lus.<\/strong><\/p>\n","protected":false},"excerpt":{"rendered":"<p>Gros chahut pour le parlementaire William Dumas, d\u00e9put\u00e9 de la 5 \u00e8me circonscription du Gard, accus\u00e9 d&rsquo;inaction sur<\/p>\n","protected":false},"author":1,"featured_media":1964,"comment_status":"closed","ping_status":"open","sticky":false,"template":"","format":"standard","meta":{"footnotes":""},"categories":[3],"tags":[],"class_list":["post-324","post","type-post","status-publish","format-standard","has-post-thumbnail","hentry","category-en-train"],"_links":{"self":[{"href":"https:\/\/usagers-transports.haut-allier.eu\/index.php\/wp-json\/wp\/v2\/posts\/324","targetHints":{"allow":["GET"]}}],"collection":[{"href":"https:\/\/usagers-transports.haut-allier.eu\/index.php\/wp-json\/wp\/v2\/posts"}],"about":[{"href":"https:\/\/usagers-transports.haut-allier.eu\/index.php\/wp-json\/wp\/v2\/types\/post"}],"author":[{"embeddable":true,"href":"https:\/\/usagers-transports.haut-allier.eu\/index.php\/wp-json\/wp\/v2\/users\/1"}],"replies":[{"embeddable":true,"href":"https:\/\/usagers-transports.haut-allier.eu\/index.php\/wp-json\/wp\/v2\/comments?post=324"}],"version-history":[{"count":0,"href":"https:\/\/usagers-transports.haut-allier.eu\/index.php\/wp-json\/wp\/v2\/posts\/324\/revisions"}],"wp:featuredmedia":[{"embeddable":true,"href":"https:\/\/usagers-transports.haut-allier.eu\/index.php\/wp-json\/wp\/v2\/media\/1964"}],"wp:attachment":[{"href":"https:\/\/usagers-transports.haut-allier.eu\/index.php\/wp-json\/wp\/v2\/media?parent=324"}],"wp:term":[{"taxonomy":"category","embeddable":true,"href":"https:\/\/usagers-transports.haut-allier.eu\/index.php\/wp-json\/wp\/v2\/categories?post=324"},{"taxonomy":"post_tag","embeddable":true,"href":"https:\/\/usagers-transports.haut-allier.eu\/index.php\/wp-json\/wp\/v2\/tags?post=324"}],"curies":[{"name":"wp","href":"https:\/\/api.w.org\/{rel}","templated":true}]}}