{"id":325,"date":"2016-08-02T11:04:32","date_gmt":"2016-08-02T09:04:32","guid":{"rendered":"http:\/\/5.45.101.177\/haut-allier\/usagers-transportse\/index.php\/2016\/08\/02\/billets-sncf-hors-de-prix-et325\/"},"modified":"2026-09-01T15:53:59","modified_gmt":"2026-09-01T13:53:59","slug":"billets-sncf-hors-de-prix-et325","status":"publish","type":"post","link":"https:\/\/usagers-transports.haut-allier.eu\/index.php\/2016\/08\/02\/billets-sncf-hors-de-prix-et325\/","title":{"rendered":"Billets SNCF hors de prix et ponctualit\u00e9 Z\u00e9ro = ru\u00e9e vers les bus Macron"},"content":{"rendered":"Ce qui devait arriver arriva : tous les voyageurs qui g\u00e8rent leur budget transport au plus pr\u00e8s sont en train de se pr\u00e9cipiter sur les nouvelles lignes de bus autoris\u00e9es il y a quelques mois par le ministre Macron. \n&nbsp;\nDans nos montagnes peu de lignes de bus \u00e9videmment, \u00e0 part Clermont Montpellier, la plupart doublant des lignes TGV existantes. A des prix trois fois inf\u00e9rieurs au moins. Mais bon il vaut mieux se doter de notre <a href=\"http:\/\/usagers-transports.haut-allier.eu\/?travaux-pannes-greves-pour-les,298\"><strong>Vomibag<\/strong><\/a>.\n&nbsp;\nL&rsquo;article de Midi Libre encore :\n&nbsp;\n<img loading=\"lazy\" decoding=\"async\" class=\" aligncenter size-full wp-image-1967\" src=\"http:\/\/5.45.101.177\/haut-allier\/usagers-transportse\/wp-content\/uploads\/2016\/08\/la_ruee_sur_les_bus_low-cost_ml_.jpg\" alt=\"la_ruee_sur_les_bus_low-cost_ml_.jpg\" align=\"center\" width=\"1083\" height=\"1592\" srcset=\"https:\/\/usagers-transports.haut-allier.eu\/wp-content\/uploads\/2016\/08\/la_ruee_sur_les_bus_low-cost_ml_.jpg 1083w, https:\/\/usagers-transports.haut-allier.eu\/wp-content\/uploads\/2016\/08\/la_ruee_sur_les_bus_low-cost_ml_-204x300.jpg 204w, https:\/\/usagers-transports.haut-allier.eu\/wp-content\/uploads\/2016\/08\/la_ruee_sur_les_bus_low-cost_ml_-697x1024.jpg 697w, https:\/\/usagers-transports.haut-allier.eu\/wp-content\/uploads\/2016\/08\/la_ruee_sur_les_bus_low-cost_ml_-768x1129.jpg 768w, https:\/\/usagers-transports.haut-allier.eu\/wp-content\/uploads\/2016\/08\/la_ruee_sur_les_bus_low-cost_ml_-1045x1536.jpg 1045w\" sizes=\"auto, (max-width: 1083px) 100vw, 1083px\" \/><p>&nbsp;<\/p>\n\n\t<figure class=\"wp-block-gallery columns-1 is-cropped wp-block-gallery-1 is-layout-flex wp-block-gallery-is-layout-flex\">\n\t\t<ul class=\"blocks-gallery-grid\">\n\t\t\t<li class=\"blocks-gallery-item\">\n\t\t\t\t<figure>\n\t\t\t\t\t\t\t\t\t\t\t<img loading=\"lazy\" decoding=\"async\" width=\"600\" height=\"882\" src=\"http:\/\/5.45.101.177\/haut-allier\/usagers-transportse\/wp-content\/uploads\/2016\/08\/la_ruee_sur_les_bus_low-cost_ml_-w.jpg\"\n\t\t\t\t\t\t alt=\"la_ruee_sur_les_bus_low-cost_ml_-w.jpg\"\n\t\t\t\t\t\t data-id=\"1968\"\n\t\t\t\t\t\t data-full-url=\"http:\/\/5.45.101.177\/haut-allier\/usagers-transportse\/wp-content\/uploads\/2016\/08\/la_ruee_sur_les_bus_low-cost_ml_-w.jpg\"\n\t\t\t\t\t\t data-link=\"http:\/\/5.45.101.177\/haut-allier\/usagers-transportse\/attachment-la_ruee_sur_les_bus_low-cost_ml_-w-jpg\/\"\n\t\t\t\t\t\t class=\"wp-image-1968\" srcset=\"https:\/\/usagers-transports.haut-allier.eu\/wp-content\/uploads\/2016\/08\/la_ruee_sur_les_bus_low-cost_ml_-w.jpg 600w, https:\/\/usagers-transports.haut-allier.eu\/wp-content\/uploads\/2016\/08\/la_ruee_sur_les_bus_low-cost_ml_-w-204x300.jpg 204w\" sizes=\"auto, (max-width: 600px) 100vw, 600px\" \/>\n\t\t\t\t<\/figure>\n\t\t\t<\/li>\n\t\t<\/ul>\n\t<\/figure>\n","protected":false},"excerpt":{"rendered":"<p>Ce qui devait arriver arriva : tous les voyageurs qui g\u00e8rent leur budget transport au plus pr\u00e8s sont<\/p>\n","protected":false},"author":1,"featured_media":1966,"comment_status":"closed","ping_status":"open","sticky":false,"template":"","format":"standard","meta":{"footnotes":""},"categories":[3],"tags":[],"class_list":["post-325","post","type-post","status-publish","format-standard","has-post-thumbnail","hentry","category-en-train"],"_links":{"self":[{"href":"https:\/\/usagers-transports.haut-allier.eu\/index.php\/wp-json\/wp\/v2\/posts\/325","targetHints":{"allow":["GET"]}}],"collection":[{"href":"https:\/\/usagers-transports.haut-allier.eu\/index.php\/wp-json\/wp\/v2\/posts"}],"about":[{"href":"https:\/\/usagers-transports.haut-allier.eu\/index.php\/wp-json\/wp\/v2\/types\/post"}],"author":[{"embeddable":true,"href":"https:\/\/usagers-transports.haut-allier.eu\/index.php\/wp-json\/wp\/v2\/users\/1"}],"replies":[{"embeddable":true,"href":"https:\/\/usagers-transports.haut-allier.eu\/index.php\/wp-json\/wp\/v2\/comments?post=325"}],"version-history":[{"count":1,"href":"https:\/\/usagers-transports.haut-allier.eu\/index.php\/wp-json\/wp\/v2\/posts\/325\/revisions"}],"predecessor-version":[{"id":1969,"href":"https:\/\/usagers-transports.haut-allier.eu\/index.php\/wp-json\/wp\/v2\/posts\/325\/revisions\/1969"}],"wp:featuredmedia":[{"embeddable":true,"href":"https:\/\/usagers-transports.haut-allier.eu\/index.php\/wp-json\/wp\/v2\/media\/1966"}],"wp:attachment":[{"href":"https:\/\/usagers-transports.haut-allier.eu\/index.php\/wp-json\/wp\/v2\/media?parent=325"}],"wp:term":[{"taxonomy":"category","embeddable":true,"href":"https:\/\/usagers-transports.haut-allier.eu\/index.php\/wp-json\/wp\/v2\/categories?post=325"},{"taxonomy":"post_tag","embeddable":true,"href":"https:\/\/usagers-transports.haut-allier.eu\/index.php\/wp-json\/wp\/v2\/tags?post=325"}],"curies":[{"name":"wp","href":"https:\/\/api.w.org\/{rel}","templated":true}]}}