{"id":326,"date":"2016-08-11T07:24:54","date_gmt":"2016-08-11T05:24:54","guid":{"rendered":"http:\/\/5.45.101.177\/haut-allier\/usagers-transportse\/index.php\/2016\/08\/11\/ligne-clermont-thiers-saint326\/"},"modified":"2016-08-11T07:24:54","modified_gmt":"2016-08-11T05:24:54","slug":"ligne-clermont-thiers-saint326","status":"publish","type":"post","link":"https:\/\/usagers-transports.haut-allier.eu\/index.php\/2016\/08\/11\/ligne-clermont-thiers-saint326\/","title":{"rendered":"Ligne Clermont Thiers Saint-Etienne : une p\u00e9tition"},"content":{"rendered":"<p>Puisque la SNCF n&rsquo;a pas fait son boulot de maintenance des voies depuis des d\u00e9cennies sur la ligne Clermont-Ferrand Thiers Bo\u00ebn Montbrison Saint-Etienne et veut supprimer les circulations de trains et bien p\u00e9titionnons ! Ca n&rsquo;a souvent aucun effet mais c&rsquo;est bon pour le moral.<br \/>\n&nbsp;<br \/>\nNouvelle appel au peuple sur <a href=\"https:\/\/www.change.org\/p\/rregeffe-boen-fr-sauvez-ligne-ferroviaire-saint-etienne-clermont-ferrand\">Change.org<\/a> :<br \/>\n&nbsp;<\/p>\n","protected":false},"excerpt":{"rendered":"<p>Puisque la SNCF n&rsquo;a pas fait son boulot de maintenance des voies depuis des d\u00e9cennies sur la ligne<\/p>\n","protected":false},"author":1,"featured_media":1970,"comment_status":"closed","ping_status":"open","sticky":false,"template":"","format":"standard","meta":{"footnotes":""},"categories":[3],"tags":[],"class_list":["post-326","post","type-post","status-publish","format-standard","has-post-thumbnail","hentry","category-en-train"],"_links":{"self":[{"href":"https:\/\/usagers-transports.haut-allier.eu\/index.php\/wp-json\/wp\/v2\/posts\/326","targetHints":{"allow":["GET"]}}],"collection":[{"href":"https:\/\/usagers-transports.haut-allier.eu\/index.php\/wp-json\/wp\/v2\/posts"}],"about":[{"href":"https:\/\/usagers-transports.haut-allier.eu\/index.php\/wp-json\/wp\/v2\/types\/post"}],"author":[{"embeddable":true,"href":"https:\/\/usagers-transports.haut-allier.eu\/index.php\/wp-json\/wp\/v2\/users\/1"}],"replies":[{"embeddable":true,"href":"https:\/\/usagers-transports.haut-allier.eu\/index.php\/wp-json\/wp\/v2\/comments?post=326"}],"version-history":[{"count":0,"href":"https:\/\/usagers-transports.haut-allier.eu\/index.php\/wp-json\/wp\/v2\/posts\/326\/revisions"}],"wp:featuredmedia":[{"embeddable":true,"href":"https:\/\/usagers-transports.haut-allier.eu\/index.php\/wp-json\/wp\/v2\/media\/1970"}],"wp:attachment":[{"href":"https:\/\/usagers-transports.haut-allier.eu\/index.php\/wp-json\/wp\/v2\/media?parent=326"}],"wp:term":[{"taxonomy":"category","embeddable":true,"href":"https:\/\/usagers-transports.haut-allier.eu\/index.php\/wp-json\/wp\/v2\/categories?post=326"},{"taxonomy":"post_tag","embeddable":true,"href":"https:\/\/usagers-transports.haut-allier.eu\/index.php\/wp-json\/wp\/v2\/tags?post=326"}],"curies":[{"name":"wp","href":"https:\/\/api.w.org\/{rel}","templated":true}]}}