{"id":327,"date":"2016-08-14T08:22:31","date_gmt":"2016-08-14T06:22:31","guid":{"rendered":"http:\/\/5.45.101.177\/haut-allier\/usagers-transportse\/index.php\/2016\/08\/14\/pepy-entretient-mieux-son-reseau327\/"},"modified":"2026-09-01T15:53:59","modified_gmt":"2026-09-01T13:53:59","slug":"pepy-entretient-mieux-son-reseau327","status":"publish","type":"post","link":"https:\/\/usagers-transports.haut-allier.eu\/index.php\/2016\/08\/14\/pepy-entretient-mieux-son-reseau327\/","title":{"rendered":"P\u00e9py entretient mieux son r\u00e9seau politique que son r\u00e9seau ferr\u00e9"},"content":{"rendered":"Le pr\u00e9sident de la tr\u00e8s communicante SNCF commence \u00e0 perdre pied, t\u00e9moin les titres de ces deniers mois \u00e0 son sujet dans la presse : <a href=\"http:\/\/www.slate.fr\/story\/118939\/pepy-sncf\">D\u00e9savou\u00e9 par l&rsquo;\u00c9tat, P\u00e9py peut-il encore mener la r\u00e9forme de la SNCF ?<\/a> sur Slate, <a href=\"http:\/\/www.mobilicites.com\/011-5281-Le-curieux-ete-de-la-SNCF-et-de-Guillaume-Pepy.html\">L&rsquo;\u00e9trange \u00e9t\u00e9 2016 de la SNCF et de Guillaume P\u00e9py<\/a> sur Mobilicit\u00e9s, <a href=\"http:\/\/www.latribune.fr\/entreprises-finance\/services\/transport-logistique\/qui-pourrait-succeder-a-guillaume-pepy-a-la-tete-de-la-sncf-576316.html\">Un pr\u00e9fet \u00e0 la t\u00eate de la SNCF ?<\/a> sur La Tribune, et voil\u00e0 que le Canard Encha\u00een\u00e9 s&rsquo;y met aussi en plein mois d&rsquo;ao\u00fbt ! \n&nbsp;\nL&rsquo;article tr\u00e8s renseign\u00e9 de cette semaine :\n&nbsp;\n<a href=\"http:\/\/5.45.101.177\/haut-allier\/usagers-transportse\/wp-content\/uploads\/2016\/08\/malgre_le_deraillement_des_comptes_le_patron_de_la_sncf_est_plein_d_entrain_canard_enchaine_.pdf\">malgre_le_deraillement_des_comptes_le_patron_de_la_sncf_est_plein_d_entrain_canard_enchaine_.pdf<\/a>\n&nbsp;\n<strong>Vivement que ce monsieur d\u00e9missionne et laisse la place, c&rsquo;est ce que nous r\u00e9clamons depuis des lustres.<\/strong><p>&nbsp;<\/p>\n\n\t<figure class=\"wp-block-gallery columns-1 is-cropped wp-block-gallery-1 is-layout-flex wp-block-gallery-is-layout-flex\">\n\t\t<ul class=\"blocks-gallery-grid\">\n\t\t\t<li class=\"blocks-gallery-item\">\n\t\t\t\t<figure>\n\t\t\t\t\t\t\t\t\t\t\t<img loading=\"lazy\" decoding=\"async\" width=\"706\" height=\"838\" src=\"http:\/\/5.45.101.177\/haut-allier\/usagers-transportse\/wp-content\/uploads\/2016\/08\/malgre_le_deraillement_des_comptes_le_patron_de_la_sncf_est_plein_d_entrain_canard_enchaine_.jpg\"\n\t\t\t\t\t\t alt=\"malgre_le_deraillement_des_comptes_le_patron_de_la_sncf_est_plein_d_entrain_canard_enchaine_.jpg\"\n\t\t\t\t\t\t data-id=\"1973\"\n\t\t\t\t\t\t data-full-url=\"http:\/\/5.45.101.177\/haut-allier\/usagers-transportse\/wp-content\/uploads\/2016\/08\/malgre_le_deraillement_des_comptes_le_patron_de_la_sncf_est_plein_d_entrain_canard_enchaine_.jpg\"\n\t\t\t\t\t\t data-link=\"http:\/\/5.45.101.177\/haut-allier\/usagers-transportse\/attachment-malgre_le_deraillement_des_comptes_le_patron_de_la_sncf_est_plein_d_entrain_canard_enchaine_-jpg\/\"\n\t\t\t\t\t\t class=\"wp-image-1973\" srcset=\"https:\/\/usagers-transports.haut-allier.eu\/wp-content\/uploads\/2016\/08\/malgre_le_deraillement_des_comptes_le_patron_de_la_sncf_est_plein_d_entrain_canard_enchaine_.jpg 706w, https:\/\/usagers-transports.haut-allier.eu\/wp-content\/uploads\/2016\/08\/malgre_le_deraillement_des_comptes_le_patron_de_la_sncf_est_plein_d_entrain_canard_enchaine_-253x300.jpg 253w\" sizes=\"auto, (max-width: 706px) 100vw, 706px\" \/>\n\t\t\t\t<\/figure>\n\t\t\t<\/li>\n\t\t<\/ul>\n\t<\/figure>\n","protected":false},"excerpt":{"rendered":"<p>Le pr\u00e9sident de la tr\u00e8s communicante SNCF commence \u00e0 perdre pied, t\u00e9moin les titres de ces deniers mois<\/p>\n","protected":false},"author":1,"featured_media":1971,"comment_status":"closed","ping_status":"open","sticky":false,"template":"","format":"standard","meta":{"footnotes":""},"categories":[3],"tags":[],"class_list":["post-327","post","type-post","status-publish","format-standard","has-post-thumbnail","hentry","category-en-train"],"_links":{"self":[{"href":"https:\/\/usagers-transports.haut-allier.eu\/index.php\/wp-json\/wp\/v2\/posts\/327","targetHints":{"allow":["GET"]}}],"collection":[{"href":"https:\/\/usagers-transports.haut-allier.eu\/index.php\/wp-json\/wp\/v2\/posts"}],"about":[{"href":"https:\/\/usagers-transports.haut-allier.eu\/index.php\/wp-json\/wp\/v2\/types\/post"}],"author":[{"embeddable":true,"href":"https:\/\/usagers-transports.haut-allier.eu\/index.php\/wp-json\/wp\/v2\/users\/1"}],"replies":[{"embeddable":true,"href":"https:\/\/usagers-transports.haut-allier.eu\/index.php\/wp-json\/wp\/v2\/comments?post=327"}],"version-history":[{"count":1,"href":"https:\/\/usagers-transports.haut-allier.eu\/index.php\/wp-json\/wp\/v2\/posts\/327\/revisions"}],"predecessor-version":[{"id":1974,"href":"https:\/\/usagers-transports.haut-allier.eu\/index.php\/wp-json\/wp\/v2\/posts\/327\/revisions\/1974"}],"wp:featuredmedia":[{"embeddable":true,"href":"https:\/\/usagers-transports.haut-allier.eu\/index.php\/wp-json\/wp\/v2\/media\/1971"}],"wp:attachment":[{"href":"https:\/\/usagers-transports.haut-allier.eu\/index.php\/wp-json\/wp\/v2\/media?parent=327"}],"wp:term":[{"taxonomy":"category","embeddable":true,"href":"https:\/\/usagers-transports.haut-allier.eu\/index.php\/wp-json\/wp\/v2\/categories?post=327"},{"taxonomy":"post_tag","embeddable":true,"href":"https:\/\/usagers-transports.haut-allier.eu\/index.php\/wp-json\/wp\/v2\/tags?post=327"}],"curies":[{"name":"wp","href":"https:\/\/api.w.org\/{rel}","templated":true}]}}