{"id":328,"date":"2016-08-16T07:49:26","date_gmt":"2016-08-16T05:49:26","guid":{"rendered":"http:\/\/5.45.101.177\/haut-allier\/usagers-transportse\/index.php\/2016\/08\/16\/pendant-ce-temps-le-brinquebalant328\/"},"modified":"2016-08-16T07:49:26","modified_gmt":"2016-08-16T05:49:26","slug":"pendant-ce-temps-le-brinquebalant328","status":"publish","type":"post","link":"https:\/\/usagers-transports.haut-allier.eu\/index.php\/2016\/08\/16\/pendant-ce-temps-le-brinquebalant328\/","title":{"rendered":"Pendant ce temps le brinquebalant C\u00e9venol br\u00fble \u00e0 G\u00e9nolhac ainsi que d&rsquo;autres Intercit\u00e9s"},"content":{"rendered":"<p>Nous devisions avant-hier 14 ao\u00fbt avec un mien ami : <em>Tiens le TER du soir passe avec pr\u00e8s de deux heures de retard&#8230; <\/em> Laiss\u00e9s que nous \u00e9tions dans l&rsquo;ignorance du pourquoi par la soci\u00e9t\u00e9 dite ferroviaire.<br \/>\n&nbsp;<br \/>\nEt nous apprenons le lendemain par Midi Libre&#8230;<br \/>\n&nbsp;<br \/>\n<img loading=\"lazy\" decoding=\"async\" class=\" aligncenter size-full wp-image-1976\" src=\"http:\/\/5.45.101.177\/haut-allier\/usagers-transportse\/wp-content\/uploads\/2016\/08\/IMG_7004.jpg\" alt=\"IMG_7004.jpg\" align=\"center\" width=\"378\" height=\"1194\" srcset=\"https:\/\/usagers-transports.haut-allier.eu\/wp-content\/uploads\/2016\/08\/IMG_7004.jpg 378w, https:\/\/usagers-transports.haut-allier.eu\/wp-content\/uploads\/2016\/08\/IMG_7004-95x300.jpg 95w, https:\/\/usagers-transports.haut-allier.eu\/wp-content\/uploads\/2016\/08\/IMG_7004-324x1024.jpg 324w\" sizes=\"auto, (max-width: 378px) 100vw, 378px\" \/><br \/>\n&nbsp;<br \/>\n&#8230;que la loco du toujours brinquebalant Intercit\u00e9s C\u00e9venol a pris feu en gare de G\u00e9nolhac ! Voyageurs \u00e9vacu\u00e9s&#8230; changement de trains&#8230; et retards de deux heures dimanche et d&rsquo;une heure encore ce lundi !<br \/>\n&nbsp;<br \/>\n<strong>Alors incapable SNCF ? On le change quand ce mat\u00e9riel roulant ? Quand il y aura un grave accident et de grands br\u00fbl\u00e9s ?<\/strong><br \/>\n&nbsp;<br \/>\nD&rsquo;autant qu&rsquo;il n&rsquo;y a pas que lui victime de l&rsquo;abandon : il y a eu un <a href=\"http:\/\/france3-regions.francetvinfo.fr\/limousin\/gare-de-bersac-sur-rivalier-un-feu-dans-le-train-de-nuit-paris-irun-1062877.html\"><strong>d\u00e9part de feu dans le train de nuit Paris Irun<\/strong><\/a>, bond\u00e9 de 300 personnes, en gare de Bersac sur Rivalier (Haute-Vienne). L\u00e0 encore feu dans la motrice. L&rsquo;Intercit\u00e9 de nuit a pu reprendre son chemin jusqu&rsquo;\u00e0 Irun avec trois heures de retard.<br \/>\n&nbsp;<br \/>\nMais c&rsquo;est s\u00fbr la presse nationale parisienne ne s&rsquo;y int\u00e9ressera que s&rsquo;il y a de nombreux morts, au moins des dizaines, en dessous on ne bouge pas, et apr\u00e8s Guillaume Pipo fermera la ligne en disant : vous voyez c&rsquo;est une ligne bien trop accidentog\u00e8ne. On se tord de rire.<br \/>\n&nbsp;<\/p>\n","protected":false},"excerpt":{"rendered":"<p>Nous devisions avant-hier 14 ao\u00fbt avec un mien ami : Tiens le TER du soir passe avec pr\u00e8s<\/p>\n","protected":false},"author":1,"featured_media":1975,"comment_status":"closed","ping_status":"open","sticky":false,"template":"","format":"standard","meta":{"footnotes":""},"categories":[3],"tags":[],"class_list":["post-328","post","type-post","status-publish","format-standard","has-post-thumbnail","hentry","category-en-train"],"_links":{"self":[{"href":"https:\/\/usagers-transports.haut-allier.eu\/index.php\/wp-json\/wp\/v2\/posts\/328","targetHints":{"allow":["GET"]}}],"collection":[{"href":"https:\/\/usagers-transports.haut-allier.eu\/index.php\/wp-json\/wp\/v2\/posts"}],"about":[{"href":"https:\/\/usagers-transports.haut-allier.eu\/index.php\/wp-json\/wp\/v2\/types\/post"}],"author":[{"embeddable":true,"href":"https:\/\/usagers-transports.haut-allier.eu\/index.php\/wp-json\/wp\/v2\/users\/1"}],"replies":[{"embeddable":true,"href":"https:\/\/usagers-transports.haut-allier.eu\/index.php\/wp-json\/wp\/v2\/comments?post=328"}],"version-history":[{"count":0,"href":"https:\/\/usagers-transports.haut-allier.eu\/index.php\/wp-json\/wp\/v2\/posts\/328\/revisions"}],"wp:featuredmedia":[{"embeddable":true,"href":"https:\/\/usagers-transports.haut-allier.eu\/index.php\/wp-json\/wp\/v2\/media\/1975"}],"wp:attachment":[{"href":"https:\/\/usagers-transports.haut-allier.eu\/index.php\/wp-json\/wp\/v2\/media?parent=328"}],"wp:term":[{"taxonomy":"category","embeddable":true,"href":"https:\/\/usagers-transports.haut-allier.eu\/index.php\/wp-json\/wp\/v2\/categories?post=328"},{"taxonomy":"post_tag","embeddable":true,"href":"https:\/\/usagers-transports.haut-allier.eu\/index.php\/wp-json\/wp\/v2\/tags?post=328"}],"curies":[{"name":"wp","href":"https:\/\/api.w.org\/{rel}","templated":true}]}}