{"id":329,"date":"2016-08-18T06:39:43","date_gmt":"2016-08-18T04:39:43","guid":{"rendered":"http:\/\/5.45.101.177\/haut-allier\/usagers-transportse\/index.php\/2016\/08\/18\/arret-du-train-touristique-des329\/"},"modified":"2026-09-01T15:54:00","modified_gmt":"2026-09-01T13:54:00","slug":"arret-du-train-touristique-des329","status":"publish","type":"post","link":"https:\/\/usagers-transports.haut-allier.eu\/index.php\/2016\/08\/18\/arret-du-train-touristique-des329\/","title":{"rendered":"Arr\u00eat du train touristique des Gorges de l&rsquo;Allier en gare d&rsquo;Alleyras"},"content":{"rendered":"Cette ann\u00e9e c&rsquo;est l&rsquo;association Trains \u00e0 vapeur d&rsquo;Auvergne qui le g\u00e8re pour le SMAT du Haut-Allier. Mais point de locomotive \u00e0 vapeur, uniquement pour tracter les anciens wagons une loco diesel, du type de celles qui br\u00fblent si facilement (sur l&rsquo;Intercit\u00e9s C\u00e9venol \u00e0 G\u00e9nolhac) par manque d&rsquo;entretien \u00e9videmment.\n&nbsp;\n<a href=\"http:\/\/5.45.101.177\/haut-allier\/usagers-transportse\/wp-content\/uploads\/2016\/08\/usagers-transports-haut-allier-info-17-aout-2016-train-touristique-alleyras.mp4\">usagers-transports-haut-allier-info-17-aout-2016-train-touristique-alleyras.mp4<\/a>\n&nbsp;\n<a href=\"http:\/\/www.train-gorges-allier.com\/\">Le site du train touristique des gorges de l&rsquo;Allier<\/a>.\n <p>&nbsp;<\/p>\n\n\t<figure class=\"wp-block-gallery columns-1 is-cropped wp-block-gallery-1 is-layout-flex wp-block-gallery-is-layout-flex\">\n\t\t<ul class=\"blocks-gallery-grid\">\n\t\t\t<li class=\"blocks-gallery-item\">\n\t\t\t\t<figure>\n\t\t\t\t\t\t\t\t\t\t\t<img loading=\"lazy\" decoding=\"async\" width=\"512\" height=\"288\" src=\"http:\/\/5.45.101.177\/haut-allier\/usagers-transportse\/wp-content\/uploads\/2016\/08\/vlcsnap-2016-08-18-06h36m53s60.png\"\n\t\t\t\t\t\t alt=\"vlcsnap-2016-08-18-06h36m53s60.png\"\n\t\t\t\t\t\t data-id=\"1979\"\n\t\t\t\t\t\t data-full-url=\"http:\/\/5.45.101.177\/haut-allier\/usagers-transportse\/wp-content\/uploads\/2016\/08\/vlcsnap-2016-08-18-06h36m53s60.png\"\n\t\t\t\t\t\t data-link=\"http:\/\/5.45.101.177\/haut-allier\/usagers-transportse\/attachment-vlcsnap-2016-08-18-06h36m53s60-png\/\"\n\t\t\t\t\t\t class=\"wp-image-1979\" srcset=\"https:\/\/usagers-transports.haut-allier.eu\/wp-content\/uploads\/2016\/08\/vlcsnap-2016-08-18-06h36m53s60.png 512w, https:\/\/usagers-transports.haut-allier.eu\/wp-content\/uploads\/2016\/08\/vlcsnap-2016-08-18-06h36m53s60-300x169.png 300w\" sizes=\"auto, (max-width: 512px) 100vw, 512px\" \/>\n\t\t\t\t<\/figure>\n\t\t\t<\/li>\n\t\t<\/ul>\n\t<\/figure>\n","protected":false},"excerpt":{"rendered":"<p>Cette ann\u00e9e c&rsquo;est l&rsquo;association Trains \u00e0 vapeur d&rsquo;Auvergne qui le g\u00e8re pour le SMAT du Haut-Allier. Mais point<\/p>\n","protected":false},"author":1,"featured_media":1977,"comment_status":"closed","ping_status":"open","sticky":false,"template":"","format":"standard","meta":{"footnotes":""},"categories":[3],"tags":[],"class_list":["post-329","post","type-post","status-publish","format-standard","has-post-thumbnail","hentry","category-en-train"],"_links":{"self":[{"href":"https:\/\/usagers-transports.haut-allier.eu\/index.php\/wp-json\/wp\/v2\/posts\/329","targetHints":{"allow":["GET"]}}],"collection":[{"href":"https:\/\/usagers-transports.haut-allier.eu\/index.php\/wp-json\/wp\/v2\/posts"}],"about":[{"href":"https:\/\/usagers-transports.haut-allier.eu\/index.php\/wp-json\/wp\/v2\/types\/post"}],"author":[{"embeddable":true,"href":"https:\/\/usagers-transports.haut-allier.eu\/index.php\/wp-json\/wp\/v2\/users\/1"}],"replies":[{"embeddable":true,"href":"https:\/\/usagers-transports.haut-allier.eu\/index.php\/wp-json\/wp\/v2\/comments?post=329"}],"version-history":[{"count":1,"href":"https:\/\/usagers-transports.haut-allier.eu\/index.php\/wp-json\/wp\/v2\/posts\/329\/revisions"}],"predecessor-version":[{"id":1980,"href":"https:\/\/usagers-transports.haut-allier.eu\/index.php\/wp-json\/wp\/v2\/posts\/329\/revisions\/1980"}],"wp:featuredmedia":[{"embeddable":true,"href":"https:\/\/usagers-transports.haut-allier.eu\/index.php\/wp-json\/wp\/v2\/media\/1977"}],"wp:attachment":[{"href":"https:\/\/usagers-transports.haut-allier.eu\/index.php\/wp-json\/wp\/v2\/media?parent=329"}],"wp:term":[{"taxonomy":"category","embeddable":true,"href":"https:\/\/usagers-transports.haut-allier.eu\/index.php\/wp-json\/wp\/v2\/categories?post=329"},{"taxonomy":"post_tag","embeddable":true,"href":"https:\/\/usagers-transports.haut-allier.eu\/index.php\/wp-json\/wp\/v2\/tags?post=329"}],"curies":[{"name":"wp","href":"https:\/\/api.w.org\/{rel}","templated":true}]}}