{"id":330,"date":"2016-08-21T20:53:27","date_gmt":"2016-08-21T18:53:27","guid":{"rendered":"http:\/\/5.45.101.177\/haut-allier\/usagers-transportse\/index.php\/2016\/08\/21\/suppressions-inopinees-de-trains330\/"},"modified":"2016-08-21T20:53:27","modified_gmt":"2016-08-21T18:53:27","slug":"suppressions-inopinees-de-trains330","status":"publish","type":"post","link":"https:\/\/usagers-transports.haut-allier.eu\/index.php\/2016\/08\/21\/suppressions-inopinees-de-trains330\/","title":{"rendered":"Suppressions inopin\u00e9es de trains sur la ligne du train C\u00e9venol : nous alertons"},"content":{"rendered":"<p>Suite aux suppressions et retards d\u00e9sormais inopin\u00e9s de trains, sans aucune information, sans solution de rabattement pour les usagers, comme ce vendredi 19 ao\u00fbt au matin pour le TER 873991 mais pas que,<br \/>\n&nbsp;<br \/>\nle collectif a d\u00e9cid\u00e9 d&rsquo;apposer les affichettes suivantes dans les gares des gorges de l&rsquo;Allier :<br \/>\n&nbsp;<br \/>\n<img loading=\"lazy\" decoding=\"async\" class=\" aligncenter size-full wp-image-1982\" src=\"http:\/\/5.45.101.177\/haut-allier\/usagers-transportse\/wp-content\/uploads\/2016\/08\/IMG_20160821_103510.jpg\" alt=\"IMG_20160821_103510.jpg\" align=\"center\" width=\"700\" height=\"525\" srcset=\"https:\/\/usagers-transports.haut-allier.eu\/wp-content\/uploads\/2016\/08\/IMG_20160821_103510.jpg 700w, https:\/\/usagers-transports.haut-allier.eu\/wp-content\/uploads\/2016\/08\/IMG_20160821_103510-300x225.jpg 300w\" sizes=\"auto, (max-width: 700px) 100vw, 700px\" \/><br \/>\n&nbsp;<br \/>\nAvec ce conseil :<br \/>\n&nbsp;<\/p>\n<p>[(<br \/>\n<strong>EN CAS DE RETARD DE PLUS DE 5 MINUTES DE VOTRE TRAIN ASSUREZ-VOUS DE LEUR EXISTENCE EN UTILISANT LE TELEPHONE A CORNET DE CETTE GARE OU EN TELEPHONANT<br \/>\nAU 04 66 69 10 80 OU 04 71 77 72 03<br \/>\n&nbsp;<br \/>\nDEPUIS LA DISPARITION DES REGIONS AUVERGNE ET LANGUEDOC-ROUSSILLON DEBUT 2016 LES DIRECTIONS SNCF DE CLERMONT ET MONTPELLIER S&rsquo;AUTORISENT DES SUPPRESSIONS ET DES CHANGEMENTS DE TRAINS ET D&rsquo;HORAIRES SANS AVERTISSEMENT NI PRISE EN CHARGE DES USAGERS. SOYEZ VIGILANTS<\/strong><br \/>\n)]<\/p>\n","protected":false},"excerpt":{"rendered":"<p>Suite aux suppressions et retards d\u00e9sormais inopin\u00e9s de trains, sans aucune information, sans solution de rabattement pour les<\/p>\n","protected":false},"author":1,"featured_media":1981,"comment_status":"closed","ping_status":"open","sticky":false,"template":"","format":"standard","meta":{"footnotes":""},"categories":[3],"tags":[],"class_list":["post-330","post","type-post","status-publish","format-standard","has-post-thumbnail","hentry","category-en-train"],"_links":{"self":[{"href":"https:\/\/usagers-transports.haut-allier.eu\/index.php\/wp-json\/wp\/v2\/posts\/330","targetHints":{"allow":["GET"]}}],"collection":[{"href":"https:\/\/usagers-transports.haut-allier.eu\/index.php\/wp-json\/wp\/v2\/posts"}],"about":[{"href":"https:\/\/usagers-transports.haut-allier.eu\/index.php\/wp-json\/wp\/v2\/types\/post"}],"author":[{"embeddable":true,"href":"https:\/\/usagers-transports.haut-allier.eu\/index.php\/wp-json\/wp\/v2\/users\/1"}],"replies":[{"embeddable":true,"href":"https:\/\/usagers-transports.haut-allier.eu\/index.php\/wp-json\/wp\/v2\/comments?post=330"}],"version-history":[{"count":0,"href":"https:\/\/usagers-transports.haut-allier.eu\/index.php\/wp-json\/wp\/v2\/posts\/330\/revisions"}],"wp:featuredmedia":[{"embeddable":true,"href":"https:\/\/usagers-transports.haut-allier.eu\/index.php\/wp-json\/wp\/v2\/media\/1981"}],"wp:attachment":[{"href":"https:\/\/usagers-transports.haut-allier.eu\/index.php\/wp-json\/wp\/v2\/media?parent=330"}],"wp:term":[{"taxonomy":"category","embeddable":true,"href":"https:\/\/usagers-transports.haut-allier.eu\/index.php\/wp-json\/wp\/v2\/categories?post=330"},{"taxonomy":"post_tag","embeddable":true,"href":"https:\/\/usagers-transports.haut-allier.eu\/index.php\/wp-json\/wp\/v2\/tags?post=330"}],"curies":[{"name":"wp","href":"https:\/\/api.w.org\/{rel}","templated":true}]}}