{"id":331,"date":"2016-08-22T07:59:31","date_gmt":"2016-08-22T05:59:31","guid":{"rendered":"http:\/\/5.45.101.177\/haut-allier\/usagers-transportse\/index.php\/2016\/08\/22\/nouveau-produit-sncf-pour331\/"},"modified":"2016-08-22T07:59:31","modified_gmt":"2016-08-22T05:59:31","slug":"nouveau-produit-sncf-pour331","status":"publish","type":"post","link":"https:\/\/usagers-transports.haut-allier.eu\/index.php\/2016\/08\/22\/nouveau-produit-sncf-pour331\/","title":{"rendered":"Nouveau produit SNCF pour remplacer ses trains : le OuiV\u00e9lo"},"content":{"rendered":"<p>Judicieux pr\u00e9sident de la soci\u00e9t\u00e9 dite ferroviaire G. Pipo annonce OuiV\u00e9lo, son nouveau produit destin\u00e9 \u00e0 r\u00e9soudre tous les probl\u00e8mes dus aux quelques usagers restants qui insistent vraiment pour prendre le train. Les cons.<br \/>\n&nbsp;<br \/>\nUne interview exclusive de Guillaume Pipo conduite avec brio par nos confr\u00e8res de <a href=\"http:\/\/carfree.fr\/index.php\/2016\/08\/16\/la-sncf-lance-ouivelo-pour-remplacer-ses-trains\/\"><strong>Carfree.fr<\/strong><\/a> et qui vaut son pesant de cacahu\u00e8tes.<br \/>\n&nbsp;<br \/>\nNous le disons en coeur et avec force et conviction : <strong>le OuiV\u00e9lo est l&rsquo;avenir du r\u00e9seau ferr\u00e9 fran\u00e7ais<\/strong>. Merci Pipo ! <\/p>\n","protected":false},"excerpt":{"rendered":"<p>Judicieux pr\u00e9sident de la soci\u00e9t\u00e9 dite ferroviaire G. Pipo annonce OuiV\u00e9lo, son nouveau produit destin\u00e9 \u00e0 r\u00e9soudre tous<\/p>\n","protected":false},"author":1,"featured_media":1983,"comment_status":"closed","ping_status":"open","sticky":false,"template":"","format":"standard","meta":{"footnotes":""},"categories":[2],"tags":[],"class_list":["post-331","post","type-post","status-publish","format-standard","has-post-thumbnail","hentry","category-infos"],"_links":{"self":[{"href":"https:\/\/usagers-transports.haut-allier.eu\/index.php\/wp-json\/wp\/v2\/posts\/331","targetHints":{"allow":["GET"]}}],"collection":[{"href":"https:\/\/usagers-transports.haut-allier.eu\/index.php\/wp-json\/wp\/v2\/posts"}],"about":[{"href":"https:\/\/usagers-transports.haut-allier.eu\/index.php\/wp-json\/wp\/v2\/types\/post"}],"author":[{"embeddable":true,"href":"https:\/\/usagers-transports.haut-allier.eu\/index.php\/wp-json\/wp\/v2\/users\/1"}],"replies":[{"embeddable":true,"href":"https:\/\/usagers-transports.haut-allier.eu\/index.php\/wp-json\/wp\/v2\/comments?post=331"}],"version-history":[{"count":0,"href":"https:\/\/usagers-transports.haut-allier.eu\/index.php\/wp-json\/wp\/v2\/posts\/331\/revisions"}],"wp:featuredmedia":[{"embeddable":true,"href":"https:\/\/usagers-transports.haut-allier.eu\/index.php\/wp-json\/wp\/v2\/media\/1983"}],"wp:attachment":[{"href":"https:\/\/usagers-transports.haut-allier.eu\/index.php\/wp-json\/wp\/v2\/media?parent=331"}],"wp:term":[{"taxonomy":"category","embeddable":true,"href":"https:\/\/usagers-transports.haut-allier.eu\/index.php\/wp-json\/wp\/v2\/categories?post=331"},{"taxonomy":"post_tag","embeddable":true,"href":"https:\/\/usagers-transports.haut-allier.eu\/index.php\/wp-json\/wp\/v2\/tags?post=331"}],"curies":[{"name":"wp","href":"https:\/\/api.w.org\/{rel}","templated":true}]}}