{"id":332,"date":"2016-08-24T07:36:50","date_gmt":"2016-08-24T05:36:50","guid":{"rendered":"http:\/\/5.45.101.177\/haut-allier\/usagers-transportse\/index.php\/2016\/08\/24\/l-audit-des-comptes-de-l-activite332\/"},"modified":"2026-09-01T15:54:00","modified_gmt":"2026-09-01T13:54:00","slug":"l-audit-des-comptes-de-l-activite332","status":"publish","type":"post","link":"https:\/\/usagers-transports.haut-allier.eu\/index.php\/2016\/08\/24\/l-audit-des-comptes-de-l-activite332\/","title":{"rendered":"L&rsquo;audit des comptes de l\u2019activit\u00e9 Intercit\u00e9s de SNCF mobilit\u00e9s"},"content":{"rendered":"Le minist\u00e8re de l&rsquo;Environnement, de l&rsquo;Energie et de la Mer et son bureau du Conseil g\u00e9n\u00e9ral de l&rsquo;environnement et du d\u00e9veloppement durable viennent de publier l&rsquo;Audit des comptes de l\u2019activit\u00e9 Intercit\u00e9s de SNCF Mobilit\u00e9s dans le cadre de la pr\u00e9paration de la prochaine convention d\u2019exploitation des trains d\u2019\u00e9quilibre du territoire (TET).\n&nbsp;\nSi le rapport n&rsquo;est disponible qu&rsquo;en version simplifi\u00e9e, il ne fait par exemple aucunement mention de pr\u00e9conisation de suppression de lignes, il sera int\u00e9ressant de le lire pour comprendre l&rsquo;\u00e9tat du syst\u00e8me des TET et les mesures qui sont sugg\u00e9r\u00e9es pour rattraper la situation.\n&nbsp;\nLe rapport est lisible <a href=\"http:\/\/www.cgedd.developpement-durable.gouv.fr\/audit-des-comptes-de-l-activite-intercites-de-sncf-a2248.html\"><strong>ici<\/strong><\/a>. Ou sur notre site ci-dessous :\n&nbsp;\n<a href=\"http:\/\/5.45.101.177\/haut-allier\/usagers-transportse\/wp-content\/uploads\/2016\/08\/sncf-audit-008991-03_rapport_cle2d8f95.pdf\">sncf-audit-008991-03_rapport_cle2d8f95.pdf<\/a><p>&nbsp;<\/p>\n\n\t<figure class=\"wp-block-gallery columns-1 is-cropped wp-block-gallery-1 is-layout-flex wp-block-gallery-is-layout-flex\">\n\t\t<ul class=\"blocks-gallery-grid\">\n\t\t\t<li class=\"blocks-gallery-item\">\n\t\t\t\t<figure>\n\t\t\t\t\t\t\t\t\t\t\t<img loading=\"lazy\" decoding=\"async\" width=\"545\" height=\"771\" src=\"http:\/\/5.45.101.177\/haut-allier\/usagers-transportse\/wp-content\/uploads\/2016\/08\/sncf-audit-008991-03_rapport_cle2d8f95.jpg\"\n\t\t\t\t\t\t alt=\"sncf-audit-008991-03_rapport_cle2d8f95.jpg\"\n\t\t\t\t\t\t data-id=\"1986\"\n\t\t\t\t\t\t data-full-url=\"http:\/\/5.45.101.177\/haut-allier\/usagers-transportse\/wp-content\/uploads\/2016\/08\/sncf-audit-008991-03_rapport_cle2d8f95.jpg\"\n\t\t\t\t\t\t data-link=\"http:\/\/5.45.101.177\/haut-allier\/usagers-transportse\/attachment-sncf-audit-008991-03_rapport_cle2d8f95-jpg\/\"\n\t\t\t\t\t\t class=\"wp-image-1986\" srcset=\"https:\/\/usagers-transports.haut-allier.eu\/wp-content\/uploads\/2016\/08\/sncf-audit-008991-03_rapport_cle2d8f95.jpg 545w, https:\/\/usagers-transports.haut-allier.eu\/wp-content\/uploads\/2016\/08\/sncf-audit-008991-03_rapport_cle2d8f95-212x300.jpg 212w\" sizes=\"auto, (max-width: 545px) 100vw, 545px\" \/>\n\t\t\t\t<\/figure>\n\t\t\t<\/li>\n\t\t<\/ul>\n\t<\/figure>\n","protected":false},"excerpt":{"rendered":"<p>Le minist\u00e8re de l&rsquo;Environnement, de l&rsquo;Energie et de la Mer et son bureau du Conseil g\u00e9n\u00e9ral de l&rsquo;environnement<\/p>\n","protected":false},"author":1,"featured_media":1984,"comment_status":"closed","ping_status":"open","sticky":false,"template":"","format":"standard","meta":{"footnotes":""},"categories":[3],"tags":[],"class_list":["post-332","post","type-post","status-publish","format-standard","has-post-thumbnail","hentry","category-en-train"],"_links":{"self":[{"href":"https:\/\/usagers-transports.haut-allier.eu\/index.php\/wp-json\/wp\/v2\/posts\/332","targetHints":{"allow":["GET"]}}],"collection":[{"href":"https:\/\/usagers-transports.haut-allier.eu\/index.php\/wp-json\/wp\/v2\/posts"}],"about":[{"href":"https:\/\/usagers-transports.haut-allier.eu\/index.php\/wp-json\/wp\/v2\/types\/post"}],"author":[{"embeddable":true,"href":"https:\/\/usagers-transports.haut-allier.eu\/index.php\/wp-json\/wp\/v2\/users\/1"}],"replies":[{"embeddable":true,"href":"https:\/\/usagers-transports.haut-allier.eu\/index.php\/wp-json\/wp\/v2\/comments?post=332"}],"version-history":[{"count":1,"href":"https:\/\/usagers-transports.haut-allier.eu\/index.php\/wp-json\/wp\/v2\/posts\/332\/revisions"}],"predecessor-version":[{"id":1987,"href":"https:\/\/usagers-transports.haut-allier.eu\/index.php\/wp-json\/wp\/v2\/posts\/332\/revisions\/1987"}],"wp:featuredmedia":[{"embeddable":true,"href":"https:\/\/usagers-transports.haut-allier.eu\/index.php\/wp-json\/wp\/v2\/media\/1984"}],"wp:attachment":[{"href":"https:\/\/usagers-transports.haut-allier.eu\/index.php\/wp-json\/wp\/v2\/media?parent=332"}],"wp:term":[{"taxonomy":"category","embeddable":true,"href":"https:\/\/usagers-transports.haut-allier.eu\/index.php\/wp-json\/wp\/v2\/categories?post=332"},{"taxonomy":"post_tag","embeddable":true,"href":"https:\/\/usagers-transports.haut-allier.eu\/index.php\/wp-json\/wp\/v2\/tags?post=332"}],"curies":[{"name":"wp","href":"https:\/\/api.w.org\/{rel}","templated":true}]}}