{"id":333,"date":"2016-08-31T11:33:15","date_gmt":"2016-08-31T09:33:15","guid":{"rendered":"http:\/\/5.45.101.177\/haut-allier\/usagers-transportse\/index.php\/2016\/08\/31\/sauvegarde-de-l-intercites-aubrac333\/"},"modified":"2016-08-31T11:33:15","modified_gmt":"2016-08-31T09:33:15","slug":"sauvegarde-de-l-intercites-aubrac333","status":"publish","type":"post","link":"https:\/\/usagers-transports.haut-allier.eu\/index.php\/2016\/08\/31\/sauvegarde-de-l-intercites-aubrac333\/","title":{"rendered":"Sauvegarde de l&rsquo;Intercit\u00e9s Aubrac SNCF B\u00e9ziers Clermont : actions le 17 septembre"},"content":{"rendered":"<p>Le Comit\u00e9 pluraliste &#8211; Union locale CGT appelle \u00e0 trois rassemblements <strong>le 17 septembre 2016 \u00e0 B\u00e9darieux \u00e0 14h30, Millau \u00e0 11h30 et Saint-Ch\u00e9ly d&rsquo;Apcher \u00e0 15h30.<\/strong><br \/>\n&nbsp;<br \/>\nVoici leur communiqu\u00e9 :<\/p>\n<p>[(<br \/>\nLe TET, \u00ab L\u2019Aubrac \u00bb, La ligne SNCF B\u00e9ziers\u2013Clermont<br \/>\nJ\u2019y suis attach\u00e9<br \/>\nEt je me bats<br \/>\n&nbsp;<br \/>\nRassemblements le samedi 17 septembre 2016<br \/>\n&nbsp;<br \/>\nB\u00e9darieux-Millau-St Ch\u00e9ly<br \/>\n&nbsp;<br \/>\nLa Direction SNCF a encore port\u00e9 un coup \u00e0 la ligne en pleine p\u00e9riode estivale, pr\u00e9textant des travaux d\u2019entretien qui s\u2019av\u00e8rent mineurs. Elle a supprim\u00e9 toutes les circulations ferroviaires. Des usagers, de nombreux touristes se sont rendus dans les gares et la SNCF les a dirig\u00e9s vers les autocars. Est-ce pour conditionner d\u2019ores et d\u00e9j\u00e0 les populations \u00e0 une fermeture totale ou partielle de la ligne avec la suppression des trains ?<br \/>\n&nbsp;<br \/>\nDepuis le 19 ao\u00fbt les trains recirculent. Dans quelques semaines des d\u00e9cisions importantes sur l\u2019avenir de la ligne vont \u00eatre prises. Est-ce que gouvernement, Direction SNCF et Conseil R\u00e9gional vont continuer \u00e0 remplacer les TET, TER et trains scolaires par des autocars via l\u2019autoroute A75 ?<br \/>\n&nbsp;<br \/>\nAlors que la ligne SNCF B\u00e9ziers-Neussargues est \u00e9lectrifi\u00e9e et non polluante !<br \/>\nEst-ce que les travaux courants annuels n\u00e9cessaires, de modernisation vont-ils \u00eatre entrepris avec un financement crois\u00e9 des diff\u00e9rents acteurs notamment pour lever l\u2019interdiction de circulation des trains marchandises entre B\u00e9ziers et St Ch\u00e9ly ?<br \/>\nStop au tout camion ! Il faut le ferroutage.<br \/>\n&nbsp;<br \/>\nLe Conseil R\u00e9gional du Languedoc-Roussillon, avant la fusion avec Midi-Pyr\u00e9n\u00e9es, avait inscrit la ligne SNCF B\u00e9ziers-Neussargues avec implication du gouvernement dans le contrat de plan Etat-R\u00e9gion 2015-2020. Qu\u2019en est-il aujourd\u2019hui avec le nouveau Conseil-R\u00e9gional ? La fusion des R\u00e9gions n\u2019annule pas les d\u00e9lib\u00e9rations prises ! Madame S\u00e9gol\u00e8ne Royal, Ministre de tutelle des transports est Pr\u00e9sidente de la COP21. La lutte contre les d\u00e9r\u00e8glements climatiques mis en \u00e9vidence encore cet \u00e9t\u00e9, n\u00e9cessite des mesures concr\u00e8tes et imm\u00e9diates contre la production de CO2. Va-t-elle \u00eatre d\u00e9mentie par les r\u00e9alit\u00e9s du choix tout camion et tout autocar entre Clermont-Ferrand et B\u00e9ziers via l\u2019autoroute A75 ? Bus et camions polluent, un train \u00e9lectrique Non !<br \/>\n&nbsp;<br \/>\nNous, \u00e9lus, populations, usagers, cheminots, associations et organisations sommes profond\u00e9ment attach\u00e9s \u00e0 cette ligne parce qu\u2019elle nous est utile et indispensable, am\u00e9nage le territoire du Massif Central, contribue \u00e0 lutter contre la d\u00e9sertification, le ch\u00f4mage, le d\u00e9clin \u00e9conomique et social, d\u00e9veloppe un tourisme de proximit\u00e9 \u00e0 visage humain, prot\u00e8ge l\u2019environnement et r\u00e9duit la production de CO2.<br \/>\nTrois Rassemblements le m\u00eame jour Samedi 17 septembre 2016 avec une action forte et symbolique<br \/>\n&nbsp;<br \/>\n&#8211; Gare de B\u00e9darieux \u00e0 14 h 30<br \/>\n&#8211; Gare de Millau \u00e0 11 h 30<br \/>\n&#8211; Gare de St Ch\u00e9ly \u00e0 15 h 30<br \/>\n&nbsp;<\/p>\n<p>Rassemblons-nous !<br \/>\n&nbsp;<br \/>\nOn ne l\u00e2che rien !<br \/>\n&nbsp;<br \/>\nFaisons entendre nos propositions !<br \/>\n&nbsp;<br \/>\nTous, ensemble, on peut gagner !<br \/>\n&nbsp;<br \/>\nComit\u00e9 Pluraliste &#8211; Maison des Syndicats &#8211; Union Locale CGT &#8211; 2, boulevard de la R\u00e9publique &#8211; 34600 B\u00e9darieux<br \/>\n)]<\/p>\n","protected":false},"excerpt":{"rendered":"<p>Le Comit\u00e9 pluraliste &#8211; Union locale CGT appelle \u00e0 trois rassemblements le 17 septembre 2016 \u00e0 B\u00e9darieux \u00e0<\/p>\n","protected":false},"author":1,"featured_media":1988,"comment_status":"closed","ping_status":"open","sticky":false,"template":"","format":"standard","meta":{"footnotes":""},"categories":[3],"tags":[],"class_list":["post-333","post","type-post","status-publish","format-standard","has-post-thumbnail","hentry","category-en-train"],"_links":{"self":[{"href":"https:\/\/usagers-transports.haut-allier.eu\/index.php\/wp-json\/wp\/v2\/posts\/333","targetHints":{"allow":["GET"]}}],"collection":[{"href":"https:\/\/usagers-transports.haut-allier.eu\/index.php\/wp-json\/wp\/v2\/posts"}],"about":[{"href":"https:\/\/usagers-transports.haut-allier.eu\/index.php\/wp-json\/wp\/v2\/types\/post"}],"author":[{"embeddable":true,"href":"https:\/\/usagers-transports.haut-allier.eu\/index.php\/wp-json\/wp\/v2\/users\/1"}],"replies":[{"embeddable":true,"href":"https:\/\/usagers-transports.haut-allier.eu\/index.php\/wp-json\/wp\/v2\/comments?post=333"}],"version-history":[{"count":0,"href":"https:\/\/usagers-transports.haut-allier.eu\/index.php\/wp-json\/wp\/v2\/posts\/333\/revisions"}],"wp:featuredmedia":[{"embeddable":true,"href":"https:\/\/usagers-transports.haut-allier.eu\/index.php\/wp-json\/wp\/v2\/media\/1988"}],"wp:attachment":[{"href":"https:\/\/usagers-transports.haut-allier.eu\/index.php\/wp-json\/wp\/v2\/media?parent=333"}],"wp:term":[{"taxonomy":"category","embeddable":true,"href":"https:\/\/usagers-transports.haut-allier.eu\/index.php\/wp-json\/wp\/v2\/categories?post=333"},{"taxonomy":"post_tag","embeddable":true,"href":"https:\/\/usagers-transports.haut-allier.eu\/index.php\/wp-json\/wp\/v2\/tags?post=333"}],"curies":[{"name":"wp","href":"https:\/\/api.w.org\/{rel}","templated":true}]}}