{"id":334,"date":"2016-09-13T07:46:54","date_gmt":"2016-09-13T05:46:54","guid":{"rendered":"http:\/\/5.45.101.177\/haut-allier\/usagers-transportse\/index.php\/2016\/09\/13\/promesses-wauquiez-non-la-gare-de334\/"},"modified":"2016-09-13T07:46:54","modified_gmt":"2016-09-13T05:46:54","slug":"promesses-wauquiez-non-la-gare-de334","status":"publish","type":"post","link":"https:\/\/usagers-transports.haut-allier.eu\/index.php\/2016\/09\/13\/promesses-wauquiez-non-la-gare-de334\/","title":{"rendered":"Promesses Wauquiez : Non la gare de Paris Bercy ne change pas de nom, mais on le rallonge"},"content":{"rendered":"<p>Guillaume Pipo pour contenter tout le monde, les parisiens, la r\u00e9gion Bourgogne Franche-Comt\u00e9 et W, ne change pas le nom de Paris Bercy mais l&rsquo;affuble du sobriquet \u00a0\u00bb Bourgogne-Pays d\u2019Auvergne \u00ab\u00a0. Un nom \u00e0 rallonge quasi impronon\u00e7able et impossible \u00e0 retenir que chacun ne se privera pas de raccourcir en \u00ab\u00a0Paris Bercy\u00a0\u00bb. Autrement dit changement z\u00e9ro.<br \/>\n&nbsp;<br \/>\nPourtant comme si de rien n&rsquo;\u00e9tait le roitelet pr\u00e9sident de Rh\u00f4ne Alpes Auvergne sera bien pr\u00e9sent \u00e0 l&rsquo;inauguration du nouveau nom imm\u00e9morisable ce mardi 13 septembre pour d\u00e9guster cette grande victoire, celle du projet annonc\u00e9 \u00e0 coups de clairons : le changement de nom de  Gare Paris Bercy en Gare d&rsquo;Auvergne.<br \/>\n&nbsp;<br \/>\nOn en est tr\u00e8s loin avec Paris Bercy Bourgogne Pays d&rsquo;Auvergne ! On ne voit pas d&rsquo;ailleurs ce que le terme Pays vient faire dans l&rsquo;histoire. Sans doute pour allonger l&rsquo;appellation.<br \/>\n&nbsp;<br \/>\n<strong>De plus ce changement de nom n&rsquo;apporte strictement rien au voyageur<\/strong><br \/>\n&nbsp;<br \/>\nC\u00f4t\u00e9 trains : les retards seront les m\u00eames, les annulations aussi, les transferts sur route en bus \u00e9galement, les correspondances ne seront pas meilleures, le m\u00e9tro sera toujours hors de port\u00e9e de la gare, et les prix de billets resteront inchang\u00e9s.<br \/>\n&nbsp;<br \/>\nPar contre la gare de Paris Bercy devient aussi la gare des bus Ouigo chers \u00e0 notre Pipo, ce qui signifie plus de voyageurs partout agglutin\u00e9s dans ce bloc de b\u00e9ton \u00e0 l&rsquo;am\u00e9nagement spartiate et sovi\u00e9tique.<br \/>\n&nbsp;<br \/>\nBon voyage avec la SNCF.<\/p>\n","protected":false},"excerpt":{"rendered":"<p>Guillaume Pipo pour contenter tout le monde, les parisiens, la r\u00e9gion Bourgogne Franche-Comt\u00e9 et W, ne change pas<\/p>\n","protected":false},"author":1,"featured_media":1989,"comment_status":"closed","ping_status":"open","sticky":false,"template":"","format":"standard","meta":{"footnotes":""},"categories":[3],"tags":[],"class_list":["post-334","post","type-post","status-publish","format-standard","has-post-thumbnail","hentry","category-en-train"],"_links":{"self":[{"href":"https:\/\/usagers-transports.haut-allier.eu\/index.php\/wp-json\/wp\/v2\/posts\/334","targetHints":{"allow":["GET"]}}],"collection":[{"href":"https:\/\/usagers-transports.haut-allier.eu\/index.php\/wp-json\/wp\/v2\/posts"}],"about":[{"href":"https:\/\/usagers-transports.haut-allier.eu\/index.php\/wp-json\/wp\/v2\/types\/post"}],"author":[{"embeddable":true,"href":"https:\/\/usagers-transports.haut-allier.eu\/index.php\/wp-json\/wp\/v2\/users\/1"}],"replies":[{"embeddable":true,"href":"https:\/\/usagers-transports.haut-allier.eu\/index.php\/wp-json\/wp\/v2\/comments?post=334"}],"version-history":[{"count":0,"href":"https:\/\/usagers-transports.haut-allier.eu\/index.php\/wp-json\/wp\/v2\/posts\/334\/revisions"}],"wp:featuredmedia":[{"embeddable":true,"href":"https:\/\/usagers-transports.haut-allier.eu\/index.php\/wp-json\/wp\/v2\/media\/1989"}],"wp:attachment":[{"href":"https:\/\/usagers-transports.haut-allier.eu\/index.php\/wp-json\/wp\/v2\/media?parent=334"}],"wp:term":[{"taxonomy":"category","embeddable":true,"href":"https:\/\/usagers-transports.haut-allier.eu\/index.php\/wp-json\/wp\/v2\/categories?post=334"},{"taxonomy":"post_tag","embeddable":true,"href":"https:\/\/usagers-transports.haut-allier.eu\/index.php\/wp-json\/wp\/v2\/tags?post=334"}],"curies":[{"name":"wp","href":"https:\/\/api.w.org\/{rel}","templated":true}]}}