{"id":335,"date":"2016-09-17T20:02:59","date_gmt":"2016-09-17T18:02:59","guid":{"rendered":"http:\/\/5.45.101.177\/haut-allier\/usagers-transportse\/index.php\/2016\/09\/17\/defense-de-la-ligne-sncf-beziers335\/"},"modified":"2026-09-01T15:54:00","modified_gmt":"2026-09-01T13:54:00","slug":"defense-de-la-ligne-sncf-beziers335","status":"publish","type":"post","link":"https:\/\/usagers-transports.haut-allier.eu\/index.php\/2016\/09\/17\/defense-de-la-ligne-sncf-beziers335\/","title":{"rendered":"D\u00e9fense de la ligne SNCF B\u00e9ziers &#8211; Clermont Fd : la mobilisation \u00e0 B\u00e9darieux et Saint-Ch\u00e9ly"},"content":{"rendered":"Voici le compte-rendu de la manifestation du samedi 17 septembre \u00e0 B\u00e9darieux pour la d\u00e9fense de la ligne B\u00e9ziers Neussargues Clermont Ferrand par France 3 Languedoc Roussillon puis celui de celle de Saint-Ch\u00e9ly d&rsquo;Apcher le m\u00eame jour par Midi Libre.\n&nbsp;\n<strong>France 3 LR journal de 19 heures du 17 septembre :<\/strong>\n&nbsp;\n[(\n&nbsp;\n<a href=\"http:\/\/5.45.101.177\/haut-allier\/usagers-transportse\/wp-content\/uploads\/2016\/09\/usagers-transports-haut-allier-info-17sept2016-manifestation-pour-aubrac-bedarieux-france3LR-19h00.mp4\">usagers-transports-haut-allier-info-17sept2016-manifestation-pour-aubrac-bedarieux-france3LR-19h00.mp4<\/a>\n\n&nbsp;\nC&rsquo;est un serpent de mer vieux de 20 ans. La ligne de TER B\u00e9ziers Clermont n&rsquo;est pas rentable, le gouvernement souhaite donc s&rsquo;en d\u00e9sengager, mais quelques dizaines d&rsquo;usagers l&#8217;empruntent chaque jour. En cette rentr\u00e9e les \u00e9lus ont marqu\u00e9 leur col\u00e8re avec trois rassemblements successifs aujourd\u2019hui, \u00e0 Millau, Saint-Ch\u00e9ly en Loz\u00e8re et B\u00e9darieux dans l\u2019H\u00e9rault, pour demander non seulement le maintien mais la modernisation de la ligne.    \n&nbsp;\nC&rsquo;est pour la sauvegarde de la ligne B\u00e9ziers Clermont-Ferrand que ces \u00e9lus et usagers occupent la gare de B\u00e9darieux. Une action symbolique pour maintenir cette derni\u00e8re liaison Intercit\u00e9s c&rsquo;est-\u00e0-dire subventionn\u00e9e par l&rsquo;\u00e9tat. En moyenne 40 passagers fr\u00e9quentent la ligne quotidiennement. \n&nbsp;\n\u00ab\u00a0Je suis pas contente\u00a0!\u00a0\u00bb\n&nbsp;\nPourquoi\u00a0?\n&nbsp;\n\u00ab\u00a0Et bien c&rsquo;est le seul moyen que j&rsquo;ai pour aller \u00e0 B\u00e9ziers, parce que j&rsquo;ai mes enfants dans le Nord, je dois aller \u00e0 B\u00e9ziers, sur Lyon et ensuite sur Lille.\u00a0\u00bb     \n&nbsp;\nLa disparition de ce train Intercit\u00e9s ne date pas d&rsquo;hier. Depuis 1994 ses d\u00e9fenseurs se battent pour sa sauvegarde. \n&nbsp;\nJacky Tello :\n&nbsp;\n\u00ab\u00a0Ben l\u00e0 aujourd&rsquo;hui il y a une d\u00e9cision tr\u00e8s importante que devrait prendre le gouvernement&#8230; Voil\u00e0. Pour nous on essaye de peser. Il faut que le train Aubrac reste parce que c&rsquo;est ce qui conditionne l&rsquo;avenir et l&rsquo;existence de la ligne. Si le gouvernement supprime le Train d&rsquo;Equilibre du Territoire l&rsquo;Aubrac la ligne dispara\u00eet.\u00a0\u00bb   \n&nbsp;\nJusqu&rsquo;\u00e0 pr\u00e9sent l&rsquo;action du collectif a permis de reculer l&rsquo;\u00e9ch\u00e9ance. Pour les \u00e9lus de ce territoire ce train est un poumon qu&rsquo;il faut \u00e0 tous prix conserver. \n&nbsp;\nKl\u00e9ber Mesquida, d\u00e9pur\u00e9 de l\u2019H\u00e9rault\n&nbsp;\n\u00ab Je vais saisir Madame Royal qui est le ministre de l&rsquo;environnement, faire part des volont\u00e9s de l&rsquo;ensemble des \u00e9lus du territoire et des populations pour renforcer cette ligne l\u00e0 et mettre les moyens n\u00e9cessaires pour qu&rsquo;il reste un train d&rsquo;\u00e9quilibre du territoire, de comp\u00e9tence \u00e9tat.\u00a0\u00bb \u00a0\n&nbsp;\nProchain \u00e9pisode\u00a0: au minist\u00e8re des transports le 15 octobre prochain. En attendant le collectif reste mobilis\u00e9 pour lutter contre l&rsquo;isolement des hauts cantons.  \n)]\n\n<strong>Midi Libre (site web) du 17 septembre : <\/strong>\n&nbsp;\n<a href=\"http:\/\/www.midilibre.fr\/2016\/09\/17\/l-espoir-siffle-toujours-en-gare,1394997.php\">Saint-Ch\u00e9ly-d&rsquo;Apcher : mobilisation pour d\u00e9fendre le rail<\/a>\n&nbsp;\n<strong>Midi Libre encore (site web) du 17 septembre : <\/strong>\n&nbsp;\n<a href=\"http:\/\/www.midilibre.fr\/2016\/09\/17\/bedarieux-millau-et-saint-chely-se-mobilisent-pour-le-train-aubrac,1394954.php\">B\u00e9darieux, Millau et Saint-Ch\u00e9ly se mobilisent pour le train Aubrac<\/a>\n&nbsp;<p>&nbsp;<\/p>\n\n\t<figure class=\"wp-block-gallery columns-1 is-cropped wp-block-gallery-1 is-layout-flex wp-block-gallery-is-layout-flex\">\n\t\t<ul class=\"blocks-gallery-grid\">\n\t\t\t<li class=\"blocks-gallery-item\">\n\t\t\t\t<figure>\n\t\t\t\t\t\t\t\t\t\t\t<img loading=\"lazy\" decoding=\"async\" width=\"768\" height=\"432\" src=\"http:\/\/5.45.101.177\/haut-allier\/usagers-transportse\/wp-content\/uploads\/2016\/09\/vlcsnap-2016-09-18-08h19m22s194.png\"\n\t\t\t\t\t\t alt=\"vlcsnap-2016-09-18-08h19m22s194.png\"\n\t\t\t\t\t\t data-id=\"1992\"\n\t\t\t\t\t\t data-full-url=\"http:\/\/5.45.101.177\/haut-allier\/usagers-transportse\/wp-content\/uploads\/2016\/09\/vlcsnap-2016-09-18-08h19m22s194.png\"\n\t\t\t\t\t\t data-link=\"http:\/\/5.45.101.177\/haut-allier\/usagers-transportse\/attachment-vlcsnap-2016-09-18-08h19m22s194-png\/\"\n\t\t\t\t\t\t class=\"wp-image-1992\" srcset=\"https:\/\/usagers-transports.haut-allier.eu\/wp-content\/uploads\/2016\/09\/vlcsnap-2016-09-18-08h19m22s194.png 768w, https:\/\/usagers-transports.haut-allier.eu\/wp-content\/uploads\/2016\/09\/vlcsnap-2016-09-18-08h19m22s194-300x169.png 300w\" sizes=\"auto, (max-width: 768px) 100vw, 768px\" \/>\n\t\t\t\t<\/figure>\n\t\t\t<\/li>\n\t\t<\/ul>\n\t<\/figure>\n","protected":false},"excerpt":{"rendered":"<p>Voici le compte-rendu de la manifestation du samedi 17 septembre \u00e0 B\u00e9darieux pour la d\u00e9fense de la ligne<\/p>\n","protected":false},"author":1,"featured_media":1990,"comment_status":"closed","ping_status":"open","sticky":false,"template":"","format":"standard","meta":{"footnotes":""},"categories":[3],"tags":[],"class_list":["post-335","post","type-post","status-publish","format-standard","has-post-thumbnail","hentry","category-en-train"],"_links":{"self":[{"href":"https:\/\/usagers-transports.haut-allier.eu\/index.php\/wp-json\/wp\/v2\/posts\/335","targetHints":{"allow":["GET"]}}],"collection":[{"href":"https:\/\/usagers-transports.haut-allier.eu\/index.php\/wp-json\/wp\/v2\/posts"}],"about":[{"href":"https:\/\/usagers-transports.haut-allier.eu\/index.php\/wp-json\/wp\/v2\/types\/post"}],"author":[{"embeddable":true,"href":"https:\/\/usagers-transports.haut-allier.eu\/index.php\/wp-json\/wp\/v2\/users\/1"}],"replies":[{"embeddable":true,"href":"https:\/\/usagers-transports.haut-allier.eu\/index.php\/wp-json\/wp\/v2\/comments?post=335"}],"version-history":[{"count":1,"href":"https:\/\/usagers-transports.haut-allier.eu\/index.php\/wp-json\/wp\/v2\/posts\/335\/revisions"}],"predecessor-version":[{"id":1993,"href":"https:\/\/usagers-transports.haut-allier.eu\/index.php\/wp-json\/wp\/v2\/posts\/335\/revisions\/1993"}],"wp:featuredmedia":[{"embeddable":true,"href":"https:\/\/usagers-transports.haut-allier.eu\/index.php\/wp-json\/wp\/v2\/media\/1990"}],"wp:attachment":[{"href":"https:\/\/usagers-transports.haut-allier.eu\/index.php\/wp-json\/wp\/v2\/media?parent=335"}],"wp:term":[{"taxonomy":"category","embeddable":true,"href":"https:\/\/usagers-transports.haut-allier.eu\/index.php\/wp-json\/wp\/v2\/categories?post=335"},{"taxonomy":"post_tag","embeddable":true,"href":"https:\/\/usagers-transports.haut-allier.eu\/index.php\/wp-json\/wp\/v2\/tags?post=335"}],"curies":[{"name":"wp","href":"https:\/\/api.w.org\/{rel}","templated":true}]}}