{"id":336,"date":"2016-09-18T19:50:37","date_gmt":"2016-09-18T17:50:37","guid":{"rendered":"http:\/\/5.45.101.177\/haut-allier\/usagers-transportse\/index.php\/2016\/09\/18\/revue-de-presse-et-si-on336\/"},"modified":"2026-09-01T15:54:02","modified_gmt":"2026-09-01T13:54:02","slug":"revue-de-presse-et-si-on336","status":"publish","type":"post","link":"https:\/\/usagers-transports.haut-allier.eu\/index.php\/2016\/09\/18\/revue-de-presse-et-si-on336\/","title":{"rendered":"Revue de presse : Et si on privatisait le rail ?"},"content":{"rendered":"Un dossier r\u00e9cent de Capital&#8230; oui on sait c&rsquo;est toujours un peu parti pris quand on cite Capital, donc un article de Capital analyse ce qu&rsquo;il s&rsquo;est pass\u00e9 (de bon) dans les autres pays europ\u00e9ens au niveau des services et de l&rsquo;\u00e9tat des r\u00e9seaux ferroviaires apr\u00e8s leur privatisation. R\u00e9sultats \u00e9difiants selon le magazine qui plaide pour une privatisation rapide du r\u00e9seau fran\u00e7ais. A lire pour ne pas mourir idiot et s&rsquo;\u00e9chapper un instant du doux chant lancinant  des cheminots :\n&nbsp;\n<img loading=\"lazy\" decoding=\"async\" class=\" aligncenter size-full wp-image-1995\" src=\"http:\/\/5.45.101.177\/haut-allier\/usagers-transportse\/wp-content\/uploads\/2016\/09\/capiitalll-scaled.jpg\" alt=\"capiitalll.jpg\" align=\"center\" width=\"234\" height=\"2560\" \/>\n&nbsp;\n<img loading=\"lazy\" decoding=\"async\" class=\" aligncenter size-full wp-image-1996\" src=\"http:\/\/5.45.101.177\/haut-allier\/usagers-transportse\/wp-content\/uploads\/2016\/09\/capital-actu_sncf.jpg\" alt=\"capital-actu_sncf.jpg\" align=\"center\" width=\"1778\" height=\"758\" srcset=\"https:\/\/usagers-transports.haut-allier.eu\/wp-content\/uploads\/2016\/09\/capital-actu_sncf.jpg 1778w, https:\/\/usagers-transports.haut-allier.eu\/wp-content\/uploads\/2016\/09\/capital-actu_sncf-300x128.jpg 300w, https:\/\/usagers-transports.haut-allier.eu\/wp-content\/uploads\/2016\/09\/capital-actu_sncf-1024x437.jpg 1024w, https:\/\/usagers-transports.haut-allier.eu\/wp-content\/uploads\/2016\/09\/capital-actu_sncf-768x327.jpg 768w, https:\/\/usagers-transports.haut-allier.eu\/wp-content\/uploads\/2016\/09\/capital-actu_sncf-1536x655.jpg 1536w\" sizes=\"auto, (max-width: 1778px) 100vw, 1778px\" \/><p>&nbsp;<\/p>\n\n\t<figure class=\"wp-block-gallery columns-2 is-cropped wp-block-gallery-1 is-layout-flex wp-block-gallery-is-layout-flex\">\n\t\t<ul class=\"blocks-gallery-grid\">\n\t\t\t<li class=\"blocks-gallery-item\">\n\t\t\t\t<figure>\n\t\t\t\t\t\t\t\t\t\t\t<img loading=\"lazy\" decoding=\"async\" width=\"300\" height=\"453\" src=\"http:\/\/5.45.101.177\/haut-allier\/usagers-transportse\/wp-content\/uploads\/2016\/09\/capiitalll-w.jpg\"\n\t\t\t\t\t\t alt=\"capiitalll-w.jpg\"\n\t\t\t\t\t\t data-id=\"1997\"\n\t\t\t\t\t\t data-full-url=\"http:\/\/5.45.101.177\/haut-allier\/usagers-transportse\/wp-content\/uploads\/2016\/09\/capiitalll-w.jpg\"\n\t\t\t\t\t\t data-link=\"http:\/\/5.45.101.177\/haut-allier\/usagers-transportse\/attachment-capiitalll-w-jpg\/\"\n\t\t\t\t\t\t class=\"wp-image-1997\" srcset=\"https:\/\/usagers-transports.haut-allier.eu\/wp-content\/uploads\/2016\/09\/capiitalll-w.jpg 300w, https:\/\/usagers-transports.haut-allier.eu\/wp-content\/uploads\/2016\/09\/capiitalll-w-199x300.jpg 199w\" sizes=\"auto, (max-width: 300px) 100vw, 300px\" \/>\n\t\t\t\t<\/figure>\n\t\t\t<\/li>\n\t\t\t<li class=\"blocks-gallery-item\">\n\t\t\t\t<figure>\n\t\t\t\t\t\t\t\t\t\t\t<img loading=\"lazy\" decoding=\"async\" width=\"800\" height=\"341\" src=\"http:\/\/5.45.101.177\/haut-allier\/usagers-transportse\/wp-content\/uploads\/2016\/09\/capital-actu_sncf-w.jpg\"\n\t\t\t\t\t\t alt=\"capital-actu_sncf-w.jpg\"\n\t\t\t\t\t\t data-id=\"1998\"\n\t\t\t\t\t\t data-full-url=\"http:\/\/5.45.101.177\/haut-allier\/usagers-transportse\/wp-content\/uploads\/2016\/09\/capital-actu_sncf-w.jpg\"\n\t\t\t\t\t\t data-link=\"http:\/\/5.45.101.177\/haut-allier\/usagers-transportse\/attachment-capital-actu_sncf-w-jpg\/\"\n\t\t\t\t\t\t class=\"wp-image-1998\" srcset=\"https:\/\/usagers-transports.haut-allier.eu\/wp-content\/uploads\/2016\/09\/capital-actu_sncf-w.jpg 800w, https:\/\/usagers-transports.haut-allier.eu\/wp-content\/uploads\/2016\/09\/capital-actu_sncf-w-300x128.jpg 300w, https:\/\/usagers-transports.haut-allier.eu\/wp-content\/uploads\/2016\/09\/capital-actu_sncf-w-768x327.jpg 768w\" sizes=\"auto, (max-width: 800px) 100vw, 800px\" \/>\n\t\t\t\t<\/figure>\n\t\t\t<\/li>\n\t\t<\/ul>\n\t<\/figure>\n","protected":false},"excerpt":{"rendered":"<p>Un dossier r\u00e9cent de Capital&#8230; oui on sait c&rsquo;est toujours un peu parti pris quand on cite Capital,<\/p>\n","protected":false},"author":1,"featured_media":1994,"comment_status":"closed","ping_status":"open","sticky":false,"template":"","format":"standard","meta":{"footnotes":""},"categories":[3],"tags":[],"class_list":["post-336","post","type-post","status-publish","format-standard","has-post-thumbnail","hentry","category-en-train"],"_links":{"self":[{"href":"https:\/\/usagers-transports.haut-allier.eu\/index.php\/wp-json\/wp\/v2\/posts\/336","targetHints":{"allow":["GET"]}}],"collection":[{"href":"https:\/\/usagers-transports.haut-allier.eu\/index.php\/wp-json\/wp\/v2\/posts"}],"about":[{"href":"https:\/\/usagers-transports.haut-allier.eu\/index.php\/wp-json\/wp\/v2\/types\/post"}],"author":[{"embeddable":true,"href":"https:\/\/usagers-transports.haut-allier.eu\/index.php\/wp-json\/wp\/v2\/users\/1"}],"replies":[{"embeddable":true,"href":"https:\/\/usagers-transports.haut-allier.eu\/index.php\/wp-json\/wp\/v2\/comments?post=336"}],"version-history":[{"count":1,"href":"https:\/\/usagers-transports.haut-allier.eu\/index.php\/wp-json\/wp\/v2\/posts\/336\/revisions"}],"predecessor-version":[{"id":1999,"href":"https:\/\/usagers-transports.haut-allier.eu\/index.php\/wp-json\/wp\/v2\/posts\/336\/revisions\/1999"}],"wp:featuredmedia":[{"embeddable":true,"href":"https:\/\/usagers-transports.haut-allier.eu\/index.php\/wp-json\/wp\/v2\/media\/1994"}],"wp:attachment":[{"href":"https:\/\/usagers-transports.haut-allier.eu\/index.php\/wp-json\/wp\/v2\/media?parent=336"}],"wp:term":[{"taxonomy":"category","embeddable":true,"href":"https:\/\/usagers-transports.haut-allier.eu\/index.php\/wp-json\/wp\/v2\/categories?post=336"},{"taxonomy":"post_tag","embeddable":true,"href":"https:\/\/usagers-transports.haut-allier.eu\/index.php\/wp-json\/wp\/v2\/tags?post=336"}],"curies":[{"name":"wp","href":"https:\/\/api.w.org\/{rel}","templated":true}]}}