{"id":337,"date":"2016-09-28T13:47:11","date_gmt":"2016-09-28T11:47:11","guid":{"rendered":"http:\/\/5.45.101.177\/haut-allier\/usagers-transportse\/index.php\/2016\/09\/28\/bus-macron-deutsche-bahn-saborde337\/"},"modified":"2016-09-28T13:47:11","modified_gmt":"2016-09-28T11:47:11","slug":"bus-macron-deutsche-bahn-saborde337","status":"publish","type":"post","link":"https:\/\/usagers-transports.haut-allier.eu\/index.php\/2016\/09\/28\/bus-macron-deutsche-bahn-saborde337\/","title":{"rendered":"Bus Macron : Deutsche Bahn saborde sa filiale d&rsquo;autocars"},"content":{"rendered":"<p>Guillaume Pipo et le gouvernement, dont Macron qui s&rsquo;en est \u00e9chapp\u00e9, dommage \u00e7a le concernait, feraient bien de jeter un oeil inquiet \u00e0 ce qui se passe outre Rhin, eux qui n&rsquo;ont de cesse de s&rsquo;y r\u00e9f\u00e9rer : DB est en train de fermer sa filiale BLB et ses 40 lignes \u00e0 travers le pays.<br \/>\n&nbsp;<br \/>\nExtrait de l&rsquo;article de Mobilicit\u00e9s sur lequel <a href=\"http:\/\/www.mobilicites.com\/011-5406-Allemagne-la-DB-saborde-sa-filiale-autocar-linien-bus.html\"><strong>nous vous renvoyons<\/strong><\/a> :<br \/>\n&nbsp;<br \/>\n<em>Lass\u00e9e d&rsquo;essuyer des pertes dans un secteur o\u00f9, depuis son ouverture en 2013, elle n&rsquo;a jamais gagn\u00e9 d&rsquo;argent, la DB va se concentrer sur son r\u00e9seau ferroviaire et les liaisons autocars qui le compl\u00e8tent, pas celles qui le concurrencent.<\/em><br \/>\n&nbsp;<br \/>\nComme on aime entendre ceci&#8230; C&rsquo;est ce que nous r\u00e9clamons pour la SNCF depuis des lustres : qu&rsquo;elle fasse son m\u00e9tier et am\u00e9liore son service aux usagers, lui qui se d\u00e9grade d&rsquo;ann\u00e9es en ann\u00e9es.<br \/>\n&nbsp;<br \/>\nMais nos politiques, notre gouvernement, les \u00e9diles de la pieuvre SNCF, englu\u00e9s dans les dettes qu&rsquo;ils creusent tous les jours, au rythme des douces m\u00e9lop\u00e9es des <em>pianos en gare<\/em> et \u00e0 la cadence d&rsquo;enfer des <a href=\"http:\/\/garetgv.free.fr\/\"><em>chantiers de gares TGV inutiles<\/em><\/a> d\u00e9but\u00e9s souvent sans permis et nous co\u00fbtant des centaines de millions d&rsquo;euros, sauront-ils s&rsquo;inspirer de l&rsquo;exp\u00e9rience teutonne ? Certainement. Mais trop tard, dans 5 ans. Faisons leur confiance.<\/p>\n","protected":false},"excerpt":{"rendered":"<p>Guillaume Pipo et le gouvernement, dont Macron qui s&rsquo;en est \u00e9chapp\u00e9, dommage \u00e7a le concernait, feraient bien de<\/p>\n","protected":false},"author":1,"featured_media":2000,"comment_status":"closed","ping_status":"open","sticky":false,"template":"","format":"standard","meta":{"footnotes":""},"categories":[4],"tags":[],"class_list":["post-337","post","type-post","status-publish","format-standard","has-post-thumbnail","hentry","category-en-bus"],"_links":{"self":[{"href":"https:\/\/usagers-transports.haut-allier.eu\/index.php\/wp-json\/wp\/v2\/posts\/337","targetHints":{"allow":["GET"]}}],"collection":[{"href":"https:\/\/usagers-transports.haut-allier.eu\/index.php\/wp-json\/wp\/v2\/posts"}],"about":[{"href":"https:\/\/usagers-transports.haut-allier.eu\/index.php\/wp-json\/wp\/v2\/types\/post"}],"author":[{"embeddable":true,"href":"https:\/\/usagers-transports.haut-allier.eu\/index.php\/wp-json\/wp\/v2\/users\/1"}],"replies":[{"embeddable":true,"href":"https:\/\/usagers-transports.haut-allier.eu\/index.php\/wp-json\/wp\/v2\/comments?post=337"}],"version-history":[{"count":0,"href":"https:\/\/usagers-transports.haut-allier.eu\/index.php\/wp-json\/wp\/v2\/posts\/337\/revisions"}],"wp:featuredmedia":[{"embeddable":true,"href":"https:\/\/usagers-transports.haut-allier.eu\/index.php\/wp-json\/wp\/v2\/media\/2000"}],"wp:attachment":[{"href":"https:\/\/usagers-transports.haut-allier.eu\/index.php\/wp-json\/wp\/v2\/media?parent=337"}],"wp:term":[{"taxonomy":"category","embeddable":true,"href":"https:\/\/usagers-transports.haut-allier.eu\/index.php\/wp-json\/wp\/v2\/categories?post=337"},{"taxonomy":"post_tag","embeddable":true,"href":"https:\/\/usagers-transports.haut-allier.eu\/index.php\/wp-json\/wp\/v2\/tags?post=337"}],"curies":[{"name":"wp","href":"https:\/\/api.w.org\/{rel}","templated":true}]}}