{"id":338,"date":"2016-10-01T09:17:54","date_gmt":"2016-10-01T07:17:54","guid":{"rendered":"http:\/\/5.45.101.177\/haut-allier\/usagers-transportse\/index.php\/2016\/10\/01\/les-senateurs-veulent-une338\/"},"modified":"2026-09-01T15:54:02","modified_gmt":"2026-09-01T13:54:02","slug":"les-senateurs-veulent-une338","status":"publish","type":"post","link":"https:\/\/usagers-transports.haut-allier.eu\/index.php\/2016\/10\/01\/les-senateurs-veulent-une338\/","title":{"rendered":"Les s\u00e9nateurs veulent une am\u00e9lioration du r\u00e9seau SNCF existant : l&rsquo;Occitanie pr\u00e9f\u00e8re le tr\u00e8s cher et inutile TGV"},"content":{"rendered":"Malgr\u00e9 les beaux discours et le bel enfumage des Etats g\u00e9n\u00e9raux du rail auxquels nous avons aussi particip\u00e9, la pr\u00e9sidente de la r\u00e9gion Carole Delga et pire le d\u00e9l\u00e9gu\u00e9 aux Etats g\u00e9n\u00e9raux du rail Christian Dupraz d\u00e9clarent ouvertement maintenant sur France 3 que le choix des s\u00e9nateurs dans un rapport remis au gouvernement, <strong>demandant le gel pendant 15 ans des travaux sur les lignes TGV Montpellier Perpignan et Bordeaux Toulouse au b\u00e9n\u00e9fice du renouvellement des r\u00e9seaux existants<\/strong>, est mauvais !\n&nbsp;\nLa d\u00e9claration :\n&nbsp;\n<em>\u00ab\u00a0Les s\u00e9nateurs ont une vision de l&rsquo;am\u00e9nagement du territoire et de la solidarit\u00e9 territoriale quand m\u00eame tr\u00e8s limit\u00e9e. Donc voil\u00e0, je m&rsquo;oppose compl\u00e8tement \u00e0 ces conclusions. Il est n\u00e9cessaire que la LGV arrive \u00e9quitablement dans tous les territoires et en particulier dans notre r\u00e9gion.\u00a0\u00bb<\/em>  \n&nbsp;\nCelle de Dupraz.\n&nbsp;\n<em>\u00ab\u00a0On va avancer pas \u00e0 pas et on va ne pas privil\u00e9gier Bordeaux Toulouse vis-\u00e0-vis de Montpellier Perpignan ou l&rsquo;inverse. On va essayer d&rsquo;avoir un \u00e9quilibre entre les deux et d&rsquo;avancer sur les deux c\u00f4t\u00e9s en m\u00eame temps. \u00c7a ira peut-\u00eatre moins vite que ce qu&rsquo;on esp\u00e9rait mais on est toujours d\u00e9termin\u00e9s \u00e0 faire avancer.\u00a0\u00bb   <\/em> \n&nbsp;\nLes conclusions des Etats g\u00e9n\u00e9raux du rail organis\u00e9s par la m\u00eame r\u00e9gion pour amuser la galerie pendant plusieurs mois, plus de 30 r\u00e9unions, sont ainsi une fois de plus <strong>bafou\u00e9es pour satisfaire les petits potentats locaux imb\u00e9ciles<\/strong>, en clair les amis politiques.\n&nbsp;\nQuoi de plus lamentable que des hommes et des femmes cens\u00e9s nous repr\u00e9senter et sans honte d\u00e9clarer le contraire de ce qu&rsquo;ils ont pu dire il y a quelques mois concernant les priorit\u00e9s dans le transport public !       \n&nbsp;\n<strong>Voici l&rsquo;extrait du journal de France 3 Languedoc Roussillon du 30 septembre \u00e0 19 heures :<\/strong>\n&nbsp;\n<a href=\"http:\/\/5.45.101.177\/haut-allier\/usagers-transportse\/wp-content\/uploads\/2016\/10\/usagers-transports-haut-allier-eu-30-sept-2016-france3-lr-LGV.mp4\">usagers-transports-haut-allier-eu-30-sept-2016-france3-lr-LGV.mp4<\/a>\n&nbsp;\n<strong>On comprend mieux ainsi comment les fran\u00e7ais se d\u00e9tournent durablement de toute la classe politique professionnelle install\u00e9e !<\/strong>\n&nbsp;\nOn comprend moins bien comment certains groupements d&rsquo;usagers peuvent encore jouer leur jeu actuellement. En tous cas, de notre c\u00f4t\u00e9, on ne nous y reprendra pas.\n<p>&nbsp;<\/p>\n\n\t<figure class=\"wp-block-gallery columns-1 is-cropped wp-block-gallery-1 is-layout-flex wp-block-gallery-is-layout-flex\">\n\t\t<ul class=\"blocks-gallery-grid\">\n\t\t\t<li class=\"blocks-gallery-item\">\n\t\t\t\t<figure>\n\t\t\t\t\t\t\t\t\t\t\t<img loading=\"lazy\" decoding=\"async\" width=\"768\" height=\"432\" src=\"http:\/\/5.45.101.177\/haut-allier\/usagers-transportse\/wp-content\/uploads\/2016\/10\/vlcsnap-2016-10-01-08h44m45s76.png\"\n\t\t\t\t\t\t alt=\"vlcsnap-2016-10-01-08h44m45s76.png\"\n\t\t\t\t\t\t data-id=\"2003\"\n\t\t\t\t\t\t data-full-url=\"http:\/\/5.45.101.177\/haut-allier\/usagers-transportse\/wp-content\/uploads\/2016\/10\/vlcsnap-2016-10-01-08h44m45s76.png\"\n\t\t\t\t\t\t data-link=\"http:\/\/5.45.101.177\/haut-allier\/usagers-transportse\/attachment-vlcsnap-2016-10-01-08h44m45s76-png\/\"\n\t\t\t\t\t\t class=\"wp-image-2003\" srcset=\"https:\/\/usagers-transports.haut-allier.eu\/wp-content\/uploads\/2016\/10\/vlcsnap-2016-10-01-08h44m45s76.png 768w, https:\/\/usagers-transports.haut-allier.eu\/wp-content\/uploads\/2016\/10\/vlcsnap-2016-10-01-08h44m45s76-300x169.png 300w\" sizes=\"auto, (max-width: 768px) 100vw, 768px\" \/>\n\t\t\t\t<\/figure>\n\t\t\t<\/li>\n\t\t<\/ul>\n\t<\/figure>\n","protected":false},"excerpt":{"rendered":"<p>Malgr\u00e9 les beaux discours et le bel enfumage des Etats g\u00e9n\u00e9raux du rail auxquels nous avons aussi particip\u00e9,<\/p>\n","protected":false},"author":1,"featured_media":2001,"comment_status":"closed","ping_status":"open","sticky":false,"template":"","format":"standard","meta":{"footnotes":""},"categories":[3],"tags":[],"class_list":["post-338","post","type-post","status-publish","format-standard","has-post-thumbnail","hentry","category-en-train"],"_links":{"self":[{"href":"https:\/\/usagers-transports.haut-allier.eu\/index.php\/wp-json\/wp\/v2\/posts\/338","targetHints":{"allow":["GET"]}}],"collection":[{"href":"https:\/\/usagers-transports.haut-allier.eu\/index.php\/wp-json\/wp\/v2\/posts"}],"about":[{"href":"https:\/\/usagers-transports.haut-allier.eu\/index.php\/wp-json\/wp\/v2\/types\/post"}],"author":[{"embeddable":true,"href":"https:\/\/usagers-transports.haut-allier.eu\/index.php\/wp-json\/wp\/v2\/users\/1"}],"replies":[{"embeddable":true,"href":"https:\/\/usagers-transports.haut-allier.eu\/index.php\/wp-json\/wp\/v2\/comments?post=338"}],"version-history":[{"count":1,"href":"https:\/\/usagers-transports.haut-allier.eu\/index.php\/wp-json\/wp\/v2\/posts\/338\/revisions"}],"predecessor-version":[{"id":2004,"href":"https:\/\/usagers-transports.haut-allier.eu\/index.php\/wp-json\/wp\/v2\/posts\/338\/revisions\/2004"}],"wp:featuredmedia":[{"embeddable":true,"href":"https:\/\/usagers-transports.haut-allier.eu\/index.php\/wp-json\/wp\/v2\/media\/2001"}],"wp:attachment":[{"href":"https:\/\/usagers-transports.haut-allier.eu\/index.php\/wp-json\/wp\/v2\/media?parent=338"}],"wp:term":[{"taxonomy":"category","embeddable":true,"href":"https:\/\/usagers-transports.haut-allier.eu\/index.php\/wp-json\/wp\/v2\/categories?post=338"},{"taxonomy":"post_tag","embeddable":true,"href":"https:\/\/usagers-transports.haut-allier.eu\/index.php\/wp-json\/wp\/v2\/tags?post=338"}],"curies":[{"name":"wp","href":"https:\/\/api.w.org\/{rel}","templated":true}]}}