{"id":339,"date":"2016-10-04T08:27:50","date_gmt":"2016-10-04T06:27:50","guid":{"rendered":"http:\/\/5.45.101.177\/haut-allier\/usagers-transportse\/index.php\/2016\/10\/04\/un-tgv-intercites-non-electrique339\/"},"modified":"2016-10-04T08:27:50","modified_gmt":"2016-10-04T06:27:50","slug":"un-tgv-intercites-non-electrique339","status":"publish","type":"post","link":"https:\/\/usagers-transports.haut-allier.eu\/index.php\/2016\/10\/04\/un-tgv-intercites-non-electrique339\/","title":{"rendered":"Un TGV Intercit\u00e9s non \u00e9lectrique sur la ligne des C\u00e9vennes ?"},"content":{"rendered":"<p>C&rsquo;est pas demain la veille ! Pourtant le gouvernement envisage parmi les pistes pour maintenir l\u2019activit\u00e9 \u00e0 l&rsquo;usine Alsthom de Belfort de commander 16 TGV pour ses lignes \u00e0 basse vitesse Intercit\u00e9s.<br \/>\n&nbsp;<br \/>\nA priori ils seraient attribu\u00e9s \u00e0 la desserte Bordeaux Nice mais cela lib\u00e9rerait ainsi d&rsquo;autres rames qui peut-\u00eatre pourraient \u00eatre attribu\u00e9s \u00e0 notre ligne des C\u00e9vennes ? En tous cas ce serait logique vu l&rsquo;\u00e9tat du mat\u00e9riel actuel, toujours remplac\u00e9 \u00e0 ce jour par les suppositoires bleus.<br \/>\n&nbsp;<br \/>\nTout l&rsquo;article du Monde : <a href=\"http:\/\/www.lemonde.fr\/economie\/article\/2016\/10\/03\/a-belfort-l-attente-avant-le-plan-du-gouvernement_5007276_3234.html\">Alstom : les pistes du gouvernement pour maintenir l\u2019activit\u00e9 \u00e0 Belfort<\/a><br \/>\n&nbsp;<br \/>\nPendant ce temps une manifestation de soutien au C\u00e9venol est pr\u00e9vue \u00e0 Langogne le 15 octobre 2016 \u00e0 15h30 lanc\u00e9e par <a href=\"http:\/\/www.defense-promotion-cevenol.fr\/site\/15-octobre-2016-Grand-rendez-vous\"><strong>l&rsquo;association des \u00e9lus pour la d\u00e9fense du C\u00e9venol<\/strong><\/a>.<br \/>\n&nbsp;<br \/>\nUn autre rassemblement est pr\u00e9vu le m\u00eame jour \u00e0 G\u00e9nolhac \u00e0 10 heures.<br \/>\n&nbsp;<\/p>\n","protected":false},"excerpt":{"rendered":"<p>C&rsquo;est pas demain la veille ! Pourtant le gouvernement envisage parmi les pistes pour maintenir l\u2019activit\u00e9 \u00e0 l&rsquo;usine<\/p>\n","protected":false},"author":1,"featured_media":2005,"comment_status":"closed","ping_status":"open","sticky":false,"template":"","format":"standard","meta":{"footnotes":""},"categories":[3],"tags":[],"class_list":["post-339","post","type-post","status-publish","format-standard","has-post-thumbnail","hentry","category-en-train"],"_links":{"self":[{"href":"https:\/\/usagers-transports.haut-allier.eu\/index.php\/wp-json\/wp\/v2\/posts\/339","targetHints":{"allow":["GET"]}}],"collection":[{"href":"https:\/\/usagers-transports.haut-allier.eu\/index.php\/wp-json\/wp\/v2\/posts"}],"about":[{"href":"https:\/\/usagers-transports.haut-allier.eu\/index.php\/wp-json\/wp\/v2\/types\/post"}],"author":[{"embeddable":true,"href":"https:\/\/usagers-transports.haut-allier.eu\/index.php\/wp-json\/wp\/v2\/users\/1"}],"replies":[{"embeddable":true,"href":"https:\/\/usagers-transports.haut-allier.eu\/index.php\/wp-json\/wp\/v2\/comments?post=339"}],"version-history":[{"count":0,"href":"https:\/\/usagers-transports.haut-allier.eu\/index.php\/wp-json\/wp\/v2\/posts\/339\/revisions"}],"wp:featuredmedia":[{"embeddable":true,"href":"https:\/\/usagers-transports.haut-allier.eu\/index.php\/wp-json\/wp\/v2\/media\/2005"}],"wp:attachment":[{"href":"https:\/\/usagers-transports.haut-allier.eu\/index.php\/wp-json\/wp\/v2\/media?parent=339"}],"wp:term":[{"taxonomy":"category","embeddable":true,"href":"https:\/\/usagers-transports.haut-allier.eu\/index.php\/wp-json\/wp\/v2\/categories?post=339"},{"taxonomy":"post_tag","embeddable":true,"href":"https:\/\/usagers-transports.haut-allier.eu\/index.php\/wp-json\/wp\/v2\/tags?post=339"}],"curies":[{"name":"wp","href":"https:\/\/api.w.org\/{rel}","templated":true}]}}