{"id":340,"date":"2016-10-05T08:38:49","date_gmt":"2016-10-05T06:38:49","guid":{"rendered":"http:\/\/5.45.101.177\/haut-allier\/usagers-transportse\/index.php\/2016\/10\/05\/ligne-du-train-cevenol-horaires340\/"},"modified":"2016-10-05T08:38:49","modified_gmt":"2016-10-05T06:38:49","slug":"ligne-du-train-cevenol-horaires340","status":"publish","type":"post","link":"https:\/\/usagers-transports.haut-allier.eu\/index.php\/2016\/10\/05\/ligne-du-train-cevenol-horaires340\/","title":{"rendered":"Ligne du train C\u00e9venol : horaires pendant les travaux d&rsquo;octobre \/ novembre \/ d\u00e9cembre"},"content":{"rendered":"<p>Un d\u00e9fenseur de la ligne du train C\u00e9venol nous communique :<br \/>\n&nbsp;<br \/>\nPour information, en r\u00e9sum\u00e9, ci-apr\u00e8s l&rsquo;incidence des travaux pr\u00e9vus sur la Ligne des C\u00e9vennes en octobre, novembre et d\u00e9cembre 2016 concernant les 3 AR quotidiens Clermont-Ferrand <> N\u00eemes :<br \/>\n&nbsp;<br \/>\n\u2022 du 2\/10 au 14\/10<br \/>\n&#8211; IC C\u00e9venol 15952 &#038; 15957 => service normal<br \/>\n&#8211; 873990 => train + autocar.<br \/>\n&#8211; 873991 => train + autocar + train.<br \/>\n&#8211; 873994 => terminus Langogne.<br \/>\n&#8211; 873995 => report sur 873803 jusqu&rsquo;\u00e0 Arvant + autocar jusqu&rsquo;\u00e0 Langeac<br \/>\n&#8211; 873997 => train uniquement de Langogne \u00e0 N\u00eemes du lundi au jeudi<br \/>\n&#8211; 873999 => train sur tout le parcours le vendredi<br \/>\n&nbsp;<br \/>\n\u2022 du 24\/10 au 4\/11<br \/>\n&#8211; 873991 => autocar entre Al\u00e8s et N\u00eemes<br \/>\n&#8211; Autres trains => service normal<\/p>\n<p>&nbsp;<\/p>\n<p><strong>Concernant les ruptures de correspondances \u00e0 Clermont : <\/strong><br \/>\n&nbsp;<br \/>\n\u00ab\u00a0Autre information, positive et d&rsquo;importance ! Un e-mail de la Direction InterCit\u00e9s \u00e0 \u00e9t\u00e9 re\u00e7u le lundi 3 octobre suite \u00e0 r\u00e9clamations incessantes d&rsquo;un usager concernant le probl\u00e8me d&rsquo;une rupture de correspondance initialement programm\u00e9e les week-end d&rsquo;octobre \/ d\u00e9but novembre et tous les jours de mi-novembre \u00e0 mi-d\u00e9cembre (fin de service) entre C\u00e9venol 15952 en soir\u00e9e \u00e0 Clermont-Ferrand et ex-T\u00e9oz 5990 vers Paris.\u00a0\u00bb<br \/>\n&nbsp;<br \/>\n\u00ab\u00a0Apr\u00e8s avoir \u0153uvr\u00e9 longuement pour emp\u00eacher cette situation inacceptable, nous avons confirmation que, malgr\u00e9 les travaux pr\u00e9vus en \u00cele de France et \u00e0 l&rsquo;origine de cette rupture de correspondance suite \u00e0 horaires incompatibles, cette correspondance est finalement r\u00e9tablie sur l&rsquo;ensemble des mois d&rsquo;octobre, novembre et d\u00e9cembre apr\u00e8s ajustement des horaires de ces deux trains permettant un temps de correspondance minimal mais suffisant \u00e0 Clermont-Ferrand pour la commercialisation du parcours. NB : les possibilit\u00e9s d&rsquo;achat des billets pour ce parcours de fin de journ\u00e9e en sens Sud > Nord devraient \u00eatre \u00ab\u00a0re\u00a0\u00bbcharg\u00e9es sur les serveurs &#8211; guichets, bornes et Internet &#8211; avant la fin de cette semaine.\u00a0\u00bb<\/p>\n","protected":false},"excerpt":{"rendered":"<p>Un d\u00e9fenseur de la ligne du train C\u00e9venol nous communique : &nbsp; Pour information, en r\u00e9sum\u00e9, ci-apr\u00e8s l&rsquo;incidence<\/p>\n","protected":false},"author":1,"featured_media":2006,"comment_status":"closed","ping_status":"open","sticky":false,"template":"","format":"standard","meta":{"footnotes":""},"categories":[3],"tags":[],"class_list":["post-340","post","type-post","status-publish","format-standard","has-post-thumbnail","hentry","category-en-train"],"_links":{"self":[{"href":"https:\/\/usagers-transports.haut-allier.eu\/index.php\/wp-json\/wp\/v2\/posts\/340","targetHints":{"allow":["GET"]}}],"collection":[{"href":"https:\/\/usagers-transports.haut-allier.eu\/index.php\/wp-json\/wp\/v2\/posts"}],"about":[{"href":"https:\/\/usagers-transports.haut-allier.eu\/index.php\/wp-json\/wp\/v2\/types\/post"}],"author":[{"embeddable":true,"href":"https:\/\/usagers-transports.haut-allier.eu\/index.php\/wp-json\/wp\/v2\/users\/1"}],"replies":[{"embeddable":true,"href":"https:\/\/usagers-transports.haut-allier.eu\/index.php\/wp-json\/wp\/v2\/comments?post=340"}],"version-history":[{"count":0,"href":"https:\/\/usagers-transports.haut-allier.eu\/index.php\/wp-json\/wp\/v2\/posts\/340\/revisions"}],"wp:featuredmedia":[{"embeddable":true,"href":"https:\/\/usagers-transports.haut-allier.eu\/index.php\/wp-json\/wp\/v2\/media\/2006"}],"wp:attachment":[{"href":"https:\/\/usagers-transports.haut-allier.eu\/index.php\/wp-json\/wp\/v2\/media?parent=340"}],"wp:term":[{"taxonomy":"category","embeddable":true,"href":"https:\/\/usagers-transports.haut-allier.eu\/index.php\/wp-json\/wp\/v2\/categories?post=340"},{"taxonomy":"post_tag","embeddable":true,"href":"https:\/\/usagers-transports.haut-allier.eu\/index.php\/wp-json\/wp\/v2\/tags?post=340"}],"curies":[{"name":"wp","href":"https:\/\/api.w.org\/{rel}","templated":true}]}}