{"id":343,"date":"2016-11-04T11:13:03","date_gmt":"2016-11-04T10:13:03","guid":{"rendered":"http:\/\/5.45.101.177\/haut-allier\/usagers-transportse\/index.php\/2016\/11\/04\/auvergne-rhone-alpes-le-budget343\/"},"modified":"2016-11-04T11:13:03","modified_gmt":"2016-11-04T10:13:03","slug":"auvergne-rhone-alpes-le-budget343","status":"publish","type":"post","link":"https:\/\/usagers-transports.haut-allier.eu\/index.php\/2016\/11\/04\/auvergne-rhone-alpes-le-budget343\/","title":{"rendered":"Auvergne Rh\u00f4ne Alpes : le budget allou\u00e9 au sauvetage des petites lignes doubl\u00e9 jusqu&rsquo;en 2020"},"content":{"rendered":"<p>Mais pas de miracle ! L&rsquo;ensemble des financeurs concern\u00e9s par le transport ferroviaire, l&rsquo;\u00e9tat, la SNCF et la r\u00e9gion ARA, vient de doubler le budget pr\u00e9vu initialement qui passe de 139 millions d\u2019euros \u00e0 264.<\/p>\n<p>Malgr\u00e9 les d\u00e9clarations effrayantes de W au d\u00e9but de son mandat et donc les craintes des associations d&rsquo;usagers, la r\u00e9gion se voit oblig\u00e9e d&rsquo;augmenter sa participation de 86 \u00e0 111 millions d&rsquo;euros. <\/p>\n<p>C&rsquo;est un<strong> sauvetage<\/strong> devant la situation alarmante de l&rsquo;\u00e9tat du r\u00e9seau et c&rsquo;est une bonne nouvelle mais certaines lignes seront quand m\u00eame ferm\u00e9es comme Thiers Bo\u00ebn. Un pur scandale.<\/p>\n<p>&#8211; Sur France Bleu Auvergne : <a href=\"https:\/\/www.francebleu.fr\/infos\/transports\/region-830-km-de-petites-lignes-de-train-sauves-le-clermont-saint-etienne-condamne-1478229376\">830 km de petites lignes de train sauv\u00e9s, le Clermont-Saint-Etienne condamn\u00e9<\/a><\/p>\n<p>&#8211; Sur France 3 Auvergne : <a href=\"http:\/\/france3-regions.francetvinfo.fr\/auvergne\/region-auvergne-rhone-alpes-lance-plan-sauvetage-petites-voies-ferrees-1122349.html\">La r\u00e9gion Auvergne Rh\u00f4ne Alpes lance un plan de sauvetage des petites voies ferr\u00e9es<\/a><\/p>\n","protected":false},"excerpt":{"rendered":"<p>Mais pas de miracle ! L&rsquo;ensemble des financeurs concern\u00e9s par le transport ferroviaire, l&rsquo;\u00e9tat, la SNCF et la<\/p>\n","protected":false},"author":1,"featured_media":2008,"comment_status":"closed","ping_status":"open","sticky":false,"template":"","format":"standard","meta":{"footnotes":""},"categories":[3],"tags":[],"class_list":["post-343","post","type-post","status-publish","format-standard","has-post-thumbnail","hentry","category-en-train"],"_links":{"self":[{"href":"https:\/\/usagers-transports.haut-allier.eu\/index.php\/wp-json\/wp\/v2\/posts\/343","targetHints":{"allow":["GET"]}}],"collection":[{"href":"https:\/\/usagers-transports.haut-allier.eu\/index.php\/wp-json\/wp\/v2\/posts"}],"about":[{"href":"https:\/\/usagers-transports.haut-allier.eu\/index.php\/wp-json\/wp\/v2\/types\/post"}],"author":[{"embeddable":true,"href":"https:\/\/usagers-transports.haut-allier.eu\/index.php\/wp-json\/wp\/v2\/users\/1"}],"replies":[{"embeddable":true,"href":"https:\/\/usagers-transports.haut-allier.eu\/index.php\/wp-json\/wp\/v2\/comments?post=343"}],"version-history":[{"count":0,"href":"https:\/\/usagers-transports.haut-allier.eu\/index.php\/wp-json\/wp\/v2\/posts\/343\/revisions"}],"wp:featuredmedia":[{"embeddable":true,"href":"https:\/\/usagers-transports.haut-allier.eu\/index.php\/wp-json\/wp\/v2\/media\/2008"}],"wp:attachment":[{"href":"https:\/\/usagers-transports.haut-allier.eu\/index.php\/wp-json\/wp\/v2\/media?parent=343"}],"wp:term":[{"taxonomy":"category","embeddable":true,"href":"https:\/\/usagers-transports.haut-allier.eu\/index.php\/wp-json\/wp\/v2\/categories?post=343"},{"taxonomy":"post_tag","embeddable":true,"href":"https:\/\/usagers-transports.haut-allier.eu\/index.php\/wp-json\/wp\/v2\/tags?post=343"}],"curies":[{"name":"wp","href":"https:\/\/api.w.org\/{rel}","templated":true}]}}