{"id":344,"date":"2016-11-04T11:39:06","date_gmt":"2016-11-04T10:39:06","guid":{"rendered":"http:\/\/5.45.101.177\/haut-allier\/usagers-transportse\/index.php\/2016\/11\/04\/20-ans-de-concurrence-regulee-pour344\/"},"modified":"2016-11-04T11:39:06","modified_gmt":"2016-11-04T10:39:06","slug":"20-ans-de-concurrence-regulee-pour344","status":"publish","type":"post","link":"https:\/\/usagers-transports.haut-allier.eu\/index.php\/2016\/11\/04\/20-ans-de-concurrence-regulee-pour344\/","title":{"rendered":"20 ans de concurrence r\u00e9gul\u00e9e pour les trains r\u00e9gionaux allemands"},"content":{"rendered":"<p>Tr\u00e8s int\u00e9ressant article de Transport Rail qui dresse un bilan de 20 ans d&rsquo;ouverture \u00e0 la concurrence pour les trains r\u00e9gionaux en Allemagne.<br \/>\n&nbsp;<br \/>\nLire ceci avec espoir : <a href=\"http:\/\/transportrail.canalblog.com\/pages\/allemagne---20-ans-de-concurrence-regionale\/34439173.html\"><strong> Allemagne &#8211;  20 ans de concurrence r\u00e9gionale<\/strong><\/a><br \/>\n&nbsp;<br \/>\nEt on en conclut que <strong>OUI il faut rapidement faire de m\u00eame en France<\/strong>, ce sera pour le b\u00e9n\u00e9fice de tous, s&rsquo;il n&rsquo;est pas trop tard, les usagers se d\u00e9tournant du train car consid\u00e9rant qu&rsquo;il n&rsquo;est plus fiable.<br \/>\n&nbsp;<br \/>\nT\u00e9moin ce professionnel de Perpignan qui \u00e9tait interview\u00e9 ce matin 3 novembre \u00e0 7 heures sur France Bleu Roussillon.<strong> Un responsable de transports qui venait de mettre 13 camions par jour sur les routes la SNCF ne r\u00e9pondant plus \u00e0 son attente. <\/strong> Voici la retranscription du sujet  :<br \/>\n&nbsp;<\/p>\n<p>[(<br \/>\nD\u00e9cid\u00e9ment on a un souci avec les trains dans les Pyr\u00e9n\u00e9es-Orientales\u00a0!<br \/>\n&nbsp;<br \/>\nOui la ligne grande vitesse entre Perpignan et Montpellier est vous le savez renvoy\u00e9e aux calendes grecques par les s\u00e9nateurs, le tunnel ferroviaire des Alb\u00e8res est au bord de la faillite et maintenant et bien plus qu&rsquo;un seul train de fret par jour entre le march\u00e9 Saint-Charles de Perpignan et  Rungis. Le deuxi\u00e8me vient d&rsquo;\u00eatre supprim\u00e9. Supprim\u00e9 \u00e0 cause des gr\u00e8ves \u00e0 r\u00e9p\u00e9tition. C&rsquo;est du moins l&rsquo;explication de Salim Cher le directeur d&rsquo;exploitation des transports Rocca, l&rsquo;un des exploitants donc de la ligne Perpignan Rungis.<br \/>\n&nbsp;<br \/>\n<strong>\u00ab\u00a0Quand il y a des probl\u00e8mes \u00e0 r\u00e9p\u00e9tition c&rsquo;est difficile d&rsquo;augmenter les prix ou de faire venir les clients. En sachant que on n&rsquo;est pas \u00e0 l&rsquo;abri que d&rsquo;ici une semaine ou deux semaines il y ait un train qui ne parte pas pour divers soucis. Voyez\u00a0? Soit une gr\u00e8ve&#8230; soit un accident de personne, un truc comme \u00e7a. Les gens n&rsquo;ont plus confiance en ce moyen de transport. Un exemple concret\u00a0: pendant un mois pour la loi El Khomri on a \u00e9t\u00e9 oblig\u00e9 de pas faire de trains parce que d\u00e9j\u00e0 il n&rsquo;y en avait pas et puis quand il y en avait un et bien on n&rsquo;\u00e9tait pas \u00e0 l&rsquo;abri qu&rsquo;un m\u00e9cano c&rsquo;est-\u00e0-dire un conducteur de train se mette en gr\u00e8ve une minute avant la prise de son poste, donc et bien le train on l&rsquo;a plus charg\u00e9 pendant un mois, et \u00e9conomiquement on s&rsquo;est&#8230; entre guillemets on s&rsquo;est bouff\u00e9 les roustons. \u00c7a doit repr\u00e9senter 10 millions d&rsquo;euros par an \u00e0 peu pr\u00e8s de chiffre d&rsquo;affaires. On a remplac\u00e9 le train par des camions tout simplement. 12 ou 13 camions \/ jour.\u00a0\u00bb<\/strong><br \/>\n&nbsp;<br \/>\nEt chaque jour 800 tonnes de fruits et l\u00e9gumes partent du march\u00e9 Saint-Charles direction Rungis donc d\u00e9sormais avec des camions \u00e0 la place du 2\u00e8me train. Pas tr\u00e8s \u00e9colo non plus tout \u00e7a&#8230;<br \/>\n&nbsp;<br \/>\n)]<br \/>\n&nbsp;<br \/>\n Mais il n&rsquo;y a pas que les professionnels qui n&rsquo;ont plus confiance, tout un chacun, \u00e0 chaque voyage en train, se pose d\u00e9sormais la question :<em> <strong>Vais-je arriver \u00e0 destination sans probl\u00e8me ?<\/strong><\/em><br \/>\n&nbsp; <\/p>\n","protected":false},"excerpt":{"rendered":"<p>Tr\u00e8s int\u00e9ressant article de Transport Rail qui dresse un bilan de 20 ans d&rsquo;ouverture \u00e0 la concurrence pour<\/p>\n","protected":false},"author":1,"featured_media":2009,"comment_status":"closed","ping_status":"open","sticky":false,"template":"","format":"standard","meta":{"footnotes":""},"categories":[3],"tags":[],"class_list":["post-344","post","type-post","status-publish","format-standard","has-post-thumbnail","hentry","category-en-train"],"_links":{"self":[{"href":"https:\/\/usagers-transports.haut-allier.eu\/index.php\/wp-json\/wp\/v2\/posts\/344","targetHints":{"allow":["GET"]}}],"collection":[{"href":"https:\/\/usagers-transports.haut-allier.eu\/index.php\/wp-json\/wp\/v2\/posts"}],"about":[{"href":"https:\/\/usagers-transports.haut-allier.eu\/index.php\/wp-json\/wp\/v2\/types\/post"}],"author":[{"embeddable":true,"href":"https:\/\/usagers-transports.haut-allier.eu\/index.php\/wp-json\/wp\/v2\/users\/1"}],"replies":[{"embeddable":true,"href":"https:\/\/usagers-transports.haut-allier.eu\/index.php\/wp-json\/wp\/v2\/comments?post=344"}],"version-history":[{"count":0,"href":"https:\/\/usagers-transports.haut-allier.eu\/index.php\/wp-json\/wp\/v2\/posts\/344\/revisions"}],"wp:featuredmedia":[{"embeddable":true,"href":"https:\/\/usagers-transports.haut-allier.eu\/index.php\/wp-json\/wp\/v2\/media\/2009"}],"wp:attachment":[{"href":"https:\/\/usagers-transports.haut-allier.eu\/index.php\/wp-json\/wp\/v2\/media?parent=344"}],"wp:term":[{"taxonomy":"category","embeddable":true,"href":"https:\/\/usagers-transports.haut-allier.eu\/index.php\/wp-json\/wp\/v2\/categories?post=344"},{"taxonomy":"post_tag","embeddable":true,"href":"https:\/\/usagers-transports.haut-allier.eu\/index.php\/wp-json\/wp\/v2\/tags?post=344"}],"curies":[{"name":"wp","href":"https:\/\/api.w.org\/{rel}","templated":true}]}}