{"id":345,"date":"2016-11-14T20:31:25","date_gmt":"2016-11-14T19:31:25","guid":{"rendered":"http:\/\/5.45.101.177\/haut-allier\/usagers-transportse\/index.php\/2016\/11\/14\/gare-tgv-inutile-de-manduel-les345\/"},"modified":"2026-09-01T15:54:02","modified_gmt":"2026-09-01T13:54:02","slug":"gare-tgv-inutile-de-manduel-les345","status":"publish","type":"post","link":"https:\/\/usagers-transports.haut-allier.eu\/index.php\/2016\/11\/14\/gare-tgv-inutile-de-manduel-les345\/","title":{"rendered":"Gare TGV inutile de Manduel : les \u00e9lus de l&rsquo;agglo de N\u00eemes en pleine com"},"content":{"rendered":"Apr\u00e8s les injonctions d&rsquo;il y a trois jours du pr\u00e9sident de la m\u00e9tropole de Montpellier Philippe Saurel qui demandait qu&rsquo;un coup de fouet soit donn\u00e9 par la SNCF pour construire cette gare TGV plus rapidement, car sans elle l&rsquo;inutile gare TGV de Montpellier la Mog\u00e8re ne verrait passer presqu&rsquo;aucun train lors de son inauguration, les \u00e9lus de l&rsquo;agglom\u00e9ration n\u00eemoise se voient oblig\u00e9s (remotiv\u00e9s par un appel de Manuel Valls, le grand copain de Saurel ?) d&rsquo;en remettre une couche ce lundi devant la presse m\u00e9dus\u00e9e (enfin si peu).\n&nbsp;\nEt donc appr\u00e9cions \u00e0 leur juste valeur les d\u00e9clarations de ces derniers qui d\u00e9fendent becs et ongles la gare mais aussi et surtout leur grand projet Magna Porta de zone d&rsquo;activit\u00e9s commerciales. Le grand projet du si\u00e8cle pour N\u00eemes pr\u00e9tendent ils. Bien entendu. \n&nbsp;\nEcoutons donc ces tristes pingouins pr\u00eats \u00e0 faire d\u00e9penser \u00e0 la collectivit\u00e9 des centaines de millions d&rsquo;euros sur France 3 Languedoc Roussillon au journal de 19 heures ce lundi 14 novembre :\n&nbsp;\n\n[(\nDans le Gard l&rsquo;on reparle de la future gare TGV de Manduel et de la ZAC environnante qui devrait voir le jour \u00e0 l&rsquo;horizon 2019. Des projets encore n\u00e9buleux qui divisent et qui faisaient aujourd&rsquo;hui l&rsquo;objet d&rsquo;une r\u00e9union du conseil communautaire \u00e0 N\u00eemes.\n&nbsp;\nIci dans ces champs \u00e0 c\u00f4t\u00e9 de la future gare de Manduel qui devrait ouvrir ses portes en 2019 une zone d&rsquo;am\u00e9nagement concert\u00e9e verra \u00e9galement le jour. Un projet qui fait r\u00eaver certains \u00e9lus de N\u00eemes M\u00e9tropole. \n&nbsp;\n<em>Frank Proust, maire par int\u00e9rim de N\u00eemes<\/em>\n<strong>\u00ab\u00a0Ce sera un projet \u00e9conomico touristique. Donc effectivement des entreprises, des investisseurs comme vous le savez sur des parcs th\u00e9matiques pour faire de ce projet de territoire le projet du 21\u00e8me si\u00e8cle pour notre d\u00e9partement.\u00a0\u00bb   <\/strong> \n&nbsp;\nAutre sujet de discussion la 3\u00e8me voie qui ne sera pas pr\u00eate avant 2021.\n&nbsp;\n<em>Yvan Lachaud, pr\u00e9sident de N\u00eemes M\u00e9tropole (UDI)<\/em>\n<strong>\u00ab\u00a0Ok nous on y va, on va cr\u00e9er l&rsquo;avenue de la gare\u00a0! C&rsquo;est grosso modo 7 \u00e0 8 millions d&rsquo;euros pour l&rsquo;agglom\u00e9ration. On va le faire pour \u00eatre pr\u00e9sent en 2019 \u00e0 une condition c&rsquo;est que SNCF s&rsquo;engage eux aussi \u00e0 faire la 3\u00e8me voie c&rsquo;est-\u00e0-dire une voie qui permettra \u00e0 nos concitoyens d&rsquo;acc\u00e9der directement de cette gare de Manduel \u00e0 la gare centre de N\u00eemes.\u00a0\u00bb    <\/strong> \n&nbsp;\nMais pour certains \u00e9lus de l&rsquo;opposition le projet reste encore trop vague.\n&nbsp;\n<em>Catherine Berni\u00e9-Boissard, conseill\u00e8re communautaire de N\u00eemes PCF<\/em>\n<strong>\u00ab\u00a0Est-ce que il ne faut pas r\u00e9\u00e9valuer l&rsquo;ensemble\u00a0? Et la gare et le projet d&rsquo;accompagnement Magna Porta\u00a0? Est-ce que Magna Porta la grande porte c&rsquo;est pas aujourd&rsquo;hui une grande illusion\u00a0?\u00a0Qui sont les investisseurs qui viendront s&rsquo;installer dans une zone o\u00f9 s&rsquo;arr\u00eatent au mieux 10 TGV par jour pendant plusieurs ann\u00e9es\u00a0? \u00bb  <\/strong> \n&nbsp;\n14 TGV exactement devraient desservir la gare de Manduel quotidiennement sur les 33 annonc\u00e9s initialement. \n)]\n\nLa vid\u00e9o :\n&nbsp;\n<a href=\"http:\/\/5.45.101.177\/haut-allier\/usagers-transportse\/wp-content\/uploads\/2016\/11\/usagers-transports-haut-allier-eu-f3-lr-14novembre2016-garetgvmanduel.mp4\">usagers-transports-haut-allier-eu-f3-lr-14novembre2016-garetgvmanduel.mp4<\/a><p>&nbsp;<\/p>\n\n\t<figure class=\"wp-block-gallery columns-1 is-cropped wp-block-gallery-1 is-layout-flex wp-block-gallery-is-layout-flex\">\n\t\t<ul class=\"blocks-gallery-grid\">\n\t\t\t<li class=\"blocks-gallery-item\">\n\t\t\t\t<figure>\n\t\t\t\t\t\t\t\t\t\t\t<img loading=\"lazy\" decoding=\"async\" width=\"500\" height=\"281\" src=\"http:\/\/5.45.101.177\/haut-allier\/usagers-transportse\/wp-content\/uploads\/2016\/11\/vlcsnap-2016-11-14-20h29m21s106.jpg\"\n\t\t\t\t\t\t alt=\"vlcsnap-2016-11-14-20h29m21s106.jpg\"\n\t\t\t\t\t\t data-id=\"2012\"\n\t\t\t\t\t\t data-full-url=\"http:\/\/5.45.101.177\/haut-allier\/usagers-transportse\/wp-content\/uploads\/2016\/11\/vlcsnap-2016-11-14-20h29m21s106.jpg\"\n\t\t\t\t\t\t data-link=\"http:\/\/5.45.101.177\/haut-allier\/usagers-transportse\/attachment-vlcsnap-2016-11-14-20h29m21s106-jpg\/\"\n\t\t\t\t\t\t class=\"wp-image-2012\" srcset=\"https:\/\/usagers-transports.haut-allier.eu\/wp-content\/uploads\/2016\/11\/vlcsnap-2016-11-14-20h29m21s106.jpg 500w, https:\/\/usagers-transports.haut-allier.eu\/wp-content\/uploads\/2016\/11\/vlcsnap-2016-11-14-20h29m21s106-300x169.jpg 300w\" sizes=\"auto, (max-width: 500px) 100vw, 500px\" \/>\n\t\t\t\t<\/figure>\n\t\t\t<\/li>\n\t\t<\/ul>\n\t<\/figure>\n","protected":false},"excerpt":{"rendered":"<p>Apr\u00e8s les injonctions d&rsquo;il y a trois jours du pr\u00e9sident de la m\u00e9tropole de Montpellier Philippe Saurel qui<\/p>\n","protected":false},"author":1,"featured_media":2010,"comment_status":"closed","ping_status":"open","sticky":false,"template":"","format":"standard","meta":{"footnotes":""},"categories":[3],"tags":[],"class_list":["post-345","post","type-post","status-publish","format-standard","has-post-thumbnail","hentry","category-en-train"],"_links":{"self":[{"href":"https:\/\/usagers-transports.haut-allier.eu\/index.php\/wp-json\/wp\/v2\/posts\/345","targetHints":{"allow":["GET"]}}],"collection":[{"href":"https:\/\/usagers-transports.haut-allier.eu\/index.php\/wp-json\/wp\/v2\/posts"}],"about":[{"href":"https:\/\/usagers-transports.haut-allier.eu\/index.php\/wp-json\/wp\/v2\/types\/post"}],"author":[{"embeddable":true,"href":"https:\/\/usagers-transports.haut-allier.eu\/index.php\/wp-json\/wp\/v2\/users\/1"}],"replies":[{"embeddable":true,"href":"https:\/\/usagers-transports.haut-allier.eu\/index.php\/wp-json\/wp\/v2\/comments?post=345"}],"version-history":[{"count":1,"href":"https:\/\/usagers-transports.haut-allier.eu\/index.php\/wp-json\/wp\/v2\/posts\/345\/revisions"}],"predecessor-version":[{"id":2013,"href":"https:\/\/usagers-transports.haut-allier.eu\/index.php\/wp-json\/wp\/v2\/posts\/345\/revisions\/2013"}],"wp:featuredmedia":[{"embeddable":true,"href":"https:\/\/usagers-transports.haut-allier.eu\/index.php\/wp-json\/wp\/v2\/media\/2010"}],"wp:attachment":[{"href":"https:\/\/usagers-transports.haut-allier.eu\/index.php\/wp-json\/wp\/v2\/media?parent=345"}],"wp:term":[{"taxonomy":"category","embeddable":true,"href":"https:\/\/usagers-transports.haut-allier.eu\/index.php\/wp-json\/wp\/v2\/categories?post=345"},{"taxonomy":"post_tag","embeddable":true,"href":"https:\/\/usagers-transports.haut-allier.eu\/index.php\/wp-json\/wp\/v2\/tags?post=345"}],"curies":[{"name":"wp","href":"https:\/\/api.w.org\/{rel}","templated":true}]}}