{"id":346,"date":"2016-11-23T20:10:36","date_gmt":"2016-11-23T19:10:36","guid":{"rendered":"http:\/\/5.45.101.177\/haut-allier\/usagers-transportse\/index.php\/2016\/11\/23\/gare-de-langeac-la-sncf-veut346\/"},"modified":"2016-11-23T20:10:36","modified_gmt":"2016-11-23T19:10:36","slug":"gare-de-langeac-la-sncf-veut346","status":"publish","type":"post","link":"https:\/\/usagers-transports.haut-allier.eu\/index.php\/2016\/11\/23\/gare-de-langeac-la-sncf-veut346\/","title":{"rendered":"Gare de Langeac : la SNCF veut fermer le guichet d\u00e9but 2017 ! [P\u00e9tition \u00e0 signer ici]"},"content":{"rendered":"<p>Elle veut la fermer cette ligne des C\u00e9vennes et elle en prend tous les moyens, directs ou d\u00e9tourn\u00e9s. L\u00e0 c&rsquo;est direct : la vendeuse de billets leur co\u00fbte trop cher !<br \/>\n&nbsp;<br \/>\nApr\u00e8s les fermetures de guichets c\u00f4t\u00e9 Loz\u00e8re et Gard, \u00e0 Labastide Saint-Laurent, \u00e0 Chapeauroux, c\u00f4t\u00e9 Haute-Loire il y a peu, \u00e0 Monistrol d&rsquo;Allier et Saint-Georges d&rsquo;Aurac, c&rsquo;est vrai qu&rsquo;il manquait Langeac qui n&rsquo;a pas besoin de guichet non plus ! Celui de Langogne est aussi d&rsquo;ailleurs menac\u00e9 depuis plusieurs mois.<br \/>\n&nbsp;<br \/>\nTout le monde, \u00e9colier, personnes \u00e2g\u00e9es, dispose d&rsquo;Internet, d&rsquo;un smartphone, d&rsquo;une carte bleue, et d&rsquo;un abonnement 20 Go pour t\u00e9l\u00e9charger l&rsquo;application SNCF Voyages qui outre la d\u00e9livrance de billets va vous envoyer une tonne de publicit\u00e9s non sollicit\u00e9es. C&rsquo;est \u00e9vident.<br \/>\n&nbsp;<br \/>\nLa CGT Cheminots de Haute-Loire vient de lancer une p\u00e9tition, papier, il faut se rendre dans la gare m\u00eame pour la signer. Nous en reproduisons donc le contenu ci-dessous et vous pouvez la signer sur cette page. Nous transmettrons \u00e0 la direction SNCF \u00e9galement.<br \/>\n&nbsp;<br \/>\nEventuellement vous pouvez envoyer un mail au contact signal\u00e9 sur la p\u00e9tition <a href=\"mailto:cgtcheminotshl@gmail.com\"><strong>ici<\/strong><\/a>.<br \/>\n&nbsp;<\/p>\n","protected":false},"excerpt":{"rendered":"<p>Elle veut la fermer cette ligne des C\u00e9vennes et elle en prend tous les moyens, directs ou d\u00e9tourn\u00e9s.<\/p>\n","protected":false},"author":1,"featured_media":2014,"comment_status":"closed","ping_status":"open","sticky":false,"template":"","format":"standard","meta":{"footnotes":""},"categories":[3],"tags":[],"class_list":["post-346","post","type-post","status-publish","format-standard","has-post-thumbnail","hentry","category-en-train"],"_links":{"self":[{"href":"https:\/\/usagers-transports.haut-allier.eu\/index.php\/wp-json\/wp\/v2\/posts\/346","targetHints":{"allow":["GET"]}}],"collection":[{"href":"https:\/\/usagers-transports.haut-allier.eu\/index.php\/wp-json\/wp\/v2\/posts"}],"about":[{"href":"https:\/\/usagers-transports.haut-allier.eu\/index.php\/wp-json\/wp\/v2\/types\/post"}],"author":[{"embeddable":true,"href":"https:\/\/usagers-transports.haut-allier.eu\/index.php\/wp-json\/wp\/v2\/users\/1"}],"replies":[{"embeddable":true,"href":"https:\/\/usagers-transports.haut-allier.eu\/index.php\/wp-json\/wp\/v2\/comments?post=346"}],"version-history":[{"count":0,"href":"https:\/\/usagers-transports.haut-allier.eu\/index.php\/wp-json\/wp\/v2\/posts\/346\/revisions"}],"wp:featuredmedia":[{"embeddable":true,"href":"https:\/\/usagers-transports.haut-allier.eu\/index.php\/wp-json\/wp\/v2\/media\/2014"}],"wp:attachment":[{"href":"https:\/\/usagers-transports.haut-allier.eu\/index.php\/wp-json\/wp\/v2\/media?parent=346"}],"wp:term":[{"taxonomy":"category","embeddable":true,"href":"https:\/\/usagers-transports.haut-allier.eu\/index.php\/wp-json\/wp\/v2\/categories?post=346"},{"taxonomy":"post_tag","embeddable":true,"href":"https:\/\/usagers-transports.haut-allier.eu\/index.php\/wp-json\/wp\/v2\/tags?post=346"}],"curies":[{"name":"wp","href":"https:\/\/api.w.org\/{rel}","templated":true}]}}