{"id":347,"date":"2016-11-28T21:26:54","date_gmt":"2016-11-28T20:26:54","guid":{"rendered":"http:\/\/5.45.101.177\/haut-allier\/usagers-transportse\/index.php\/2016\/11\/28\/chouette-la-region-occitanie-nous347\/"},"modified":"2016-11-28T21:26:54","modified_gmt":"2016-11-28T20:26:54","slug":"chouette-la-region-occitanie-nous347","status":"publish","type":"post","link":"https:\/\/usagers-transports.haut-allier.eu\/index.php\/2016\/11\/28\/chouette-la-region-occitanie-nous347\/","title":{"rendered":"Chouette ! La r\u00e9gion Occitanie nous invite \u00e0 un de ses spectacles"},"content":{"rendered":"<p>La pi\u00e8ce de th\u00e9\u00e2tre s&rsquo;intitule :<br \/>\n&nbsp;<\/p>\n<h4><strong>Restitution<\/h4>\n<p><\/strong><\/p>\n<h4><strong>des Etats g\u00e9n\u00e9raux du rail et de l&rsquo;Intermodalit\u00e9<\/h4>\n<p><\/strong><\/p>\n<p>&nbsp;<br \/>\nLe spectacle se joue \u00e0 Toulouse le mercredi 14 d\u00e9cembre \u00e0 16 heures \u00e0 l&rsquo;h\u00f4tel de R\u00e9gion (pour \u00e9vincer sans doute les associations et collectifs dont les membres travaillent en journ\u00e9e et pourraient venir en fin d&rsquo;apr\u00e8s midi, m\u00eame en pleine semaine).<br \/>\n&nbsp;<br \/>\nOh ne vous inqui\u00e9tez pas Madame Delga, vous ne serez pas nombreux, sans doute cela se passera-t-il entre vous, avec vos amis les \u00e9lus fr\u00e9quentables. Vous n&rsquo;y verrez pas en tous cas notre collectif qui a particip\u00e9 \u00e0 deux des r\u00e9unions de votre grande tourn\u00e9e g\u00e9n\u00e9rale, \u00e0 N\u00eemes et Mende. Nous avons compris avoir particip\u00e9 \u00e0 une op\u00e9ration de com, c&rsquo;est tout.<br \/>\n&nbsp;<br \/>\nEt malgr\u00e9 vos beaux discours et belles attitudes, l&rsquo;am\u00e9lioration des trains du quotidien etc&#8230; nous avons bien compris que vous allez financer les inutiles gares TGV de N\u00eemes et Montpellier, et que le gros du budget va y passer.<br \/>\n&nbsp;<br \/>\n<strong>Si par hasard il vous venait \u00e0 l&rsquo;esprit d&rsquo;\u00e9couter r\u00e9ellement les usagers des territoires ruraux vous prendriez les d\u00e9cisions courageuses suivantes :<\/strong><br \/>\n&nbsp;<br \/>\n&#8211; Stopper le financement des deux gares TGV inutiles de N\u00eemes et Montpellier et attribuer ces finances pour les&#8230;<br \/>\n&#8211; R\u00e9ouverture de la ligne ferroviaire Al\u00e8s Bess\u00e8ges avec des fr\u00e9quences adapt\u00e9es aux usagers qui travaillent,<br \/>\n&#8211; R\u00e9ouverture aux voyageurs de la ligne Lyon &#8211; N\u00eemes par la rive gauche du Rh\u00f4ne,<br \/>\n&#8211; R\u00e9ouverture et am\u00e9nagement adapt\u00e9 de la ligne Carcassonne Quillan Limoux,<br \/>\n&#8211; R\u00e9activation avec des fr\u00e9quences de train correctes pour les usagers de la ligne Labastide St Laurent les Bains &#8211; Mende &#8211; Marvejols,<br \/>\n&#8211; Poursuite et am\u00e9lioration du service ferroviaire sur B\u00e9ziers Millau Saint-Ch\u00e9ly d&rsquo;Apcher,<br \/>\n&#8211; Cr\u00e9ation d&rsquo;un train navette toute l&rsquo;ann\u00e9e dans les gorges du haut Allier entre Labastide Saint-Laurent les Bains Langogne Chapeauroux Alleyras Monistrol d&rsquo;Allier Langeac et Saint-Georges d&rsquo;Aurac, et suppression des bus de substitution (en partenariat avec la r\u00e9gion Rh\u00f4ne Alpes Auvergne),<br \/>\n&#8211; Application du tarif \u00e0 un euro sur toutes les lignes r\u00e9gionales y compris Chapeauroux &#8211; Labastide Saint-Laurent les Bains qui en est exclu.<br \/>\n&#8211; Mise en place de distributeurs de billets dans tous les trains.<br \/>\n&#8211; Mise en place de prises \u00e9lectriques dans tous les trains.<br \/>\n&#8211; Respect des usagers avec un service de toilettes fonctionnel, une mise \u00e0 disposition d&rsquo;eau potable dans tous les trains r\u00e9gionaux.<br \/>\n&#8211; Mise en place d&rsquo;un contr\u00f4le r\u00e9gional syst\u00e9matique sur la ponctualit\u00e9 des trains r\u00e9gionaux g\u00e9r\u00e9s par la SNCF avec les p\u00e9nalit\u00e9s financi\u00e8res ad\u00e9quates. Il s&rsquo;agit d&rsquo;argent public.<br \/>\n&#8211; Poursuite de l&rsquo;aide financi\u00e8re sur l&rsquo;infrastructure, le r\u00e9seau ferr\u00e9 r\u00e9gional.<\/p>\n<p>&nbsp;<br \/>\nSi telles \u00e9taient vos d\u00e9cisions vous reverriez sans doute beaucoup d&rsquo;usagers dans vos trains sur votre si grand territoire.<br \/>\n&nbsp;<\/p>\n<p><img loading=\"lazy\" decoding=\"async\" class=\" aligncenter size-full wp-image-2016\" src=\"http:\/\/5.45.101.177\/haut-allier\/usagers-transportse\/wp-content\/uploads\/2016\/11\/invit.png\" alt=\"invit.png\" align=\"center\" width=\"672\" height=\"750\" srcset=\"https:\/\/usagers-transports.haut-allier.eu\/wp-content\/uploads\/2016\/11\/invit.png 672w, https:\/\/usagers-transports.haut-allier.eu\/wp-content\/uploads\/2016\/11\/invit-269x300.png 269w\" sizes=\"auto, (max-width: 672px) 100vw, 672px\" \/><\/p>\n<p>&nbsp;<\/p>\n<p><strong>Trop chouette !<\/strong><br \/>\n&nbsp;<br \/>\nNous apprenons \u00e0 l&rsquo;instant que la c\u00e9r\u00e9monie sera retransmise en direct \u00e0 la t\u00e9l\u00e9, enfin sur le site  <a href=\"http:\/\/www.laregion.fr \">www.laregion.fr <\/a> . Trop fort.<\/p>\n","protected":false},"excerpt":{"rendered":"<p>La pi\u00e8ce de th\u00e9\u00e2tre s&rsquo;intitule : &nbsp; Restitution des Etats g\u00e9n\u00e9raux du rail et de l&rsquo;Intermodalit\u00e9 &nbsp; Le<\/p>\n","protected":false},"author":1,"featured_media":2015,"comment_status":"closed","ping_status":"open","sticky":false,"template":"","format":"standard","meta":{"footnotes":""},"categories":[3],"tags":[],"class_list":["post-347","post","type-post","status-publish","format-standard","has-post-thumbnail","hentry","category-en-train"],"_links":{"self":[{"href":"https:\/\/usagers-transports.haut-allier.eu\/index.php\/wp-json\/wp\/v2\/posts\/347","targetHints":{"allow":["GET"]}}],"collection":[{"href":"https:\/\/usagers-transports.haut-allier.eu\/index.php\/wp-json\/wp\/v2\/posts"}],"about":[{"href":"https:\/\/usagers-transports.haut-allier.eu\/index.php\/wp-json\/wp\/v2\/types\/post"}],"author":[{"embeddable":true,"href":"https:\/\/usagers-transports.haut-allier.eu\/index.php\/wp-json\/wp\/v2\/users\/1"}],"replies":[{"embeddable":true,"href":"https:\/\/usagers-transports.haut-allier.eu\/index.php\/wp-json\/wp\/v2\/comments?post=347"}],"version-history":[{"count":0,"href":"https:\/\/usagers-transports.haut-allier.eu\/index.php\/wp-json\/wp\/v2\/posts\/347\/revisions"}],"wp:featuredmedia":[{"embeddable":true,"href":"https:\/\/usagers-transports.haut-allier.eu\/index.php\/wp-json\/wp\/v2\/media\/2015"}],"wp:attachment":[{"href":"https:\/\/usagers-transports.haut-allier.eu\/index.php\/wp-json\/wp\/v2\/media?parent=347"}],"wp:term":[{"taxonomy":"category","embeddable":true,"href":"https:\/\/usagers-transports.haut-allier.eu\/index.php\/wp-json\/wp\/v2\/categories?post=347"},{"taxonomy":"post_tag","embeddable":true,"href":"https:\/\/usagers-transports.haut-allier.eu\/index.php\/wp-json\/wp\/v2\/tags?post=347"}],"curies":[{"name":"wp","href":"https:\/\/api.w.org\/{rel}","templated":true}]}}